{"id":3214,"date":"2015-02-02T06:00:01","date_gmt":"2015-02-02T06:00:01","guid":{"rendered":"http:\/\/www.pr-nord.de\/newsroom\/?p=3214"},"modified":"2020-05-28T15:27:30","modified_gmt":"2020-05-28T13:27:30","slug":"dimmbares-glas-verschattung-mit-freier-sicht","status":"publish","type":"post","link":"https:\/\/www.pr-neu.de\/newsroom\/dimmbares-glas-verschattung-mit-freier-sicht\/","title":{"rendered":"Dimmbares Glas: Verschattung mit freier Sicht"},"content":{"rendered":"<p><u>EControl-Glas auf der R+T: Halle 3\/Stand D62<\/u><\/p>\n<p>Dimmbares Sonnenschutzglas: Intelligente Verschattung mit Tageslicht<\/p>\n<p><strong>Das dimmbare Sonnenschutzglas ECONTROL ist eine Symbiose aus Funktionalit\u00e4t und \u00c4sthetik. Es reduziert den solaren W\u00e4rmedurchlass bis zu 90 Prozent, Jalousien und Raffstoren werden \u00fcberfl\u00fcssig. Die freie Sicht nach drau\u00dfen ist ungest\u00f6rt und die R\u00e4ume bleiben hell. Die Tageslichttransmission variiert je nach Aufbau zwischen 55 und 9 Prozent. Das Glas l\u00e4sst sich entsprechend der individuellen Nutzerbed\u00fcrfnisse anpassen und sorgt somit ganzj\u00e4hrig f\u00fcr ein angenehmes Raumklima. Auf der R+T (24. bis 28. Februar in Stuttgart) stellt EControl-Glas seine dimmbare Verglasung erstmals auf einer reinen Sonnenschutzmesse vor: Halle 3, Stand D62.<\/strong><\/p>\n<p>Sonnenschutz spielt sowohl bei B\u00fcro- und Industriegeb\u00e4uden mit einem hohen Glasanteil in der Fassade als auch im klassischen Wintergarten eine herausragende Rolle. \u00dcblicherweise sorgt hier eine Kombination aus Isolierglas und mechanischer Verschattung f\u00fcr eine Reduktion des solaren W\u00e4rmeeintrags. Nachteile des klassischen Modells: F\u00fcr die Verschattungsanlage entstehen nicht nur Betriebs- und Wartungskosten, sie versperrt bei sch\u00f6nstem blauen Himmel zugleich den freien Blick nach drau\u00dfen.<\/p>\n<p><strong>ECONTROL macht Verschattung \u00fcberfl\u00fcssig<\/strong><\/p>\n<p>Eines unserer heutigen Zivilisationsprobleme ist der Mangel an Tageslicht. Wir arbeiten haupts\u00e4chlich in B\u00fcros und Industriehallen und verbringen auch in unserer Freizeit viel Zeit in geschlossenen R\u00e4umen. Um uns hier vor raumaufheizender Sonneneinstrahlung zu sch\u00fctzen, verstecken wir uns dann noch hinter Jalousien, Markisen und Rollos und lassen uns von ihnen das nat\u00fcrliche Licht rauben.<\/p>\n<p>Das dimmbare Sonnenschutzglas ECONTROL ist eine intelligente Alternative zu herk\u00f6mmlichen Verschattungssystemen und sorgt gerade in Winterg\u00e4rten und Fassaden f\u00fcr Helligkeit und dauerhaft freie Sicht nach drau\u00dfen. Die Tageslichttransmission des Glases kann je nach Witterung flexibel an die Nutzerbed\u00fcrfnisse angepasst werden: je nach Isolierglastyp und Aufbau variiert sie zwischen 55 und 9 Prozent. Weitere Vorteile: Auch in komplett eingef\u00e4rbtem Zustand gelangt gen\u00fcgend Tageslicht ins Rauminnere, sodass weniger Kunstlicht ben\u00f6tigt wird als bei herk\u00f6mmlich verschatteten R\u00e4umen. Das sorgt nicht nur f\u00fcr mehr Vitalit\u00e4t, sondern spart gleichzeitig Stromkosten.<\/p>\n<p>F\u00fcr ein ganzj\u00e4hrig angenehmes Raumklima sorgt der variable g-Wert des Glases. Er variiert beim Zweifach-Isolierglas (ECONTROL 55\/12) zwischen 12 und 40 Prozent. Im Dreifach-Aufbau (ECONTROL 48\/9) l\u00e4sst er sich sogar auf bis zu 9 Prozent senken. So kann die raumaufheizende Sonnenenergie im Sommer (bei h\u00f6chster Dimmung) \u201eausgesperrt\u201c werden, w\u00e4hrend sie im Winter (bei niedrigster Dimmstufe) ins Geb\u00e4udeinnere gelangt. Der gute Ug-Wert (1,1 W\/m\u00b2K im Zweifachaufbau, 0,5 W\/m\u00b2K im Dreifachaufbau) vermindert wie gewohnt winterliche Heizw\u00e4rmeverluste.<\/p>\n<p>Dass dimmbares Sonnenschutzglas den Vergleich mit herk\u00f6mmlichen Verschattungssystemen nicht zu scheuen braucht, zeigt die Firma EControl-Glas (Plauen) vom 24. bis 28. Februar auf der Messe R + T in Stuttgart.<\/p>\n<hr noshade=\"noshade\" size=\"1\" \/>\n<table style=\"height: 600px;\" border=\"0\" width=\"641\" cellspacing=\"0\" cellpadding=\"0\">\n<tbody>\n<tr>\n<td valign=\"top\" width=\"370\" height=\"200\"><a href=\"http:\/\/www.pr-neu.de\/newsroom\/wordpress\/wp-content\/uploads\/2015\/02\/15-01_Fassade_G-1.jpg\"><img loading=\"lazy\" decoding=\"async\" class=\"size-medium wp-image-12800\" src=\"http:\/\/www.pr-neu.de\/newsroom\/wordpress\/wp-content\/uploads\/2015\/02\/15-01_Fassade_G-1-300x201.jpg\" alt=\"\" width=\"300\" height=\"201\" srcset=\"https:\/\/www.pr-neu.de\/newsroom\/wordpress\/wp-content\/uploads\/2015\/02\/15-01_Fassade_G-1-300x201.jpg 300w, https:\/\/www.pr-neu.de\/newsroom\/wordpress\/wp-content\/uploads\/2015\/02\/15-01_Fassade_G-1-1024x687.jpg 1024w, https:\/\/www.pr-neu.de\/newsroom\/wordpress\/wp-content\/uploads\/2015\/02\/15-01_Fassade_G-1-768x516.jpg 768w, https:\/\/www.pr-neu.de\/newsroom\/wordpress\/wp-content\/uploads\/2015\/02\/15-01_Fassade_G-1-1536x1031.jpg 1536w, https:\/\/www.pr-neu.de\/newsroom\/wordpress\/wp-content\/uploads\/2015\/02\/15-01_Fassade_G-1-110x74.jpg 110w, https:\/\/www.pr-neu.de\/newsroom\/wordpress\/wp-content\/uploads\/2015\/02\/15-01_Fassade_G-1-420x282.jpg 420w, https:\/\/www.pr-neu.de\/newsroom\/wordpress\/wp-content\/uploads\/2015\/02\/15-01_Fassade_G-1-641x430.jpg 641w, https:\/\/www.pr-neu.de\/newsroom\/wordpress\/wp-content\/uploads\/2015\/02\/15-01_Fassade_G-1.jpg 1795w\" sizes=\"auto, (max-width: 300px) 100vw, 300px\" \/><\/a><\/td>\n<td colspan=\"3\" height=\"200\">Das dimmbare Sonnenschutzglas ECONTROL sorgt f\u00fcr Verschattung.<\/p>\n<p>Foto: EControl-Glas<\/td>\n<\/tr>\n<tr>\n<td valign=\"top\" width=\"370\" height=\"200\"><a href=\"http:\/\/www.pr-neu.de\/newsroom\/wordpress\/wp-content\/uploads\/2015\/02\/15-01_Wintergarten_G-1.jpg\"><img loading=\"lazy\" decoding=\"async\" class=\"size-medium wp-image-12801\" src=\"http:\/\/www.pr-neu.de\/newsroom\/wordpress\/wp-content\/uploads\/2015\/02\/15-01_Wintergarten_G-1-300x245.jpg\" alt=\"\" width=\"300\" height=\"245\" srcset=\"https:\/\/www.pr-neu.de\/newsroom\/wordpress\/wp-content\/uploads\/2015\/02\/15-01_Wintergarten_G-1-300x245.jpg 300w, https:\/\/www.pr-neu.de\/newsroom\/wordpress\/wp-content\/uploads\/2015\/02\/15-01_Wintergarten_G-1-1024x837.jpg 1024w, https:\/\/www.pr-neu.de\/newsroom\/wordpress\/wp-content\/uploads\/2015\/02\/15-01_Wintergarten_G-1-768x628.jpg 768w, https:\/\/www.pr-neu.de\/newsroom\/wordpress\/wp-content\/uploads\/2015\/02\/15-01_Wintergarten_G-1-1536x1256.jpg 1536w, https:\/\/www.pr-neu.de\/newsroom\/wordpress\/wp-content\/uploads\/2015\/02\/15-01_Wintergarten_G-1-110x90.jpg 110w, https:\/\/www.pr-neu.de\/newsroom\/wordpress\/wp-content\/uploads\/2015\/02\/15-01_Wintergarten_G-1-420x343.jpg 420w, https:\/\/www.pr-neu.de\/newsroom\/wordpress\/wp-content\/uploads\/2015\/02\/15-01_Wintergarten_G-1-526x430.jpg 526w, https:\/\/www.pr-neu.de\/newsroom\/wordpress\/wp-content\/uploads\/2015\/02\/15-01_Wintergarten_G-1.jpg 1795w\" sizes=\"auto, (max-width: 300px) 100vw, 300px\" \/><\/a><\/td>\n<td colspan=\"3\" height=\"200\">Die Intensit\u00e4t der Dimmung kann je nach Witterung flexibel an die Nutzerbed\u00fcrfnisse angepasst werden \u2013 der Blick nach drau\u00dfen bleibt jederzeit erhalten.<\/p>\n<p>Foto: EControl-Glas<\/td>\n<\/tr>\n<\/tbody>\n<\/table>\n<hr noshade=\"noshade\" size=\"1\" \/>\n<p>Abdruck honorarfrei, Belegexemplar erbeten<\/p>\n<p><strong>R\u00fcckfragen beantwortet gern<\/strong><\/p>\n<table width=\"532\">\n<tbody>\n<tr>\n<td valign=\"top\" width=\"260\" height=\"25\"><strong>EControl-Glas<\/strong> GmbH &amp; Co. KG<br \/>\nNadine Witt<br \/>\nTel.: +49(0)3741\/14820-116<br \/>\nFax: +49(0)3741\/14820-150<br \/>\nE-Mail: <a href=\"&#x6d;&#97;&#x69;&#108;t&#x6f;&#58;p&#x72;&#101;&#x73;&#x73;e&#x40;&#101;c&#x6f;&#110;&#x74;&#x72;o&#x6c;&#45;g&#x6c;&#97;s&#x2e;&#100;&#x65;\">&#x70;&#x72;&#x65;&#115;&#115;e&#64;&#x65;&#x63;&#x6f;&#x6e;&#116;&#114;ol&#x2d;&#x67;&#x6c;&#97;&#115;&#46;de<\/a><\/td>\n<td colspan=\"3\" valign=\"top\" width=\"260\" height=\"21\"><\/td>\n<\/tr>\n<\/tbody>\n<\/table>\n","protected":false},"excerpt":{"rendered":"<p>EControl-Glas auf der R+T: Halle 3\/Stand D62 Dimmbares Sonnenschutzglas: Intelligente Verschattung mit Tageslicht Das dimmbare Sonnenschutzglas ECONTROL ist eine Symbiose aus Funktionalit\u00e4t und \u00c4sthetik. Es reduziert den solaren W\u00e4rmedurchlass bis zu 90 Prozent, Jalousien und Raffstoren werden \u00fcberfl\u00fcssig. Die freie Sicht nach drau\u00dfen ist ungest\u00f6rt und die R\u00e4ume bleiben hell. Die Tageslichttransmission variiert je nach [&hellip;]<\/p>\n","protected":false},"author":6,"featured_media":7797,"comment_status":"closed","ping_status":"open","sticky":false,"template":"","format":"standard","meta":{"footnotes":""},"categories":[25,3],"tags":[],"class_list":["post-3214","post","type-post","status-publish","format-standard","has-post-thumbnail","hentry","category-econtrol","category-kundenmeldungen"],"_links":{"self":[{"href":"https:\/\/www.pr-neu.de\/newsroom\/wp-json\/wp\/v2\/posts\/3214","targetHints":{"allow":["GET"]}}],"collection":[{"href":"https:\/\/www.pr-neu.de\/newsroom\/wp-json\/wp\/v2\/posts"}],"about":[{"href":"https:\/\/www.pr-neu.de\/newsroom\/wp-json\/wp\/v2\/types\/post"}],"author":[{"embeddable":true,"href":"https:\/\/www.pr-neu.de\/newsroom\/wp-json\/wp\/v2\/users\/6"}],"replies":[{"embeddable":true,"href":"https:\/\/www.pr-neu.de\/newsroom\/wp-json\/wp\/v2\/comments?post=3214"}],"version-history":[{"count":5,"href":"https:\/\/www.pr-neu.de\/newsroom\/wp-json\/wp\/v2\/posts\/3214\/revisions"}],"predecessor-version":[{"id":12802,"href":"https:\/\/www.pr-neu.de\/newsroom\/wp-json\/wp\/v2\/posts\/3214\/revisions\/12802"}],"wp:featuredmedia":[{"embeddable":true,"href":"https:\/\/www.pr-neu.de\/newsroom\/wp-json\/wp\/v2\/media\/7797"}],"wp:attachment":[{"href":"https:\/\/www.pr-neu.de\/newsroom\/wp-json\/wp\/v2\/media?parent=3214"}],"wp:term":[{"taxonomy":"category","embeddable":true,"href":"https:\/\/www.pr-neu.de\/newsroom\/wp-json\/wp\/v2\/categories?post=3214"},{"taxonomy":"post_tag","embeddable":true,"href":"https:\/\/www.pr-neu.de\/newsroom\/wp-json\/wp\/v2\/tags?post=3214"}],"curies":[{"name":"wp","href":"https:\/\/api.w.org\/{rel}","templated":true}]}}