{"id":321,"date":"2010-11-01T14:11:54","date_gmt":"2010-11-01T13:11:54","guid":{"rendered":"http:\/\/www.pr-nord.de\/newsroom\/?p=321"},"modified":"2020-05-28T16:20:47","modified_gmt":"2020-05-28T14:20:47","slug":"rundum-schutz-turen-und-tore-fur-hohe-sicherheit","status":"publish","type":"post","link":"https:\/\/www.pr-neu.de\/newsroom\/rundum-schutz-turen-und-tore-fur-hohe-sicherheit\/","title":{"rendered":"Rundum-Schutz: T\u00fcren und Tore f\u00fcr hohe Sicherheit"},"content":{"rendered":"<p>Schallschutz, Einbruchschutz, Brand- und Rauchschutz, K\u00e4lte- und W\u00e4rmeschutz, Schutz vor Sturm \u2013 T\u00fcren und Tore leisten heute mehr, als nur Durchg\u00e4nge zu verschlie\u00dfen. Auf der BAU zeigt Teckentrup neue L\u00f6sungen f\u00fcr nahezu jede Anforderung bis zur beschusshemmenden T\u00fcr. Au\u00dferdem zeigt das Unternehmen auf Stand 321 in Halle B3 das breite Tor-Portfolio vom Falttor bis zum hochw\u00e4rmed\u00e4mmenden und sturmsicheren Tor \u201eSW 80\u201c sowie das neu auf Bauherren ausgerichtete Garagentor-Angebot.<\/p>\n","protected":false},"excerpt":{"rendered":"<p>Schallschutz, Einbruchschutz, Brand- und Rauchschutz, K\u00e4lte- und W\u00e4rmeschutz, Schutz vor Sturm \u2013 T\u00fcren und Tore leisten heute mehr, als nur Durchg\u00e4nge zu verschlie\u00dfen. Auf der BAU zeigt Teckentrup neue L\u00f6sungen f\u00fcr nahezu jede Anforderung bis zur beschusshemmenden T\u00fcr. Au\u00dferdem zeigt das Unternehmen auf Stand 321 in Halle B3 das breite Tor-Portfolio vom Falttor bis zum [&hellip;]<\/p>\n","protected":false},"author":6,"featured_media":0,"comment_status":"closed","ping_status":"open","sticky":false,"template":"","format":"standard","meta":{"footnotes":""},"categories":[3,6,18],"tags":[73,94,151,217,312,354,423,443,466,552,557,565,577,589,590,622],"class_list":["post-321","post","type-post","status-publish","format-standard","hentry","category-kundenmeldungen","category-messen","category-teckentrup","tag-bau","tag-brandschutz","tag-einreuchsschutz","tag-garage","tag-kalteschutz","tag-messe","tag-rauchschutz","tag-schallschutz","tag-sicherheit","tag-sturmschutz","tag-sw-80","tag-teckentrup","tag-tor","tag-tur","tag-tur-tor","tag-warmeschutz"],"_links":{"self":[{"href":"https:\/\/www.pr-neu.de\/newsroom\/wp-json\/wp\/v2\/posts\/321","targetHints":{"allow":["GET"]}}],"collection":[{"href":"https:\/\/www.pr-neu.de\/newsroom\/wp-json\/wp\/v2\/posts"}],"about":[{"href":"https:\/\/www.pr-neu.de\/newsroom\/wp-json\/wp\/v2\/types\/post"}],"author":[{"embeddable":true,"href":"https:\/\/www.pr-neu.de\/newsroom\/wp-json\/wp\/v2\/users\/6"}],"replies":[{"embeddable":true,"href":"https:\/\/www.pr-neu.de\/newsroom\/wp-json\/wp\/v2\/comments?post=321"}],"version-history":[{"count":3,"href":"https:\/\/www.pr-neu.de\/newsroom\/wp-json\/wp\/v2\/posts\/321\/revisions"}],"predecessor-version":[{"id":13055,"href":"https:\/\/www.pr-neu.de\/newsroom\/wp-json\/wp\/v2\/posts\/321\/revisions\/13055"}],"wp:attachment":[{"href":"https:\/\/www.pr-neu.de\/newsroom\/wp-json\/wp\/v2\/media?parent=321"}],"wp:term":[{"taxonomy":"category","embeddable":true,"href":"https:\/\/www.pr-neu.de\/newsroom\/wp-json\/wp\/v2\/categories?post=321"},{"taxonomy":"post_tag","embeddable":true,"href":"https:\/\/www.pr-neu.de\/newsroom\/wp-json\/wp\/v2\/tags?post=321"}],"curies":[{"name":"wp","href":"https:\/\/api.w.org\/{rel}","templated":true}]}}