{"id":3206,"date":"2015-01-19T13:50:55","date_gmt":"2015-01-19T13:50:55","guid":{"rendered":"http:\/\/www.pr-nord.de\/newsroom\/?p=3206"},"modified":"2020-05-28T15:33:48","modified_gmt":"2020-05-28T13:33:48","slug":"aus-hemmstone-und-neumeyer-brigl-wird-verostone","status":"publish","type":"post","link":"https:\/\/www.pr-neu.de\/newsroom\/aus-hemmstone-und-neumeyer-brigl-wird-verostone\/","title":{"rendered":"Aus Hemmstone und Neumeyer &#038; Brigl wird VeroStone"},"content":{"rendered":"<p><u>Sto-Natursteinspezialisten b\u00fcndeln ihre Kr\u00e4fte<\/u><\/p>\n<p><strong>Seit Januar 2015 firmieren die internationalen Naturstein-Spezialisten Neumeyer &amp; Brigl (Eichst\u00e4tt) und Hemmstone (Kirchheim) als neues Gemeinschaftsunternehmen unter dem Namen VeroStone GmbH. Das Tochterunternehmen der Verotec GmbH (Lauingen) bietet ein gemeinsames Produktportfolio f\u00fcr Architekten, Landschaftsplaner und Steinmetze an. Mit Muschelkalk, Jura und Sandstein aus eigenen Steinbr\u00fcchen und mit kompetenter Beratung setzt VeroStone die rund 130-j\u00e4hrige Erfahrung der Unternehmen im Dialog mit den Planern fort.<\/strong><\/p>\n<p>Seit mehr als 130 Jahren agieren Hemmstone (Kirchheim) und Neumeyer &amp; Brigl (Eichst\u00e4tt) am Markt. Durch nachhaltiges Handeln entwickelten sich die Spezialisten f\u00fcr Muschelkalk, Jura und Sandstein in den letzten Jahren zu internationalen Naturstein-Kompetenztr\u00e4gern. Als Mitglied der Sto Group und hundertprozentiges Tochterunternehmen der Verotec GmbH b\u00fcndeln die beiden Unternehmen seit Januar 2015 ihre Kr\u00e4fte und treten unter der neuen Marke \u201eVeroStone\u201c auf. Beide Standorte bleiben als Firmensitze bestehen, Hauptsitz ist Kirchheim.<\/p>\n<p>Die Gesch\u00e4ftsf\u00fchrer Rudolf Hauck und Hans Neumeyer sehen in der Zusammenkunft der Unternehmen viele Vorteile: \u201eMit der B\u00fcndelung unserer Kompetenzen bieten wir unseren Kunden ein breiteres Portfolio und k\u00f6nnen hervorragend Synergien nutzen. Mit VeroStone wollen wir vor allem auch international weiter wachsen.\u201c<\/p>\n<p>Das neue Unternehmen bietet:<\/p>\n<ul>\n<li>Ein breites Naturstein- und Produktportfolio: Jura, Muschelkalk, Sandstein, Steinfliesen und Massivstein f\u00fcr Fassaden, Bodenbel\u00e4ge, Garten- und Landschaftsbau<\/li>\n<li>Hohe Naturstein-Kompetenz mit eigenen Steinbr\u00fcchen<\/li>\n<li>Internationale Projektabwicklung durch weltweite Vertretungen<\/li>\n<li>Ressourcenschonende Naturstein-Gewinnung durch effiziente Produktion und Renaturierung in Landschaftsschutzgebieten<\/li>\n<\/ul>\n<p>Das Portfolio umfasst unterschiedlichste Farben, Oberfl\u00e4chen und Strukturen. Es er\u00f6ffnet Architekten und Landschaftsplanern unbegrenzte Anwendungsm\u00f6glichkeiten: In Innenr\u00e4umen wie B\u00e4dern und K\u00fcchen ebenso wie f\u00fcr repr\u00e4sentative Fassaden- und Bodenbel\u00e4ge, als Werkstoff f\u00fcr Bildhauer und Steinmetze oder f\u00fcr die Gestaltung von G\u00e4rten und Parkanlagen.<\/p>\n<p>Das Team der neuen VeroStone ber\u00e4t mit langj\u00e4hriger Erfahrung und technischer Kompetenz f\u00fcr jeden Einsatzzweck.<\/p>\n<p>Mehr Informationen unter <a href=\"http:\/\/www.verostone.de\" target=\"_blank\" rel=\"noopener noreferrer\">verostone.de<\/a>.<\/p>\n<hr noshade=\"noshade\" size=\"1\" \/>\n<table style=\"height: 516px;\" border=\"0\" width=\"710\" cellspacing=\"0\" cellpadding=\"0\">\n<tbody>\n<tr>\n<td valign=\"top\" width=\"370\" height=\"21\"><a href=\"http:\/\/www.pr-neu.de\/newsroom\/wordpress\/wp-content\/uploads\/2015\/01\/15-01-Versostone_Logo_G.jpg\"><img loading=\"lazy\" decoding=\"async\" class=\"size-medium wp-image-12817\" src=\"http:\/\/www.pr-neu.de\/newsroom\/wordpress\/wp-content\/uploads\/2015\/01\/15-01-Versostone_Logo_G-300x76.jpg\" alt=\"\" width=\"300\" height=\"76\" srcset=\"https:\/\/www.pr-neu.de\/newsroom\/wordpress\/wp-content\/uploads\/2015\/01\/15-01-Versostone_Logo_G-300x76.jpg 300w, https:\/\/www.pr-neu.de\/newsroom\/wordpress\/wp-content\/uploads\/2015\/01\/15-01-Versostone_Logo_G-110x28.jpg 110w, https:\/\/www.pr-neu.de\/newsroom\/wordpress\/wp-content\/uploads\/2015\/01\/15-01-Versostone_Logo_G.jpg 393w\" sizes=\"auto, (max-width: 300px) 100vw, 300px\" \/><\/a><\/td>\n<td colspan=\"3\" height=\"21\">Doppelte Natursteinkompetenz: Neumeyer &amp; Brigl und Hemmstone haben sich unter dem Namen VeroStone zusammengeschlossen.<\/p>\n<p>Bild: VeroStone<\/td>\n<\/tr>\n<tr>\n<td valign=\"top\" width=\"370\" height=\"21\"><a href=\"http:\/\/www.pr-neu.de\/newsroom\/wordpress\/wp-content\/uploads\/2015\/01\/15-01-Verostone_Geschaeftsfuehrung_G-1.jpg\"><img loading=\"lazy\" decoding=\"async\" class=\"size-medium wp-image-12818\" src=\"http:\/\/www.pr-neu.de\/newsroom\/wordpress\/wp-content\/uploads\/2015\/01\/15-01-Verostone_Geschaeftsfuehrung_G-1-300x211.jpg\" alt=\"\" width=\"300\" height=\"211\" srcset=\"https:\/\/www.pr-neu.de\/newsroom\/wordpress\/wp-content\/uploads\/2015\/01\/15-01-Verostone_Geschaeftsfuehrung_G-1-300x211.jpg 300w, https:\/\/www.pr-neu.de\/newsroom\/wordpress\/wp-content\/uploads\/2015\/01\/15-01-Verostone_Geschaeftsfuehrung_G-1-1024x719.jpg 1024w, https:\/\/www.pr-neu.de\/newsroom\/wordpress\/wp-content\/uploads\/2015\/01\/15-01-Verostone_Geschaeftsfuehrung_G-1-768x539.jpg 768w, https:\/\/www.pr-neu.de\/newsroom\/wordpress\/wp-content\/uploads\/2015\/01\/15-01-Verostone_Geschaeftsfuehrung_G-1-1536x1078.jpg 1536w, https:\/\/www.pr-neu.de\/newsroom\/wordpress\/wp-content\/uploads\/2015\/01\/15-01-Verostone_Geschaeftsfuehrung_G-1-110x77.jpg 110w, https:\/\/www.pr-neu.de\/newsroom\/wordpress\/wp-content\/uploads\/2015\/01\/15-01-Verostone_Geschaeftsfuehrung_G-1-420x295.jpg 420w, https:\/\/www.pr-neu.de\/newsroom\/wordpress\/wp-content\/uploads\/2015\/01\/15-01-Verostone_Geschaeftsfuehrung_G-1-613x430.jpg 613w, https:\/\/www.pr-neu.de\/newsroom\/wordpress\/wp-content\/uploads\/2015\/01\/15-01-Verostone_Geschaeftsfuehrung_G-1.jpg 1795w\" sizes=\"auto, (max-width: 300px) 100vw, 300px\" \/><\/a><\/td>\n<td colspan=\"3\" height=\"21\">Die Gesch\u00e4ftsf\u00fchrer Rudolf Hauck und Hans Neumeyer: \u201eMit VeroStone wollen wir vor allem auch international weiter wachsen.\u201c<\/p>\n<p>Bild: VeroStone<\/td>\n<\/tr>\n<\/tbody>\n<\/table>\n<hr noshade=\"noshade\" size=\"1\" \/>\n<p>Abdruck honorarfrei, Belegexemplar erbeten.<\/p>\n","protected":false},"excerpt":{"rendered":"<p>Sto-Natursteinspezialisten b\u00fcndeln ihre Kr\u00e4fte Seit Januar 2015 firmieren die internationalen Naturstein-Spezialisten Neumeyer &amp; Brigl (Eichst\u00e4tt) und Hemmstone (Kirchheim) als neues Gemeinschaftsunternehmen unter dem Namen VeroStone GmbH. Das Tochterunternehmen der Verotec GmbH (Lauingen) bietet ein gemeinsames Produktportfolio f\u00fcr Architekten, Landschaftsplaner und Steinmetze an. Mit Muschelkalk, Jura und Sandstein aus eigenen Steinbr\u00fcchen und mit kompetenter Beratung setzt [&hellip;]<\/p>\n","protected":false},"author":6,"featured_media":7625,"comment_status":"closed","ping_status":"open","sticky":false,"template":"","format":"standard","meta":{"footnotes":""},"categories":[3,22],"tags":[],"class_list":["post-3206","post","type-post","status-publish","format-standard","has-post-thumbnail","hentry","category-kundenmeldungen","category-verotec"],"_links":{"self":[{"href":"https:\/\/www.pr-neu.de\/newsroom\/wp-json\/wp\/v2\/posts\/3206","targetHints":{"allow":["GET"]}}],"collection":[{"href":"https:\/\/www.pr-neu.de\/newsroom\/wp-json\/wp\/v2\/posts"}],"about":[{"href":"https:\/\/www.pr-neu.de\/newsroom\/wp-json\/wp\/v2\/types\/post"}],"author":[{"embeddable":true,"href":"https:\/\/www.pr-neu.de\/newsroom\/wp-json\/wp\/v2\/users\/6"}],"replies":[{"embeddable":true,"href":"https:\/\/www.pr-neu.de\/newsroom\/wp-json\/wp\/v2\/comments?post=3206"}],"version-history":[{"count":5,"href":"https:\/\/www.pr-neu.de\/newsroom\/wp-json\/wp\/v2\/posts\/3206\/revisions"}],"predecessor-version":[{"id":12819,"href":"https:\/\/www.pr-neu.de\/newsroom\/wp-json\/wp\/v2\/posts\/3206\/revisions\/12819"}],"wp:featuredmedia":[{"embeddable":true,"href":"https:\/\/www.pr-neu.de\/newsroom\/wp-json\/wp\/v2\/media\/7625"}],"wp:attachment":[{"href":"https:\/\/www.pr-neu.de\/newsroom\/wp-json\/wp\/v2\/media?parent=3206"}],"wp:term":[{"taxonomy":"category","embeddable":true,"href":"https:\/\/www.pr-neu.de\/newsroom\/wp-json\/wp\/v2\/categories?post=3206"},{"taxonomy":"post_tag","embeddable":true,"href":"https:\/\/www.pr-neu.de\/newsroom\/wp-json\/wp\/v2\/tags?post=3206"}],"curies":[{"name":"wp","href":"https:\/\/api.w.org\/{rel}","templated":true}]}}