{"id":3181,"date":"2015-01-19T08:00:20","date_gmt":"2015-01-19T08:00:20","guid":{"rendered":"http:\/\/www.pr-nord.de\/newsroom\/?p=3181"},"modified":"2020-05-28T15:48:41","modified_gmt":"2020-05-28T13:48:41","slug":"bewusst-bauen-wird-mit-gold-belohnt","status":"publish","type":"post","link":"https:\/\/www.pr-neu.de\/newsroom\/bewusst-bauen-wird-mit-gold-belohnt\/","title":{"rendered":"\u201eBewusst bauen\u201c wird mit Gold belohnt"},"content":{"rendered":"<p><u> DGNB vorzertifiziert B\u00fcro- und Empfangsgeb\u00e4ude von Sto mit innovativem Energiekonzept<\/u><\/p>\n<p><strong>Am Sto-Hauptsitz in St\u00fchlingen entsteht derzeit ein neues B\u00fcro- und Empfangsgeb\u00e4ude im Nullenergie-Standard. Auf der BAU 2015 erhielt es von der Deutschen Gesellschaft f\u00fcr Nachhaltiges Bauen das Vorzertifikat in Gold. <\/strong><\/p>\n<p>Die Mission von Sto lautet \u201eBewusst bauen\u201c: Als Hersteller von Produkten und Systemen f\u00fcr Geb\u00e4udebeschichtungen legt das Unternehmen gro\u00dfen Wert auf Energieeffizienz und \u00c4sthetik. Diesen Anspruch des nachhaltigen Bauens und Instandsetzens setzt es t\u00e4glich nicht nur mit ihren Partnern, den Architekten, Fachhandwerkern und Investoren rund um den Globus um, sondern auch, wenn es um die Gestaltung seiner eigenen Geb\u00e4ude geht. Das derzeit am Sto-Hauptsitz in St\u00fchlingen entstehende B\u00fcro- und Empfangsgeb\u00e4ude im Nullenergie-Standard wurde von der Deutschen Gesellschaft f\u00fcr Nachhaltiges Bauen \u2013 DGNB e.V. im Rahmen der Messe BAU mit dem Vorzertifikat in Gold ausgezeichnet.<\/p>\n<p>Neubauten, deren Bauherren eine solche Auszeichnung anstreben, m\u00fcssen eine ganze Reihe von \u00f6kologischen, \u00f6konomischen, soziokulturellen und funktionalen sowie technischen Kriterien erf\u00fcllen. Au\u00dferdem spielen bei der Bewertung die Prozess- und Standortqualit\u00e4t eine Rolle. Deshalb wird diese DGNB-Zertifizierung f\u00fcr das bis Juni 2016 entstehende Sto-Geb\u00e4ude bereits seit Projektstart von Auditoren begleitet.<\/p>\n<p><strong>Kraftwerk Fassade<\/strong><\/p>\n<p>Das Projekt in St\u00fchlingen, das sich aus zwei miteinander ver-bundenen, je viergeschossigen Geb\u00e4uden zusammensetzt, besteht aus einem Empfangsgeb\u00e4ude mit ellipsenf\u00f6rmigem Grundriss, in dem der Empfangs- und Wartebereich sowie Besprechungsr\u00e4ume untergebracht werden, sowie einem B\u00fcrogeb\u00e4ude mit dreib\u00fcndigem Grundriss und Multi-Space-Bereich f\u00fcr bis zu 150 Mitarbeiter. Es weist eine Brutto-Grundfl\u00e4che von 4218 Quadratmetern auf.<\/p>\n<p>Der Sto-Mission \u201eBewusst bauen\u201c wird das Projekt sowohl durch die Verwendung von schadstoffarmen Bauprodukten im Innenraum als auch durch sein innovatives Energiekonzept gerecht, das auf einer hochwertigen H\u00fclle mit Dreifach-Verglasung sowie einer effizienten Geb\u00e4udetechnik basiert. Eine wichtige Rolle spielt dabei der Einsatz von regenerativen Energien. Die Grundlast zur W\u00e4rmeversorgung wird \u00fcber die Abw\u00e4rme des im Untergeschoss untergebrachten Data-Centers in Kombination mit einer W\u00e4rmepumpe abgedeckt. Zur K\u00fchlung der B\u00fcro-, Besprechungs- und Serverr\u00e4ume wird Wasser aus einer Sto-eigenen Quelle genutzt. Zur Stromerzeugung f\u00fcr das Geb\u00e4ude dient au\u00dferdem eine Turbine, die durch das Bachwasser des nahegelegenen Ehrenbaches angetrieben wird.<\/p>\n<p>Zudem befinden sich auf dem Dach und an der S\u00fcdseite der Fassade Photovoltaikmodule. Das vorgeh\u00e4ngte hinterl\u00fcftete Fassadensystem StoVentec Artline Invisible integriert die umweltfreundliche Energiegewinnung in die Fassade und erf\u00fcllt gleichzeitig h\u00f6chste \u00e4sthetische Anspr\u00fcche: Die nicht sichtbar befestigten Photovoltaikmodule an der S\u00fcdseite bilden zusammen mit den optisch nicht unterscheidbaren, schwarzen Glaspaneelen der anderen drei Seiten eine homogene H\u00fclle.<\/p>\n<p><strong>Nullenergie-Standard erreicht<\/strong><\/p>\n<p>Aufgrund seines herausragenden Energiekonzepts erreicht dieses Projekt den ambitionierten Standard \u201eNullenergie-Geb\u00e4ude\u201c. Bisher gibt es nur wenige B\u00fcrogeb\u00e4ude dieses Standards in Deutschland. \u201eDamit werden wir einmal mehr unserer Vision gerecht, Technologief\u00fchrer f\u00fcr die menschliche und nachhaltige Gestaltung gebauter Lebensr\u00e4ume zu sein\u201c, betont Jochen Stotmeister, Vorsitzender des Vorstands der STO Management SE.<\/p>\n<p>&nbsp;<\/p>\n<hr noshade=\"noshade\" size=\"1\" \/>\n<p>&nbsp;<\/p>\n<p><span style=\"text-decoration: underline;\"><strong>Bautafel<\/strong><\/span><\/p>\n<p><strong>Bauherr:<br \/>\n<\/strong>Sto SE &amp; Co. KGaA, St\u00fchlingen<\/p>\n<p><strong>Standort:<br \/>\n<\/strong>Ehrenbachstra\u00dfe 1, St\u00fchlingen<\/p>\n<p><strong>Entwurfsplanung:<br \/>\n<\/strong>Wilford Schupp Architekten, Stuttgart<\/p>\n<p><strong>Ausf\u00fchrungsplanung:<br \/>\n<\/strong>H\u00f6lzenbein Planungsgesellschaft, Donaueschingen<\/p>\n<p><strong>Haustechnik:<br \/>\n<\/strong>Ingenieurb\u00fcro Liebert, H\u00fcfingen<\/p>\n<p><strong>DGNB-Auditoren:<br \/>\n<\/strong>ee-Concept GmbH, Darmstadt<\/p>\n<p><strong>Sto-Kompetenzen:<br \/>\n<\/strong>vorgeh\u00e4ngtes hinterl\u00fcftetes Fassadensystem (StoVentecArtline Invisible, StoVentec Glas, StoVerofill, StoVentec), Natursteinbel\u00e4ge, Innenputze und -farben, Bodenbeschichtungen<\/p>\n<p>&nbsp;<\/p>\n<hr noshade=\"noshade\" size=\"1\" \/>\n<p>&nbsp;<\/p>\n<table style=\"height: 408px;\" border=\"0\" width=\"586\" cellspacing=\"0\" cellpadding=\"0\">\n<tbody>\n<tr>\n<td valign=\"top\" width=\"370\" height=\"25\"><a href=\"http:\/\/www.pr-neu.de\/newsroom\/wordpress\/wp-content\/uploads\/2015\/01\/15-10-BAU-Eingangsgebaeude-01_G-2.jpg\"><img loading=\"lazy\" decoding=\"async\" class=\"size-medium wp-image-12871\" src=\"http:\/\/www.pr-neu.de\/newsroom\/wordpress\/wp-content\/uploads\/2015\/01\/15-10-BAU-Eingangsgebaeude-01_G-2-300x188.jpg\" alt=\"\" width=\"300\" height=\"188\" srcset=\"https:\/\/www.pr-neu.de\/newsroom\/wordpress\/wp-content\/uploads\/2015\/01\/15-10-BAU-Eingangsgebaeude-01_G-2-300x188.jpg 300w, https:\/\/www.pr-neu.de\/newsroom\/wordpress\/wp-content\/uploads\/2015\/01\/15-10-BAU-Eingangsgebaeude-01_G-2-1024x640.jpg 1024w, https:\/\/www.pr-neu.de\/newsroom\/wordpress\/wp-content\/uploads\/2015\/01\/15-10-BAU-Eingangsgebaeude-01_G-2-768x480.jpg 768w, https:\/\/www.pr-neu.de\/newsroom\/wordpress\/wp-content\/uploads\/2015\/01\/15-10-BAU-Eingangsgebaeude-01_G-2-1536x960.jpg 1536w, https:\/\/www.pr-neu.de\/newsroom\/wordpress\/wp-content\/uploads\/2015\/01\/15-10-BAU-Eingangsgebaeude-01_G-2-110x69.jpg 110w, https:\/\/www.pr-neu.de\/newsroom\/wordpress\/wp-content\/uploads\/2015\/01\/15-10-BAU-Eingangsgebaeude-01_G-2-420x263.jpg 420w, https:\/\/www.pr-neu.de\/newsroom\/wordpress\/wp-content\/uploads\/2015\/01\/15-10-BAU-Eingangsgebaeude-01_G-2-688x430.jpg 688w, https:\/\/www.pr-neu.de\/newsroom\/wordpress\/wp-content\/uploads\/2015\/01\/15-10-BAU-Eingangsgebaeude-01_G-2.jpg 1795w\" sizes=\"auto, (max-width: 300px) 100vw, 300px\" \/><\/a><\/td>\n<td colspan=\"3\" height=\"21\">Sto baut derzeit am Hauptsitz in St\u00fchlingen ein B\u00fcro- und Empfangsgeb\u00e4ude im Nullenergie-Standard.<\/p>\n<p>Bild: Sto SE &amp; Co. KGaA<\/td>\n<\/tr>\n<tr>\n<td valign=\"top\" width=\"370\" height=\"25\"><a href=\"http:\/\/www.pr-neu.de\/newsroom\/wordpress\/wp-content\/uploads\/2015\/01\/15-10-BAU-Eingangsgebaeude-02_G.jpg\"><img loading=\"lazy\" decoding=\"async\" class=\"size-medium wp-image-12872\" src=\"http:\/\/www.pr-neu.de\/newsroom\/wordpress\/wp-content\/uploads\/2015\/01\/15-10-BAU-Eingangsgebaeude-02_G-300x207.jpg\" alt=\"\" width=\"300\" height=\"207\" srcset=\"https:\/\/www.pr-neu.de\/newsroom\/wordpress\/wp-content\/uploads\/2015\/01\/15-10-BAU-Eingangsgebaeude-02_G-300x207.jpg 300w, https:\/\/www.pr-neu.de\/newsroom\/wordpress\/wp-content\/uploads\/2015\/01\/15-10-BAU-Eingangsgebaeude-02_G-1024x705.jpg 1024w, https:\/\/www.pr-neu.de\/newsroom\/wordpress\/wp-content\/uploads\/2015\/01\/15-10-BAU-Eingangsgebaeude-02_G-768x529.jpg 768w, https:\/\/www.pr-neu.de\/newsroom\/wordpress\/wp-content\/uploads\/2015\/01\/15-10-BAU-Eingangsgebaeude-02_G-1536x1058.jpg 1536w, https:\/\/www.pr-neu.de\/newsroom\/wordpress\/wp-content\/uploads\/2015\/01\/15-10-BAU-Eingangsgebaeude-02_G-110x76.jpg 110w, https:\/\/www.pr-neu.de\/newsroom\/wordpress\/wp-content\/uploads\/2015\/01\/15-10-BAU-Eingangsgebaeude-02_G-420x289.jpg 420w, https:\/\/www.pr-neu.de\/newsroom\/wordpress\/wp-content\/uploads\/2015\/01\/15-10-BAU-Eingangsgebaeude-02_G-624x430.jpg 624w, https:\/\/www.pr-neu.de\/newsroom\/wordpress\/wp-content\/uploads\/2015\/01\/15-10-BAU-Eingangsgebaeude-02_G.jpg 1795w\" sizes=\"auto, (max-width: 300px) 100vw, 300px\" \/><\/a><\/td>\n<td colspan=\"3\" height=\"21\">So f\u00fcgt sich das neue Geb\u00e4ude in die bestehende Bebauung ein.<\/p>\n<p>Bild: Sto SE &amp; Co. KGaA<\/td>\n<\/tr>\n<\/tbody>\n<\/table>\n<p>&nbsp;<\/p>\n<hr noshade=\"noshade\" size=\"1\" \/>\n<p>&nbsp;<\/p>\n<p>Abdruck honorarfrei, Belegexemplar erbeten<\/p>\n<p>&nbsp;<\/p>\n","protected":false},"excerpt":{"rendered":"<p>DGNB vorzertifiziert B\u00fcro- und Empfangsgeb\u00e4ude von Sto mit innovativem Energiekonzept Am Sto-Hauptsitz in St\u00fchlingen entsteht derzeit ein neues B\u00fcro- und Empfangsgeb\u00e4ude im Nullenergie-Standard. Auf der BAU 2015 erhielt es von der Deutschen Gesellschaft f\u00fcr Nachhaltiges Bauen das Vorzertifikat in Gold. Die Mission von Sto lautet \u201eBewusst bauen\u201c: Als Hersteller von Produkten und Systemen f\u00fcr Geb\u00e4udebeschichtungen [&hellip;]<\/p>\n","protected":false},"author":6,"featured_media":8185,"comment_status":"closed","ping_status":"open","sticky":false,"template":"","format":"standard","meta":{"footnotes":""},"categories":[3,15],"tags":[],"class_list":["post-3181","post","type-post","status-publish","format-standard","has-post-thumbnail","hentry","category-kundenmeldungen","category-sto"],"_links":{"self":[{"href":"https:\/\/www.pr-neu.de\/newsroom\/wp-json\/wp\/v2\/posts\/3181","targetHints":{"allow":["GET"]}}],"collection":[{"href":"https:\/\/www.pr-neu.de\/newsroom\/wp-json\/wp\/v2\/posts"}],"about":[{"href":"https:\/\/www.pr-neu.de\/newsroom\/wp-json\/wp\/v2\/types\/post"}],"author":[{"embeddable":true,"href":"https:\/\/www.pr-neu.de\/newsroom\/wp-json\/wp\/v2\/users\/6"}],"replies":[{"embeddable":true,"href":"https:\/\/www.pr-neu.de\/newsroom\/wp-json\/wp\/v2\/comments?post=3181"}],"version-history":[{"count":5,"href":"https:\/\/www.pr-neu.de\/newsroom\/wp-json\/wp\/v2\/posts\/3181\/revisions"}],"predecessor-version":[{"id":12874,"href":"https:\/\/www.pr-neu.de\/newsroom\/wp-json\/wp\/v2\/posts\/3181\/revisions\/12874"}],"wp:featuredmedia":[{"embeddable":true,"href":"https:\/\/www.pr-neu.de\/newsroom\/wp-json\/wp\/v2\/media\/8185"}],"wp:attachment":[{"href":"https:\/\/www.pr-neu.de\/newsroom\/wp-json\/wp\/v2\/media?parent=3181"}],"wp:term":[{"taxonomy":"category","embeddable":true,"href":"https:\/\/www.pr-neu.de\/newsroom\/wp-json\/wp\/v2\/categories?post=3181"},{"taxonomy":"post_tag","embeddable":true,"href":"https:\/\/www.pr-neu.de\/newsroom\/wp-json\/wp\/v2\/tags?post=3181"}],"curies":[{"name":"wp","href":"https:\/\/api.w.org\/{rel}","templated":true}]}}