{"id":3179,"date":"2015-01-19T08:00:57","date_gmt":"2015-01-19T08:00:57","guid":{"rendered":"http:\/\/www.pr-nord.de\/newsroom\/?p=3179"},"modified":"2020-05-28T15:39:53","modified_gmt":"2020-05-28T13:39:53","slug":"formenspiel-aber-sicher","status":"publish","type":"post","link":"https:\/\/www.pr-neu.de\/newsroom\/formenspiel-aber-sicher\/","title":{"rendered":"Formenspiel \u2013 aber sicher"},"content":{"rendered":"<p><u> StoVentec: VHF in der dritten Dimension<\/u><\/p>\n<p><strong>StoVentec-Systeme erlauben einen prozesstechnisch sicheren Umgang mit dreidimensionalen Fassadenfl\u00e4chen \u2013 fugenlos verputzt oder mit Naturstein beziehungsweise Keramik belegt. Im Rahmen einer digitalen Prozesskette von der Planung bis zur Montage werden Planer projektbezogen durch die Experten der Sto-Gruppe unterst\u00fctzt.<\/strong><\/p>\n<p>Betrachtet man stilbildende Bauten der letzten Jahre, f\u00e4llt auf, dass viele von ihnen Ausdruck eines Ringens um freie Formen sind. Sie haben die Spielr\u00e4ume f\u00fcr Architekten bereits erweitert und verweisen auf k\u00fcnftige Erweiterungen. In ihrem Gefolge w\u00e4chst die Nachfrage nach gekr\u00fcmmten homogenen Fl\u00e4chen, manchmal glatt, manchmal texturiert. Das wiederum f\u00fchrt zu erheblich h\u00f6heren Anforderungen an Unterkonstruktion, Oberfl\u00e4chen und ihre Verarbeitung. In diesem Zusammenhang stellt die Weiterentwicklung der bauaufsichtlich zugelassenen StoVentec-Systeme f\u00fcr den Bereich der vorgeh\u00e4ngten hinterl\u00fcfteten Fassaden (VHF) einen entscheidenden Schritt dar. Sie erm\u00f6glichen erstmals einen prozesstechnisch sicheren Umgang mit fugenlos verputzten dreidimensionalen Oberfl\u00e4chen. Erm\u00f6glicht wird dieses Aufbrechen von Grenzen durch die Beherrschung einer digitalen Prozesskette vom Entwurf \u00fcber die Fl\u00e4chengeometrie, die Analyse der notwendigen Unterkonstruktion bis hin zu Fertigung, Baustellenlogistik und Montage.<\/p>\n<p>Die StoVentec-Systeme eignen sich aufgrund ihrer hohen Anpassungsf\u00e4higkeit besonders gut f\u00fcr energetisch optimierte Fassadengestaltungen bei Neubauten ebenso wie in der Sanierung. Sie bestehen stets aus einer individuell bemessenen Unterkonstruktion, einer Mineralwolle-D\u00e4mmung und einer Wetterschale, die wiederum Untergrund unterschiedlichster Oberfl\u00e4chengestaltungen sein kann. Die konstruktive Trennung von D\u00e4mmung und Bekleidung durch den Hinterl\u00fcftungsraum f\u00fchrt zum einen dazu, dass Feuchtigkeit best\u00e4ndig von der Tragschale und ihrer D\u00e4mmung ferngehalten wird, zum anderen verbessert sie den Schallschutz erheblich und macht die Systeme sehr robust, widerstandsf\u00e4hig und langlebig.<\/p>\n<p>Kern der Bekleidung ist eine Putztr\u00e4gerplatte aus Bl\u00e4hglasgranulat, die beidseitig mit hochzugfestem Glasfasergewebe laminiert ist. Dieser Verbund erzeugt eine statische Lastabtragungscharakteristik, die mit der von Stahlbeton vergleichbar ist. Dennoch ist das Eigengewicht der zw\u00f6lf Millimeter d\u00fcnnen Platte mit 6 kg\/m2 sehr gering. Mit dieser Tr\u00e4gerplatte lassen sich doppelsinnig gekr\u00fcmmte Fl\u00e4chen erstellen \u2013 mit Biegeradien von vier bis drei Metern und alle Arten von Fl\u00e4chen, die aus der Senkrechten kippen.<\/p>\n<p>F\u00fcr die Planung einer solchen Fassade ist ein vollst\u00e4ndiges 3D-Modell, das Unterkonstruktion, Tr\u00e4gerplatte und Beschichtung umfasst, unerl\u00e4sslich, da die digitale Prozesskette in diesen F\u00e4llen bis in den Fertigungs- und Montageprozess reicht. Hierbei unterst\u00fctzt Sto den Architekten mit einer projektbezogenen Planung. Die Erfahrung der Fassadenspezialisten aus dem Schwarzwald mit &#8222;iD Individual Digital Engineering&#8220;-L\u00f6sungen erm\u00f6glicht eine intensive Zusammenarbeit bei der Pr\u00fcfung der 3D-Daten. Nichtrealisierbare Details werden fr\u00fchzeitig erkannt und optimiert, wodurch der Prozess schnell und effizient abl\u00e4uft und dessen Realisierung sichergestellt wird. Notwendige Unterkonstruktionen, verschiedene Geometrien und Beschichtungsaufbauten werden je nach Anforderung (z.B. je nach Neigungsgrad) entwickelt. Die Unterkonstruktion kann in vielen F\u00e4llen mit einer vom Darmst\u00e4dter Passivhausinstitut als w\u00e4rmebr\u00fcckenfrei zertifizierten L\u00f6sung umgesetzt werden, ansonsten mit einer w\u00e4rmebr\u00fcckenoptimierten Variante.<\/p>\n<p>Die Unterkonstruktion wird werkseitig vorgefertigt und auf der Baustelle montiert. Auch die passgenau geschnittenen Fassadenplatten werden gem\u00e4\u00df Verlegeplan nummeriert auf der Baustelle angeliefert und vom Fassadenbauer montiert. Die Ausf\u00fchrung der fugenlosen Putzbeschichtung \u00fcbernehmen dann Stuckateure oder Maler. Erfolgt die Oberfl\u00e4chengestaltung mit Naturstein oder keramischen Bel\u00e4gen, k\u00f6nnen auch andere Fachhandwerkergruppen zum Einsatz kommen.<\/p>\n<p>&nbsp;<\/p>\n<hr noshade=\"noshade\" size=\"1\" \/>\n<p>&nbsp;<\/p>\n<p><strong>Das StoVentec-System<\/strong><\/p>\n<p>Das vorgeh\u00e4ngte hinterl\u00fcftete Fassadensystem StoVentec kann mit unterschiedlichsten Oberfl\u00e4chen versehen werden.<\/p>\n<p><strong>StoVentec R<\/strong> erm\u00f6glicht parametrisch gestaltete Freiformfl\u00e4chen mit einer fugenlosen Glattputzbeschichtung.<\/p>\n<p><strong>StoVentec SmartFlex<\/strong> besticht mit durchgef\u00e4rbten mineralgef\u00fcllten Acrylglasplatten (matt oder gl\u00e4nzend), die sich frei verformen, fugenlos verkleben und unsichtbar befestigen lassen.<\/p>\n<p><strong>StoVentec ARTline<\/strong> <strong>Invisible<\/strong> oder <strong>Inlay<\/strong> integriert mit einer Tr\u00e4gerplatte zu einem Sandwich-Element verbundene Photovoltaik-Module in die Fassade; nicht sichtbar befestigt oder mit schwarz gerahmten Elementen.<\/p>\n<p><strong>StoVentec Glass<\/strong> bietet exklusive fugenbetonte Glasfassaden f\u00fcr unterschiedliche Farb- und Formw\u00fcnsche.<\/p>\n<p><strong>StoVentec S<\/strong> und <strong>StoVentec C<\/strong> erlauben dreidimensionale Gestaltungen mit Natursteinfliesen beziehungsweise keramischen Bel\u00e4gen auf Tr\u00e4gerplatten.<\/p>\n<p>&nbsp;<\/p>\n<hr noshade=\"noshade\" size=\"1\" \/>\n<p>&nbsp;<\/p>\n<table style=\"height: 1236px;\" border=\"0\" width=\"667\" cellspacing=\"0\" cellpadding=\"0\">\n<tbody>\n<tr>\n<td valign=\"top\" width=\"370\" height=\"25\"><a href=\"http:\/\/www.pr-neu.de\/newsroom\/wordpress\/wp-content\/uploads\/2015\/01\/15-09-VHF-FATlab_G.jpg\"><img loading=\"lazy\" decoding=\"async\" class=\"size-medium wp-image-12836\" src=\"http:\/\/www.pr-neu.de\/newsroom\/wordpress\/wp-content\/uploads\/2015\/01\/15-09-VHF-FATlab_G-300x300.jpg\" alt=\"\" width=\"300\" height=\"300\" srcset=\"https:\/\/www.pr-neu.de\/newsroom\/wordpress\/wp-content\/uploads\/2015\/01\/15-09-VHF-FATlab_G-300x300.jpg 300w, https:\/\/www.pr-neu.de\/newsroom\/wordpress\/wp-content\/uploads\/2015\/01\/15-09-VHF-FATlab_G-1024x1024.jpg 1024w, https:\/\/www.pr-neu.de\/newsroom\/wordpress\/wp-content\/uploads\/2015\/01\/15-09-VHF-FATlab_G-150x150.jpg 150w, https:\/\/www.pr-neu.de\/newsroom\/wordpress\/wp-content\/uploads\/2015\/01\/15-09-VHF-FATlab_G-768x768.jpg 768w, https:\/\/www.pr-neu.de\/newsroom\/wordpress\/wp-content\/uploads\/2015\/01\/15-09-VHF-FATlab_G-1536x1536.jpg 1536w, https:\/\/www.pr-neu.de\/newsroom\/wordpress\/wp-content\/uploads\/2015\/01\/15-09-VHF-FATlab_G-250x250.jpg 250w, https:\/\/www.pr-neu.de\/newsroom\/wordpress\/wp-content\/uploads\/2015\/01\/15-09-VHF-FATlab_G-125x125.jpg 125w, https:\/\/www.pr-neu.de\/newsroom\/wordpress\/wp-content\/uploads\/2015\/01\/15-09-VHF-FATlab_G-110x110.jpg 110w, https:\/\/www.pr-neu.de\/newsroom\/wordpress\/wp-content\/uploads\/2015\/01\/15-09-VHF-FATlab_G-420x420.jpg 420w, https:\/\/www.pr-neu.de\/newsroom\/wordpress\/wp-content\/uploads\/2015\/01\/15-09-VHF-FATlab_G-430x430.jpg 430w, https:\/\/www.pr-neu.de\/newsroom\/wordpress\/wp-content\/uploads\/2015\/01\/15-09-VHF-FATlab_G.jpg 1795w\" sizes=\"auto, (max-width: 300px) 100vw, 300px\" \/><\/a><\/td>\n<td colspan=\"3\" height=\"21\">In Zusammenarbeit mit FAT LAB, Stuttgart, pr\u00e4sentierte Sto auf der BAU 2015 ein 66 Quadratmeter gro\u00dfes Modell einer doppelsinnig gebogenen vorgeh\u00e4ngten hinterl\u00fcfteten Fassade, die auf einer Seite fugenlos verputzt ist (Modellierputz plus Fassadenfarbe StoColor Dryonic) und auf der anderen Seite mit Naturstein (Sto-Fossil Bavaria Yellow) belegt ist.<\/p>\n<p>Bild: Sto SE &amp; Co. KGaA<\/td>\n<\/tr>\n<tr>\n<td valign=\"top\" width=\"370\" height=\"25\"><a href=\"http:\/\/www.pr-neu.de\/newsroom\/wordpress\/wp-content\/uploads\/2015\/01\/15-09-VHF-Luzern_G-2.jpg\"><img loading=\"lazy\" decoding=\"async\" class=\"size-medium wp-image-12837\" src=\"http:\/\/www.pr-neu.de\/newsroom\/wordpress\/wp-content\/uploads\/2015\/01\/15-09-VHF-Luzern_G-2-300x201.jpg\" alt=\"\" width=\"300\" height=\"201\" srcset=\"https:\/\/www.pr-neu.de\/newsroom\/wordpress\/wp-content\/uploads\/2015\/01\/15-09-VHF-Luzern_G-2-300x201.jpg 300w, https:\/\/www.pr-neu.de\/newsroom\/wordpress\/wp-content\/uploads\/2015\/01\/15-09-VHF-Luzern_G-2-1024x687.jpg 1024w, https:\/\/www.pr-neu.de\/newsroom\/wordpress\/wp-content\/uploads\/2015\/01\/15-09-VHF-Luzern_G-2-768x516.jpg 768w, https:\/\/www.pr-neu.de\/newsroom\/wordpress\/wp-content\/uploads\/2015\/01\/15-09-VHF-Luzern_G-2-1536x1031.jpg 1536w, https:\/\/www.pr-neu.de\/newsroom\/wordpress\/wp-content\/uploads\/2015\/01\/15-09-VHF-Luzern_G-2-110x74.jpg 110w, https:\/\/www.pr-neu.de\/newsroom\/wordpress\/wp-content\/uploads\/2015\/01\/15-09-VHF-Luzern_G-2-420x282.jpg 420w, https:\/\/www.pr-neu.de\/newsroom\/wordpress\/wp-content\/uploads\/2015\/01\/15-09-VHF-Luzern_G-2-641x430.jpg 641w, https:\/\/www.pr-neu.de\/newsroom\/wordpress\/wp-content\/uploads\/2015\/01\/15-09-VHF-Luzern_G-2.jpg 1795w\" sizes=\"auto, (max-width: 300px) 100vw, 300px\" \/><\/a><\/td>\n<td colspan=\"3\" height=\"21\">Enzmann Fischer AG Architekten aus Z\u00fcrich planten das Luzerner Universit\u00e4tsgeb\u00e4ude mit der markanten Fassade, deren Fl\u00e4chen vielf\u00e4ltig aus der Senkrechten kippen.<\/p>\n<p>Bild: Sto SE &amp; Co. KGaA<\/td>\n<\/tr>\n<tr>\n<td valign=\"top\" width=\"370\" height=\"25\"><a href=\"http:\/\/www.pr-neu.de\/newsroom\/wordpress\/wp-content\/uploads\/2015\/01\/15-09-VHF-3_G.jpg\"><img loading=\"lazy\" decoding=\"async\" class=\"aligncenter size-medium wp-image-12838\" src=\"http:\/\/www.pr-neu.de\/newsroom\/wordpress\/wp-content\/uploads\/2015\/01\/15-09-VHF-3_G-300x74.jpg\" alt=\"\" width=\"300\" height=\"74\" srcset=\"https:\/\/www.pr-neu.de\/newsroom\/wordpress\/wp-content\/uploads\/2015\/01\/15-09-VHF-3_G-300x74.jpg 300w, https:\/\/www.pr-neu.de\/newsroom\/wordpress\/wp-content\/uploads\/2015\/01\/15-09-VHF-3_G-1024x254.jpg 1024w, https:\/\/www.pr-neu.de\/newsroom\/wordpress\/wp-content\/uploads\/2015\/01\/15-09-VHF-3_G-768x190.jpg 768w, https:\/\/www.pr-neu.de\/newsroom\/wordpress\/wp-content\/uploads\/2015\/01\/15-09-VHF-3_G-1536x381.jpg 1536w, https:\/\/www.pr-neu.de\/newsroom\/wordpress\/wp-content\/uploads\/2015\/01\/15-09-VHF-3_G-110x27.jpg 110w, https:\/\/www.pr-neu.de\/newsroom\/wordpress\/wp-content\/uploads\/2015\/01\/15-09-VHF-3_G-420x104.jpg 420w, https:\/\/www.pr-neu.de\/newsroom\/wordpress\/wp-content\/uploads\/2015\/01\/15-09-VHF-3_G-770x191.jpg 770w, https:\/\/www.pr-neu.de\/newsroom\/wordpress\/wp-content\/uploads\/2015\/01\/15-09-VHF-3_G.jpg 1795w\" sizes=\"auto, (max-width: 300px) 100vw, 300px\" \/><\/a><\/td>\n<td colspan=\"3\" height=\"21\">Bild: Sto SE &amp; Co. KGaA<\/td>\n<\/tr>\n<tr>\n<td valign=\"top\" width=\"370\" height=\"25\"><a href=\"http:\/\/www.pr-neu.de\/newsroom\/wordpress\/wp-content\/uploads\/2015\/01\/15-09-VHF-iD_G.jpg\"><img loading=\"lazy\" decoding=\"async\" class=\"size-medium wp-image-12839\" src=\"http:\/\/www.pr-neu.de\/newsroom\/wordpress\/wp-content\/uploads\/2015\/01\/15-09-VHF-iD_G-300x300.jpg\" alt=\"\" width=\"300\" height=\"300\" srcset=\"https:\/\/www.pr-neu.de\/newsroom\/wordpress\/wp-content\/uploads\/2015\/01\/15-09-VHF-iD_G-300x300.jpg 300w, https:\/\/www.pr-neu.de\/newsroom\/wordpress\/wp-content\/uploads\/2015\/01\/15-09-VHF-iD_G-1024x1024.jpg 1024w, https:\/\/www.pr-neu.de\/newsroom\/wordpress\/wp-content\/uploads\/2015\/01\/15-09-VHF-iD_G-150x150.jpg 150w, https:\/\/www.pr-neu.de\/newsroom\/wordpress\/wp-content\/uploads\/2015\/01\/15-09-VHF-iD_G-768x768.jpg 768w, https:\/\/www.pr-neu.de\/newsroom\/wordpress\/wp-content\/uploads\/2015\/01\/15-09-VHF-iD_G-250x250.jpg 250w, https:\/\/www.pr-neu.de\/newsroom\/wordpress\/wp-content\/uploads\/2015\/01\/15-09-VHF-iD_G-125x125.jpg 125w, https:\/\/www.pr-neu.de\/newsroom\/wordpress\/wp-content\/uploads\/2015\/01\/15-09-VHF-iD_G-110x110.jpg 110w, https:\/\/www.pr-neu.de\/newsroom\/wordpress\/wp-content\/uploads\/2015\/01\/15-09-VHF-iD_G-420x420.jpg 420w, https:\/\/www.pr-neu.de\/newsroom\/wordpress\/wp-content\/uploads\/2015\/01\/15-09-VHF-iD_G-430x430.jpg 430w, https:\/\/www.pr-neu.de\/newsroom\/wordpress\/wp-content\/uploads\/2015\/01\/15-09-VHF-iD_G.jpg 1181w\" sizes=\"auto, (max-width: 300px) 100vw, 300px\" \/><\/a><\/td>\n<td colspan=\"3\" height=\"21\">iD-L\u00f6sungen von Sto stehen f\u00fcr die hochpr\u00e4zise Umsetzung einzigartiger Entw\u00fcrfe mittels durchg\u00e4ngig digitaler Prozessketten.<\/p>\n<p>Bild: Sto SE &amp; Co. KGaA<\/td>\n<\/tr>\n<\/tbody>\n<\/table>\n<p>&nbsp;<\/p>\n<hr noshade=\"noshade\" size=\"1\" \/>\n<p>&nbsp;<\/p>\n<p>Abdruck honorarfrei, Belegexemplar erbeten<\/p>\n<p>&nbsp;<\/p>\n","protected":false},"excerpt":{"rendered":"<p>StoVentec: VHF in der dritten Dimension StoVentec-Systeme erlauben einen prozesstechnisch sicheren Umgang mit dreidimensionalen Fassadenfl\u00e4chen \u2013 fugenlos verputzt oder mit Naturstein beziehungsweise Keramik belegt. Im Rahmen einer digitalen Prozesskette von der Planung bis zur Montage werden Planer projektbezogen durch die Experten der Sto-Gruppe unterst\u00fctzt. Betrachtet man stilbildende Bauten der letzten Jahre, f\u00e4llt auf, dass viele [&hellip;]<\/p>\n","protected":false},"author":6,"featured_media":8180,"comment_status":"closed","ping_status":"open","sticky":false,"template":"","format":"standard","meta":{"footnotes":""},"categories":[3,15],"tags":[],"class_list":["post-3179","post","type-post","status-publish","format-standard","has-post-thumbnail","hentry","category-kundenmeldungen","category-sto"],"_links":{"self":[{"href":"https:\/\/www.pr-neu.de\/newsroom\/wp-json\/wp\/v2\/posts\/3179","targetHints":{"allow":["GET"]}}],"collection":[{"href":"https:\/\/www.pr-neu.de\/newsroom\/wp-json\/wp\/v2\/posts"}],"about":[{"href":"https:\/\/www.pr-neu.de\/newsroom\/wp-json\/wp\/v2\/types\/post"}],"author":[{"embeddable":true,"href":"https:\/\/www.pr-neu.de\/newsroom\/wp-json\/wp\/v2\/users\/6"}],"replies":[{"embeddable":true,"href":"https:\/\/www.pr-neu.de\/newsroom\/wp-json\/wp\/v2\/comments?post=3179"}],"version-history":[{"count":5,"href":"https:\/\/www.pr-neu.de\/newsroom\/wp-json\/wp\/v2\/posts\/3179\/revisions"}],"predecessor-version":[{"id":12840,"href":"https:\/\/www.pr-neu.de\/newsroom\/wp-json\/wp\/v2\/posts\/3179\/revisions\/12840"}],"wp:featuredmedia":[{"embeddable":true,"href":"https:\/\/www.pr-neu.de\/newsroom\/wp-json\/wp\/v2\/media\/8180"}],"wp:attachment":[{"href":"https:\/\/www.pr-neu.de\/newsroom\/wp-json\/wp\/v2\/media?parent=3179"}],"wp:term":[{"taxonomy":"category","embeddable":true,"href":"https:\/\/www.pr-neu.de\/newsroom\/wp-json\/wp\/v2\/categories?post=3179"},{"taxonomy":"post_tag","embeddable":true,"href":"https:\/\/www.pr-neu.de\/newsroom\/wp-json\/wp\/v2\/tags?post=3179"}],"curies":[{"name":"wp","href":"https:\/\/api.w.org\/{rel}","templated":true}]}}