{"id":3176,"date":"2015-01-19T08:00:41","date_gmt":"2015-01-19T08:00:41","guid":{"rendered":"http:\/\/www.pr-nord.de\/newsroom\/?p=3176"},"modified":"2020-05-28T15:42:50","modified_gmt":"2020-05-28T13:42:50","slug":"die-konturen-der-funktion","status":"publish","type":"post","link":"https:\/\/www.pr-neu.de\/newsroom\/die-konturen-der-funktion\/","title":{"rendered":"Die Konturen der Funktion"},"content":{"rendered":"<p><u> Forschungsprojekt: Individuelle Fassadengestaltung mit WDVS<\/u><\/p>\n<p><strong>So wie beim \u00dcbergang von der Holzbauweise zur Massivbauweise Anfang des 17. Jahrhunderts neue Formen und Methoden der Gestaltung von Bauwerken entwickelt wurden, so wird wohl auch die D\u00e4mmbauweise Schritt f\u00fcr Schritt ihre eigene \u00c4sthetik entfalten. Die M\u00fcnchener Architekten Faraneh Farnoudi und Andreas Hild untersuchten in einem Forschungsprojekt Gestaltungsm\u00f6glichkeiten mit W\u00e4rmed\u00e4mm-Verbundsystemen (WDVS) \u2013 und damit die Chance, jedem Geb\u00e4ude seine eigene Note zu verleihen. <\/strong><\/p>\n<p>Fassadend\u00e4mmsysteme \u2013 insbesondere W\u00e4rmed\u00e4mm-Verbundsysteme (WDVS) \u2013 geh\u00f6ren zu den bestimmenden Baumaterialien unserer Zeit. Dass sie gelegentlich f\u00fcr vereinheitlichende Sanierungen von Bestandsgeb\u00e4uden verantwortlich gemacht werden, hat viel damit zu tun, dass Planer und Handwerker die gestalterischen M\u00f6glichkeiten dieser Systeme nicht aussch\u00f6pfen. Schlie\u00dflich gilt auch hier Karl Joseph Schattners Diktum: \u201eDas Material ist in jedem Fall unschuldig.\u201c Aufbauend auf die Ergebnisse des Forschungsprojekts \u201eModulationsm\u00f6glichkeiten der Geb\u00e4udeau\u00dfenhaut mittels w\u00e4rmesensitiver Aufnahmeverfahren\u201c von Faraneh Farnoudi und Andreas Hild hat Sto nun eine digitale Prozesskette vom Entwurf bis zur industriellen Fertigung des Systems umgesetzt. Damit findet das im Rahmen der Forschungsinitiative Zukunft Bau vom Bundesamt f\u00fcr Bauwesen und Raumordnung gef\u00f6rderte Forschungsprojekt seinen Weg in die Praxis.<\/p>\n<p><strong>Individuelle Optik, verbesserte Systemleistung<\/strong><\/p>\n<p>Konkret wurde seit September 2011 untersucht, inwieweit eine dreidimensionale Modulation der D\u00e4mmschicht in der Lage ist, \u201esowohl die Fassadengestaltung zu individualisieren als auch die Leistung des Systems zu verbessern.\u201c Ausgangspunkt der \u00dcberlegungen war der unterschiedliche W\u00e4rmedurchgang verschiedener Bauteile einer Bestandsfassade. Wird die Dimensionierung des D\u00e4mmstoffs den ungleichen W\u00e4rmedurchgangskoeffizienten (U-Wert) angepasst, entsteht eine Neuordnung der Oberfl\u00e4che gem\u00e4\u00df der Maxime \u201eform follows function\u201c. Die Funktion des W\u00e4rmed\u00e4mm-Verbundsystems bekommt eine \u00e4u\u00dfere Gestalt, \u201eder Energiesparfunktion der ged\u00e4mmten Fassade wird ein authentischer Ausdruck verliehen.\u201c<\/p>\n<p>Grundlage f\u00fcr eine Modulation des D\u00e4mmsystems ist stets eine Geb\u00e4ude- beziehungsweise Bestandsanalyse. Die Digitalisierung der Bauzeichnungen und ihr Abgleich mit der aktuellen Situation stehen am Beginn der digitalen Prozesskette. Sind Substanz und Anforderungen bestimmt, folgt eine thermische Analyse, entweder mittels Thermografie oder durch eine Simulation der W\u00e4rmestr\u00f6me. Das daraus abgeleitete digitale Relief ist eine dreidimensionale Umsetzung der Isothermen der existierenden W\u00e4rmedurchg\u00e4nge. Die nun folgende \u2013 vom Planer aktiv gesteuerte \u2013 Modellierung der Fassade durch Anwendung von Schnittverfahren oder Polygonverformungen f\u00fchrt schlie\u00dflich zum Entwurf. Ihren Abschluss erf\u00e4hrt die Prozesskette beim Einsatz mehrachsiger Fr\u00e4smaschinen, welche die direkt aus dem 3D-Modell generierten Formen aus D\u00e4mmplatten (EPS oder PIR) herausarbeiten. Es folgt die Organisation der Logistik, die sicherstellt, dass alle Platten gem\u00e4\u00df Verlegeplan gekennzeichnet, in der richtigen Reihenfolge verpackt, zum jeweils richtigen Zeitpunkt auf der Baustelle angeliefert werden. Im letzten Schritt werden die modulierten D\u00e4mmtafeln montiert, armiert und verputzt.<\/p>\n<p>Die Umsetzung des Forschungsprojektes in die industrielle Fertigung fokussierte vor allem die digitale Prozesskette. Mit ihr k\u00f6nnen die f\u00fcr Entwurf wie auch Produktionsplanung und<br \/>\n-steuerung erforderlichen Daten durchg\u00e4ngig digital bearbeitet und ausgetauscht werden. Nur so ist die erforderliche Ma\u00dfanfertigung wirtschaftlich zu erm\u00f6glichen. Den individuellen Entwurf im Ma\u00dfstab 1:1 zu realisieren, stellt eine besondere Herausforderung dar, schlie\u00dflich sind Restriktionen des Rohmaterials dabei genauso zu ber\u00fccksichtigen wie auch die Montage am Objekt. Entstanden ist eine Gesamtl\u00f6sung, die Sto bef\u00e4higt, modulierte WDVS als Individuall\u00f6sungen in den Markt einzuf\u00fchren.<\/p>\n<p>&nbsp;<\/p>\n<hr noshade=\"noshade\" size=\"1\" \/>\n<p>&nbsp;<\/p>\n<table style=\"height: 2589px;\" border=\"0\" width=\"650\" cellspacing=\"0\" cellpadding=\"0\">\n<tbody>\n<tr>\n<td valign=\"top\" width=\"370\" height=\"25\"><a href=\"http:\/\/www.pr-neu.de\/newsroom\/wordpress\/wp-content\/uploads\/2015\/01\/15-08-Modulation-01_G.jpg\"><img loading=\"lazy\" decoding=\"async\" class=\"size-medium wp-image-12843\" src=\"http:\/\/www.pr-neu.de\/newsroom\/wordpress\/wp-content\/uploads\/2015\/01\/15-08-Modulation-01_G-300x209.jpg\" alt=\"\" width=\"300\" height=\"209\" srcset=\"https:\/\/www.pr-neu.de\/newsroom\/wordpress\/wp-content\/uploads\/2015\/01\/15-08-Modulation-01_G-300x209.jpg 300w, https:\/\/www.pr-neu.de\/newsroom\/wordpress\/wp-content\/uploads\/2015\/01\/15-08-Modulation-01_G-1024x712.jpg 1024w, https:\/\/www.pr-neu.de\/newsroom\/wordpress\/wp-content\/uploads\/2015\/01\/15-08-Modulation-01_G-768x534.jpg 768w, https:\/\/www.pr-neu.de\/newsroom\/wordpress\/wp-content\/uploads\/2015\/01\/15-08-Modulation-01_G-1536x1068.jpg 1536w, https:\/\/www.pr-neu.de\/newsroom\/wordpress\/wp-content\/uploads\/2015\/01\/15-08-Modulation-01_G-110x76.jpg 110w, https:\/\/www.pr-neu.de\/newsroom\/wordpress\/wp-content\/uploads\/2015\/01\/15-08-Modulation-01_G-420x292.jpg 420w, https:\/\/www.pr-neu.de\/newsroom\/wordpress\/wp-content\/uploads\/2015\/01\/15-08-Modulation-01_G-618x430.jpg 618w, https:\/\/www.pr-neu.de\/newsroom\/wordpress\/wp-content\/uploads\/2015\/01\/15-08-Modulation-01_G.jpg 1795w\" sizes=\"auto, (max-width: 300px) 100vw, 300px\" \/><\/a><\/td>\n<td colspan=\"3\" height=\"21\">1. Thermografie<\/p>\n<p>Bild: Sto SE &amp; Co. KGaA<\/td>\n<\/tr>\n<tr>\n<td valign=\"top\" width=\"370\" height=\"25\"><a href=\"http:\/\/www.pr-neu.de\/newsroom\/wordpress\/wp-content\/uploads\/2015\/01\/15-08-Modulation-02_G.jpg\"><img loading=\"lazy\" decoding=\"async\" class=\"size-medium wp-image-12844\" src=\"http:\/\/www.pr-neu.de\/newsroom\/wordpress\/wp-content\/uploads\/2015\/01\/15-08-Modulation-02_G-300x180.jpg\" alt=\"\" width=\"300\" height=\"180\" srcset=\"https:\/\/www.pr-neu.de\/newsroom\/wordpress\/wp-content\/uploads\/2015\/01\/15-08-Modulation-02_G-300x180.jpg 300w, https:\/\/www.pr-neu.de\/newsroom\/wordpress\/wp-content\/uploads\/2015\/01\/15-08-Modulation-02_G-1024x615.jpg 1024w, https:\/\/www.pr-neu.de\/newsroom\/wordpress\/wp-content\/uploads\/2015\/01\/15-08-Modulation-02_G-768x461.jpg 768w, https:\/\/www.pr-neu.de\/newsroom\/wordpress\/wp-content\/uploads\/2015\/01\/15-08-Modulation-02_G-1536x922.jpg 1536w, https:\/\/www.pr-neu.de\/newsroom\/wordpress\/wp-content\/uploads\/2015\/01\/15-08-Modulation-02_G-110x66.jpg 110w, https:\/\/www.pr-neu.de\/newsroom\/wordpress\/wp-content\/uploads\/2015\/01\/15-08-Modulation-02_G-420x252.jpg 420w, https:\/\/www.pr-neu.de\/newsroom\/wordpress\/wp-content\/uploads\/2015\/01\/15-08-Modulation-02_G-716x430.jpg 716w, https:\/\/www.pr-neu.de\/newsroom\/wordpress\/wp-content\/uploads\/2015\/01\/15-08-Modulation-02_G.jpg 1795w\" sizes=\"auto, (max-width: 300px) 100vw, 300px\" \/><\/a><\/td>\n<td colspan=\"3\" height=\"21\">2. Simulation<\/p>\n<p>Bild: Sto SE &amp; Co. KGaA<\/td>\n<\/tr>\n<tr>\n<td valign=\"top\" width=\"370\" height=\"25\"><a href=\"http:\/\/www.pr-neu.de\/newsroom\/wordpress\/wp-content\/uploads\/2015\/01\/15-08-Modulation-03_G.jpg\"><img loading=\"lazy\" decoding=\"async\" class=\"size-medium wp-image-12846\" src=\"http:\/\/www.pr-neu.de\/newsroom\/wordpress\/wp-content\/uploads\/2015\/01\/15-08-Modulation-03_G-300x180.jpg\" alt=\"\" width=\"300\" height=\"180\" srcset=\"https:\/\/www.pr-neu.de\/newsroom\/wordpress\/wp-content\/uploads\/2015\/01\/15-08-Modulation-03_G-300x180.jpg 300w, https:\/\/www.pr-neu.de\/newsroom\/wordpress\/wp-content\/uploads\/2015\/01\/15-08-Modulation-03_G-1024x614.jpg 1024w, https:\/\/www.pr-neu.de\/newsroom\/wordpress\/wp-content\/uploads\/2015\/01\/15-08-Modulation-03_G-768x460.jpg 768w, https:\/\/www.pr-neu.de\/newsroom\/wordpress\/wp-content\/uploads\/2015\/01\/15-08-Modulation-03_G-1536x921.jpg 1536w, https:\/\/www.pr-neu.de\/newsroom\/wordpress\/wp-content\/uploads\/2015\/01\/15-08-Modulation-03_G-110x66.jpg 110w, https:\/\/www.pr-neu.de\/newsroom\/wordpress\/wp-content\/uploads\/2015\/01\/15-08-Modulation-03_G-420x252.jpg 420w, https:\/\/www.pr-neu.de\/newsroom\/wordpress\/wp-content\/uploads\/2015\/01\/15-08-Modulation-03_G-717x430.jpg 717w, https:\/\/www.pr-neu.de\/newsroom\/wordpress\/wp-content\/uploads\/2015\/01\/15-08-Modulation-03_G.jpg 1795w\" sizes=\"auto, (max-width: 300px) 100vw, 300px\" \/><\/a><\/td>\n<td colspan=\"3\" height=\"21\">3. Modulation<\/p>\n<p>Bild: Sto SE &amp; Co. KGaA<\/td>\n<\/tr>\n<tr>\n<td valign=\"top\" width=\"370\" height=\"25\"><a href=\"http:\/\/www.pr-neu.de\/newsroom\/wordpress\/wp-content\/uploads\/2015\/01\/15-08-Modulation-04_G.jpg\"><img loading=\"lazy\" decoding=\"async\" class=\"size-medium wp-image-12847\" src=\"http:\/\/www.pr-neu.de\/newsroom\/wordpress\/wp-content\/uploads\/2015\/01\/15-08-Modulation-04_G-300x180.jpg\" alt=\"\" width=\"300\" height=\"180\" srcset=\"https:\/\/www.pr-neu.de\/newsroom\/wordpress\/wp-content\/uploads\/2015\/01\/15-08-Modulation-04_G-300x180.jpg 300w, https:\/\/www.pr-neu.de\/newsroom\/wordpress\/wp-content\/uploads\/2015\/01\/15-08-Modulation-04_G-768x461.jpg 768w, https:\/\/www.pr-neu.de\/newsroom\/wordpress\/wp-content\/uploads\/2015\/01\/15-08-Modulation-04_G-110x66.jpg 110w, https:\/\/www.pr-neu.de\/newsroom\/wordpress\/wp-content\/uploads\/2015\/01\/15-08-Modulation-04_G-420x252.jpg 420w, https:\/\/www.pr-neu.de\/newsroom\/wordpress\/wp-content\/uploads\/2015\/01\/15-08-Modulation-04_G-716x430.jpg 716w, https:\/\/www.pr-neu.de\/newsroom\/wordpress\/wp-content\/uploads\/2015\/01\/15-08-Modulation-04_G.jpg 878w\" sizes=\"auto, (max-width: 300px) 100vw, 300px\" \/><\/a><\/td>\n<td colspan=\"3\" height=\"21\">4. Zuschnitt<\/p>\n<p>Bild: Sto SE &amp; Co. KGaA<\/td>\n<\/tr>\n<tr>\n<td valign=\"top\" width=\"370\" height=\"25\"><a href=\"http:\/\/www.pr-neu.de\/newsroom\/wordpress\/wp-content\/uploads\/2015\/01\/15-08-Modulation-05_G-2.jpg\"><img loading=\"lazy\" decoding=\"async\" class=\"size-medium wp-image-12848\" src=\"http:\/\/www.pr-neu.de\/newsroom\/wordpress\/wp-content\/uploads\/2015\/01\/15-08-Modulation-05_G-2-225x300.jpg\" alt=\"\" width=\"225\" height=\"300\" srcset=\"https:\/\/www.pr-neu.de\/newsroom\/wordpress\/wp-content\/uploads\/2015\/01\/15-08-Modulation-05_G-2-225x300.jpg 225w, https:\/\/www.pr-neu.de\/newsroom\/wordpress\/wp-content\/uploads\/2015\/01\/15-08-Modulation-05_G-2-768x1024.jpg 768w, https:\/\/www.pr-neu.de\/newsroom\/wordpress\/wp-content\/uploads\/2015\/01\/15-08-Modulation-05_G-2-1152x1536.jpg 1152w, https:\/\/www.pr-neu.de\/newsroom\/wordpress\/wp-content\/uploads\/2015\/01\/15-08-Modulation-05_G-2-82x110.jpg 82w, https:\/\/www.pr-neu.de\/newsroom\/wordpress\/wp-content\/uploads\/2015\/01\/15-08-Modulation-05_G-2-315x420.jpg 315w, https:\/\/www.pr-neu.de\/newsroom\/wordpress\/wp-content\/uploads\/2015\/01\/15-08-Modulation-05_G-2-322x430.jpg 322w, https:\/\/www.pr-neu.de\/newsroom\/wordpress\/wp-content\/uploads\/2015\/01\/15-08-Modulation-05_G-2.jpg 1346w\" sizes=\"auto, (max-width: 225px) 100vw, 225px\" \/><\/a><\/td>\n<td colspan=\"3\" height=\"21\">5. Montage<\/p>\n<p>Bild: Sto SE &amp; Co. KGaA<\/td>\n<\/tr>\n<tr>\n<td valign=\"top\" width=\"370\" height=\"25\"><a href=\"http:\/\/www.pr-neu.de\/newsroom\/wordpress\/wp-content\/uploads\/2015\/01\/15-08-Modulation-06_G.jpg\"><img loading=\"lazy\" decoding=\"async\" class=\"size-medium wp-image-12849\" src=\"http:\/\/www.pr-neu.de\/newsroom\/wordpress\/wp-content\/uploads\/2015\/01\/15-08-Modulation-06_G-225x300.jpg\" alt=\"\" width=\"225\" height=\"300\" srcset=\"https:\/\/www.pr-neu.de\/newsroom\/wordpress\/wp-content\/uploads\/2015\/01\/15-08-Modulation-06_G-225x300.jpg 225w, https:\/\/www.pr-neu.de\/newsroom\/wordpress\/wp-content\/uploads\/2015\/01\/15-08-Modulation-06_G-768x1024.jpg 768w, https:\/\/www.pr-neu.de\/newsroom\/wordpress\/wp-content\/uploads\/2015\/01\/15-08-Modulation-06_G-1152x1536.jpg 1152w, https:\/\/www.pr-neu.de\/newsroom\/wordpress\/wp-content\/uploads\/2015\/01\/15-08-Modulation-06_G-82x110.jpg 82w, https:\/\/www.pr-neu.de\/newsroom\/wordpress\/wp-content\/uploads\/2015\/01\/15-08-Modulation-06_G-315x420.jpg 315w, https:\/\/www.pr-neu.de\/newsroom\/wordpress\/wp-content\/uploads\/2015\/01\/15-08-Modulation-06_G-322x430.jpg 322w, https:\/\/www.pr-neu.de\/newsroom\/wordpress\/wp-content\/uploads\/2015\/01\/15-08-Modulation-06_G.jpg 1346w\" sizes=\"auto, (max-width: 225px) 100vw, 225px\" \/><\/a><\/td>\n<td colspan=\"3\" height=\"21\">6. Modulation von W\u00e4rmed\u00e4mm-Verbundsystemen<\/p>\n<p>Bild: Sto SE &amp; Co. KGaA<\/td>\n<\/tr>\n<tr>\n<td valign=\"top\" width=\"370\" height=\"25\"><a href=\"http:\/\/www.pr-neu.de\/newsroom\/wordpress\/wp-content\/uploads\/2015\/01\/15-08-Modulation-07_G.jpg\"><img loading=\"lazy\" decoding=\"async\" class=\"aligncenter size-medium wp-image-12850\" src=\"http:\/\/www.pr-neu.de\/newsroom\/wordpress\/wp-content\/uploads\/2015\/01\/15-08-Modulation-07_G-300x74.jpg\" alt=\"\" width=\"300\" height=\"74\" srcset=\"https:\/\/www.pr-neu.de\/newsroom\/wordpress\/wp-content\/uploads\/2015\/01\/15-08-Modulation-07_G-300x74.jpg 300w, https:\/\/www.pr-neu.de\/newsroom\/wordpress\/wp-content\/uploads\/2015\/01\/15-08-Modulation-07_G-1024x254.jpg 1024w, https:\/\/www.pr-neu.de\/newsroom\/wordpress\/wp-content\/uploads\/2015\/01\/15-08-Modulation-07_G-768x190.jpg 768w, https:\/\/www.pr-neu.de\/newsroom\/wordpress\/wp-content\/uploads\/2015\/01\/15-08-Modulation-07_G-1536x381.jpg 1536w, https:\/\/www.pr-neu.de\/newsroom\/wordpress\/wp-content\/uploads\/2015\/01\/15-08-Modulation-07_G-110x27.jpg 110w, https:\/\/www.pr-neu.de\/newsroom\/wordpress\/wp-content\/uploads\/2015\/01\/15-08-Modulation-07_G-420x104.jpg 420w, https:\/\/www.pr-neu.de\/newsroom\/wordpress\/wp-content\/uploads\/2015\/01\/15-08-Modulation-07_G-770x191.jpg 770w, https:\/\/www.pr-neu.de\/newsroom\/wordpress\/wp-content\/uploads\/2015\/01\/15-08-Modulation-07_G.jpg 1795w\" sizes=\"auto, (max-width: 300px) 100vw, 300px\" \/><\/a><\/td>\n<td colspan=\"3\" height=\"21\">Bild: Sto SE &amp; Co. KGaA<\/td>\n<\/tr>\n<tr>\n<td valign=\"top\" width=\"370\" height=\"25\"><a href=\"http:\/\/www.pr-neu.de\/newsroom\/wordpress\/wp-content\/uploads\/2015\/01\/15-09-VHF-iD_G.jpg\"><img loading=\"lazy\" decoding=\"async\" class=\"size-medium wp-image-12839\" src=\"http:\/\/www.pr-neu.de\/newsroom\/wordpress\/wp-content\/uploads\/2015\/01\/15-09-VHF-iD_G-300x300.jpg\" alt=\"\" width=\"300\" height=\"300\" srcset=\"https:\/\/www.pr-neu.de\/newsroom\/wordpress\/wp-content\/uploads\/2015\/01\/15-09-VHF-iD_G-300x300.jpg 300w, https:\/\/www.pr-neu.de\/newsroom\/wordpress\/wp-content\/uploads\/2015\/01\/15-09-VHF-iD_G-1024x1024.jpg 1024w, https:\/\/www.pr-neu.de\/newsroom\/wordpress\/wp-content\/uploads\/2015\/01\/15-09-VHF-iD_G-150x150.jpg 150w, https:\/\/www.pr-neu.de\/newsroom\/wordpress\/wp-content\/uploads\/2015\/01\/15-09-VHF-iD_G-768x768.jpg 768w, https:\/\/www.pr-neu.de\/newsroom\/wordpress\/wp-content\/uploads\/2015\/01\/15-09-VHF-iD_G-250x250.jpg 250w, https:\/\/www.pr-neu.de\/newsroom\/wordpress\/wp-content\/uploads\/2015\/01\/15-09-VHF-iD_G-125x125.jpg 125w, https:\/\/www.pr-neu.de\/newsroom\/wordpress\/wp-content\/uploads\/2015\/01\/15-09-VHF-iD_G-110x110.jpg 110w, https:\/\/www.pr-neu.de\/newsroom\/wordpress\/wp-content\/uploads\/2015\/01\/15-09-VHF-iD_G-420x420.jpg 420w, https:\/\/www.pr-neu.de\/newsroom\/wordpress\/wp-content\/uploads\/2015\/01\/15-09-VHF-iD_G-430x430.jpg 430w, https:\/\/www.pr-neu.de\/newsroom\/wordpress\/wp-content\/uploads\/2015\/01\/15-09-VHF-iD_G.jpg 1181w\" sizes=\"auto, (max-width: 300px) 100vw, 300px\" \/><\/a><\/td>\n<td colspan=\"3\" height=\"21\">Unter dem Signet \u201eiD \u2013 Individual Digital Engineering\u201c versammelt Sto Dienstleistungen und technische L\u00f6sungen, die parametrische Entwurfsprozesse mit industriellen Fertigungsverfahren verbinden. iD-L\u00f6sungen basieren auf durchg\u00e4ngig digitalen Prozessketten. Sie verkn\u00fcpfen die Einzigartigkeit einer Gestatung mit den Vorteilen hochpr\u00e4ziser serieller Vorfertigung wie Schnelligkeit, Wirtschaftlichkeit und vor allem hochgradiger Ergebnissicherheit.<\/p>\n<p>Bild: Sto SE &amp; Co. KGaA<\/td>\n<\/tr>\n<\/tbody>\n<\/table>\n<p>&nbsp;<\/p>\n<hr noshade=\"noshade\" size=\"1\" \/>\n<p>&nbsp;<\/p>\n<p>Abdruck honorarfrei, Belegexemplar erbeten<\/p>\n<p>&nbsp;<\/p>\n","protected":false},"excerpt":{"rendered":"<p>Forschungsprojekt: Individuelle Fassadengestaltung mit WDVS So wie beim \u00dcbergang von der Holzbauweise zur Massivbauweise Anfang des 17. Jahrhunderts neue Formen und Methoden der Gestaltung von Bauwerken entwickelt wurden, so wird wohl auch die D\u00e4mmbauweise Schritt f\u00fcr Schritt ihre eigene \u00c4sthetik entfalten. Die M\u00fcnchener Architekten Faraneh Farnoudi und Andreas Hild untersuchten in einem Forschungsprojekt Gestaltungsm\u00f6glichkeiten mit [&hellip;]<\/p>\n","protected":false},"author":6,"featured_media":8190,"comment_status":"closed","ping_status":"open","sticky":false,"template":"","format":"standard","meta":{"footnotes":""},"categories":[3,15],"tags":[],"class_list":["post-3176","post","type-post","status-publish","format-standard","has-post-thumbnail","hentry","category-kundenmeldungen","category-sto"],"_links":{"self":[{"href":"https:\/\/www.pr-neu.de\/newsroom\/wp-json\/wp\/v2\/posts\/3176","targetHints":{"allow":["GET"]}}],"collection":[{"href":"https:\/\/www.pr-neu.de\/newsroom\/wp-json\/wp\/v2\/posts"}],"about":[{"href":"https:\/\/www.pr-neu.de\/newsroom\/wp-json\/wp\/v2\/types\/post"}],"author":[{"embeddable":true,"href":"https:\/\/www.pr-neu.de\/newsroom\/wp-json\/wp\/v2\/users\/6"}],"replies":[{"embeddable":true,"href":"https:\/\/www.pr-neu.de\/newsroom\/wp-json\/wp\/v2\/comments?post=3176"}],"version-history":[{"count":5,"href":"https:\/\/www.pr-neu.de\/newsroom\/wp-json\/wp\/v2\/posts\/3176\/revisions"}],"predecessor-version":[{"id":12851,"href":"https:\/\/www.pr-neu.de\/newsroom\/wp-json\/wp\/v2\/posts\/3176\/revisions\/12851"}],"wp:featuredmedia":[{"embeddable":true,"href":"https:\/\/www.pr-neu.de\/newsroom\/wp-json\/wp\/v2\/media\/8190"}],"wp:attachment":[{"href":"https:\/\/www.pr-neu.de\/newsroom\/wp-json\/wp\/v2\/media?parent=3176"}],"wp:term":[{"taxonomy":"category","embeddable":true,"href":"https:\/\/www.pr-neu.de\/newsroom\/wp-json\/wp\/v2\/categories?post=3176"},{"taxonomy":"post_tag","embeddable":true,"href":"https:\/\/www.pr-neu.de\/newsroom\/wp-json\/wp\/v2\/tags?post=3176"}],"curies":[{"name":"wp","href":"https:\/\/api.w.org\/{rel}","templated":true}]}}