{"id":3163,"date":"2015-01-19T08:00:06","date_gmt":"2015-01-19T08:00:06","guid":{"rendered":"http:\/\/www.pr-nord.de\/newsroom\/?p=3163"},"modified":"2020-05-28T15:53:12","modified_gmt":"2020-05-28T13:53:12","slug":"steinstarke-daemmsysteme","status":"publish","type":"post","link":"https:\/\/www.pr-neu.de\/newsroom\/steinstarke-daemmsysteme\/","title":{"rendered":"Steinstarke D\u00e4mmsysteme"},"content":{"rendered":"<p><span style=\"text-decoration: underline;\"> Naturwerkstein auf WDVS<\/span><\/p>\n<p><strong>Direkt auf dem D\u00e4mmsystem appliziert, sorgen f\u00fcnf Kalksteine in drei abgestimmten Formaten f\u00fcr enorme Vielfalt an der Fassade. Die f\u00fcr die Fassadend\u00e4mmsysteme StoTherm Mineral und StoTherm Vario zugelassenen Natursteinplatten erm\u00f6glichen die Kombination von zeitgem\u00e4\u00dfem W\u00e4rmeschutz mit ebenso zeitloser wie widerstandsf\u00e4higer Sch\u00f6nheit.<\/strong><\/p>\n<p>Energieeffizientes Bauen und Sanieren ist heute eine Selbstverst\u00e4ndlichkeit. Fassadend\u00e4mmung mit W\u00e4rmed\u00e4mm-Verbundsystem (WDVS) ist hierbei eine der am h\u00e4ufigsten genutzten Ma\u00dfnahmen. Kamen zu Beginn ihrer Entwicklung nur Putze als Deckbeschichtung in Frage, existiert heute eine gro\u00dfe Vielfalt m\u00f6glicher Oberfl\u00e4chen: Putz, Glasmosaik, Keramik, Feinsteinzeug, Klinkerriemchen, Verolith-Fassadenelemente oder Naturwerkstein. Gerade letzterer erfreut sich zunehmender Beliebtheit \u2013 sowohl wegen seiner hochwertigen Optik als auch wegen seiner positiven Eigenschaften. Da ist zuerst seine lange Lebensdauer zu nennen, die aus seiner mechanischen Belastbarkeit und Witterungs- sowie Frostbest\u00e4ndigkeit resultiert. Auch Nat\u00fcrlichkeit und haptische wie optische Qualit\u00e4ten \u00fcberzeugen. Die Oberfl\u00e4chen variieren von glatt bis rau, sie k\u00f6nnen poliert, geschliffen, sandgestrahlt oder geb\u00fcrstet werden. Die Vielfalt der Farbt\u00f6ne, Maserungen oder Fleckungen ist unbegrenzt, und Steine wie Muschelkalk bestechen zudem mit Strukturen von versteinerten Tieren und Pflanzen. Da die Steine f\u00fcr den Einsatz innen wie au\u00dfen geeignet sind, lassen sich Fl\u00e4chen ohne Materialwechsel von der Fassade ins Geb\u00e4udeinnere fortf\u00fchren.<\/p>\n<p>An der Fassade werden die Naturwerksteinplatten direkt auf dem nicht brennbaren Fassadend\u00e4mmsystem StoTherm Mineral beziehungsweise dem schwer entflammbaren StoTherm Vario mit entsprechender bauaufsichtlicher Zulassung (Z-33.46-422) verklebt. Das neue Naturwerksteinfliesen-Sortiment von Sto umfasst hierf\u00fcr f\u00fcnf Kalksteine in verschiedenen Oberfl\u00e4chenbearbeitungen. Die etwa zehn Millimeter dicken Steinfliesen liegen in drei modular kombinierbaren Formaten vor: 524 mm x 79 mm, 524 mm x 168 mm und 524 mm x 257 mm. Mit diesen standardm\u00e4\u00dfig ungefasten Platten lassen sich durch unterschiedliche Verb\u00e4nde (L\u00e4ufer, Parkett, Reihung etc.) und Fugenbilder abwechslungsreiche Natursteinfassaden gestalten. Das geschlossene Fugenbild mit einer Breite von circa zehn Millimetern kann als Fugenversatz oder Kreuzfuge ausgestaltet werden. Besondere Aufmerksamkeit muss den dauerelastischen Feldbegrenzungsfugen zuteil werden.<\/p>\n<p>Naturstein auf WDVS besticht durch seine Kombinierbarkeit mit anderen Oberfl\u00e4chen (z.B. Putz), sein geringes Gewicht und seine ebenso schnelle wie einfache Verarbeitung. Spezielles Know-how allerdings bedarf es beim energieeffizienten Bekleiden einer Fassade mit Naturstein auf Herstellerseite. Ausgereifte Detaill\u00f6sungen f\u00fcr Anschl\u00fcsse und Abschl\u00fcsse m\u00fcssen Bestandteil des Systems sein. Die WDVS- und VHF-Spezialisten verf\u00fcgen in diesem Bereich \u00fcber besonderes Fachwissen, da verschiedene Steinbr\u00fcche und das auf Steinverarbeitung und -veredelung spezialisierte Unternehmen VeroStone zur Sto-Gruppe geh\u00f6ren.<\/p>\n<p>&nbsp;<\/p>\n<hr noshade=\"noshade\" size=\"1\" \/>\n<p>&nbsp;<\/p>\n<table style=\"height: 1699px;\" border=\"0\" width=\"645\" cellspacing=\"0\" cellpadding=\"0\">\n<tbody>\n<tr>\n<td valign=\"top\" width=\"370\" height=\"25\"><a href=\"http:\/\/www.pr-neu.de\/newsroom\/wordpress\/wp-content\/uploads\/2015\/01\/15-04_BAU_Naturstein_1_G.jpg\"><img loading=\"lazy\" decoding=\"async\" class=\"size-medium wp-image-12889\" src=\"http:\/\/www.pr-neu.de\/newsroom\/wordpress\/wp-content\/uploads\/2015\/01\/15-04_BAU_Naturstein_1_G-300x228.jpg\" alt=\"\" width=\"300\" height=\"228\" srcset=\"https:\/\/www.pr-neu.de\/newsroom\/wordpress\/wp-content\/uploads\/2015\/01\/15-04_BAU_Naturstein_1_G-300x228.jpg 300w, https:\/\/www.pr-neu.de\/newsroom\/wordpress\/wp-content\/uploads\/2015\/01\/15-04_BAU_Naturstein_1_G-1024x778.jpg 1024w, https:\/\/www.pr-neu.de\/newsroom\/wordpress\/wp-content\/uploads\/2015\/01\/15-04_BAU_Naturstein_1_G-768x584.jpg 768w, https:\/\/www.pr-neu.de\/newsroom\/wordpress\/wp-content\/uploads\/2015\/01\/15-04_BAU_Naturstein_1_G-1536x1167.jpg 1536w, https:\/\/www.pr-neu.de\/newsroom\/wordpress\/wp-content\/uploads\/2015\/01\/15-04_BAU_Naturstein_1_G-110x84.jpg 110w, https:\/\/www.pr-neu.de\/newsroom\/wordpress\/wp-content\/uploads\/2015\/01\/15-04_BAU_Naturstein_1_G-420x319.jpg 420w, https:\/\/www.pr-neu.de\/newsroom\/wordpress\/wp-content\/uploads\/2015\/01\/15-04_BAU_Naturstein_1_G-566x430.jpg 566w, https:\/\/www.pr-neu.de\/newsroom\/wordpress\/wp-content\/uploads\/2015\/01\/15-04_BAU_Naturstein_1_G.jpg 1795w\" sizes=\"auto, (max-width: 300px) 100vw, 300px\" \/><\/a><\/td>\n<td colspan=\"3\" height=\"21\">Widerstandsf\u00e4hig und kosteng\u00fcnstig: W\u00e4rmed\u00e4mm-Verbundsysteme mit Naturwerkstein.<\/p>\n<p>Bild: Sto SE &amp; Co. KGaA<\/td>\n<\/tr>\n<tr>\n<td valign=\"top\" width=\"370\" height=\"25\"><a href=\"http:\/\/www.pr-neu.de\/newsroom\/wordpress\/wp-content\/uploads\/2015\/01\/15-04_BAU_Naturstein_2_G-2.jpg\"><img loading=\"lazy\" decoding=\"async\" class=\"size-medium wp-image-12890\" src=\"http:\/\/www.pr-neu.de\/newsroom\/wordpress\/wp-content\/uploads\/2015\/01\/15-04_BAU_Naturstein_2_G-2-300x200.jpg\" alt=\"\" width=\"300\" height=\"200\" srcset=\"https:\/\/www.pr-neu.de\/newsroom\/wordpress\/wp-content\/uploads\/2015\/01\/15-04_BAU_Naturstein_2_G-2-300x200.jpg 300w, https:\/\/www.pr-neu.de\/newsroom\/wordpress\/wp-content\/uploads\/2015\/01\/15-04_BAU_Naturstein_2_G-2-1024x683.jpg 1024w, https:\/\/www.pr-neu.de\/newsroom\/wordpress\/wp-content\/uploads\/2015\/01\/15-04_BAU_Naturstein_2_G-2-768x512.jpg 768w, https:\/\/www.pr-neu.de\/newsroom\/wordpress\/wp-content\/uploads\/2015\/01\/15-04_BAU_Naturstein_2_G-2-1536x1024.jpg 1536w, https:\/\/www.pr-neu.de\/newsroom\/wordpress\/wp-content\/uploads\/2015\/01\/15-04_BAU_Naturstein_2_G-2-110x73.jpg 110w, https:\/\/www.pr-neu.de\/newsroom\/wordpress\/wp-content\/uploads\/2015\/01\/15-04_BAU_Naturstein_2_G-2-420x280.jpg 420w, https:\/\/www.pr-neu.de\/newsroom\/wordpress\/wp-content\/uploads\/2015\/01\/15-04_BAU_Naturstein_2_G-2-645x430.jpg 645w, https:\/\/www.pr-neu.de\/newsroom\/wordpress\/wp-content\/uploads\/2015\/01\/15-04_BAU_Naturstein_2_G-2.jpg 1795w\" sizes=\"auto, (max-width: 300px) 100vw, 300px\" \/><\/a><\/td>\n<td colspan=\"3\" height=\"21\">Auch bei Natursteinfassaden basiert Know-how auf Erfahrung: Die Sto-Gruppe hat sie \u2013 und eigene Steinbr\u00fcche.<\/p>\n<p>Foto: Jens Hagen, K\u00f6nigsfeld<\/td>\n<\/tr>\n<tr>\n<td valign=\"top\" width=\"370\" height=\"25\"><a href=\"http:\/\/www.pr-neu.de\/newsroom\/wordpress\/wp-content\/uploads\/2015\/01\/15-04_BAU_Naturstein_3_G.jpg\"><img loading=\"lazy\" decoding=\"async\" class=\"size-medium wp-image-12891\" src=\"http:\/\/www.pr-neu.de\/newsroom\/wordpress\/wp-content\/uploads\/2015\/01\/15-04_BAU_Naturstein_3_G-218x300.jpg\" alt=\"\" width=\"218\" height=\"300\" srcset=\"https:\/\/www.pr-neu.de\/newsroom\/wordpress\/wp-content\/uploads\/2015\/01\/15-04_BAU_Naturstein_3_G-218x300.jpg 218w, https:\/\/www.pr-neu.de\/newsroom\/wordpress\/wp-content\/uploads\/2015\/01\/15-04_BAU_Naturstein_3_G-743x1024.jpg 743w, https:\/\/www.pr-neu.de\/newsroom\/wordpress\/wp-content\/uploads\/2015\/01\/15-04_BAU_Naturstein_3_G-768x1058.jpg 768w, https:\/\/www.pr-neu.de\/newsroom\/wordpress\/wp-content\/uploads\/2015\/01\/15-04_BAU_Naturstein_3_G-1115x1536.jpg 1115w, https:\/\/www.pr-neu.de\/newsroom\/wordpress\/wp-content\/uploads\/2015\/01\/15-04_BAU_Naturstein_3_G-80x110.jpg 80w, https:\/\/www.pr-neu.de\/newsroom\/wordpress\/wp-content\/uploads\/2015\/01\/15-04_BAU_Naturstein_3_G-305x420.jpg 305w, https:\/\/www.pr-neu.de\/newsroom\/wordpress\/wp-content\/uploads\/2015\/01\/15-04_BAU_Naturstein_3_G-312x430.jpg 312w, https:\/\/www.pr-neu.de\/newsroom\/wordpress\/wp-content\/uploads\/2015\/01\/15-04_BAU_Naturstein_3_G.jpg 1303w\" sizes=\"auto, (max-width: 218px) 100vw, 218px\" \/><\/a><\/td>\n<td colspan=\"3\" height=\"21\">Erfahrung, Wissen und der Mut, neue Wege zu gehen, verwandeln traditionelle Steinfassaden in Energiesparfassaden.<\/p>\n<p>Foto: Jens Hagen, K\u00f6nigsfeld<\/td>\n<\/tr>\n<tr>\n<td valign=\"top\" width=\"370\" height=\"25\"><a href=\"http:\/\/www.pr-neu.de\/newsroom\/wordpress\/wp-content\/uploads\/2015\/01\/15-04_BAU_Naturstein_4_G.jpg\"><img loading=\"lazy\" decoding=\"async\" class=\"size-medium wp-image-12893\" src=\"http:\/\/www.pr-neu.de\/newsroom\/wordpress\/wp-content\/uploads\/2015\/01\/15-04_BAU_Naturstein_4_G-296x300.jpg\" alt=\"\" width=\"296\" height=\"300\" srcset=\"https:\/\/www.pr-neu.de\/newsroom\/wordpress\/wp-content\/uploads\/2015\/01\/15-04_BAU_Naturstein_4_G-296x300.jpg 296w, https:\/\/www.pr-neu.de\/newsroom\/wordpress\/wp-content\/uploads\/2015\/01\/15-04_BAU_Naturstein_4_G-1010x1024.jpg 1010w, https:\/\/www.pr-neu.de\/newsroom\/wordpress\/wp-content\/uploads\/2015\/01\/15-04_BAU_Naturstein_4_G-768x778.jpg 768w, https:\/\/www.pr-neu.de\/newsroom\/wordpress\/wp-content\/uploads\/2015\/01\/15-04_BAU_Naturstein_4_G-1515x1536.jpg 1515w, https:\/\/www.pr-neu.de\/newsroom\/wordpress\/wp-content\/uploads\/2015\/01\/15-04_BAU_Naturstein_4_G-110x110.jpg 110w, https:\/\/www.pr-neu.de\/newsroom\/wordpress\/wp-content\/uploads\/2015\/01\/15-04_BAU_Naturstein_4_G-414x420.jpg 414w, https:\/\/www.pr-neu.de\/newsroom\/wordpress\/wp-content\/uploads\/2015\/01\/15-04_BAU_Naturstein_4_G-424x430.jpg 424w, https:\/\/www.pr-neu.de\/newsroom\/wordpress\/wp-content\/uploads\/2015\/01\/15-04_BAU_Naturstein_4_G.jpg 1771w\" sizes=\"auto, (max-width: 296px) 100vw, 296px\" \/><\/a><\/td>\n<td colspan=\"3\" height=\"21\">Hellgelb oder graublau, geschliffen oder sandgestrahlt, mit Fugenversatz oder als Kreuzfuge: Sowohl verschiedene Steinarten, Steinoberfl\u00e4chen als auch Steinformate k\u00f6nnen kombiniert werden.<\/p>\n<p>Foto: Sto SE &amp; Co. KGaA<\/td>\n<\/tr>\n<tr>\n<td valign=\"top\" width=\"370\" height=\"25\"><a href=\"http:\/\/www.pr-neu.de\/newsroom\/wordpress\/wp-content\/uploads\/2015\/01\/15-04_BAU_Naturstein_5_G.jpg\"><img loading=\"lazy\" decoding=\"async\" class=\"size-medium wp-image-12894\" src=\"http:\/\/www.pr-neu.de\/newsroom\/wordpress\/wp-content\/uploads\/2015\/01\/15-04_BAU_Naturstein_5_G-300x214.jpg\" alt=\"\" width=\"300\" height=\"214\" srcset=\"https:\/\/www.pr-neu.de\/newsroom\/wordpress\/wp-content\/uploads\/2015\/01\/15-04_BAU_Naturstein_5_G-300x214.jpg 300w, https:\/\/www.pr-neu.de\/newsroom\/wordpress\/wp-content\/uploads\/2015\/01\/15-04_BAU_Naturstein_5_G-1024x731.jpg 1024w, https:\/\/www.pr-neu.de\/newsroom\/wordpress\/wp-content\/uploads\/2015\/01\/15-04_BAU_Naturstein_5_G-768x549.jpg 768w, https:\/\/www.pr-neu.de\/newsroom\/wordpress\/wp-content\/uploads\/2015\/01\/15-04_BAU_Naturstein_5_G-1536x1097.jpg 1536w, https:\/\/www.pr-neu.de\/newsroom\/wordpress\/wp-content\/uploads\/2015\/01\/15-04_BAU_Naturstein_5_G-110x79.jpg 110w, https:\/\/www.pr-neu.de\/newsroom\/wordpress\/wp-content\/uploads\/2015\/01\/15-04_BAU_Naturstein_5_G-420x300.jpg 420w, https:\/\/www.pr-neu.de\/newsroom\/wordpress\/wp-content\/uploads\/2015\/01\/15-04_BAU_Naturstein_5_G-602x430.jpg 602w, https:\/\/www.pr-neu.de\/newsroom\/wordpress\/wp-content\/uploads\/2015\/01\/15-04_BAU_Naturstein_5_G.jpg 1795w\" sizes=\"auto, (max-width: 300px) 100vw, 300px\" \/><\/a><\/td>\n<td colspan=\"3\" height=\"21\">Naturwerksteine aus Kalkstein von Sto werden in firmeneigenen Steinbr\u00fcchen in Deutschland gewonnen und bearbeitet. Sie sind in drei Formaten erh\u00e4ltlich \u2013 und lassen sich untereinander frei kombinieren. Die Steine werden direkt auf ein Fassadend\u00e4mmsystem appliziert.<\/p>\n<p>Foto: Sto SE &amp; Co. KGaA<\/td>\n<\/tr>\n<\/tbody>\n<\/table>\n<p>&nbsp;<\/p>\n<hr noshade=\"noshade\" size=\"1\" \/>\n<p>&nbsp;<\/p>\n<p>Abdruck honorarfrei, Belegexemplar erbeten<\/p>\n<p>&nbsp;<\/p>\n","protected":false},"excerpt":{"rendered":"<p>Naturwerkstein auf WDVS Direkt auf dem D\u00e4mmsystem appliziert, sorgen f\u00fcnf Kalksteine in drei abgestimmten Formaten f\u00fcr enorme Vielfalt an der Fassade. Die f\u00fcr die Fassadend\u00e4mmsysteme StoTherm Mineral und StoTherm Vario zugelassenen Natursteinplatten erm\u00f6glichen die Kombination von zeitgem\u00e4\u00dfem W\u00e4rmeschutz mit ebenso zeitloser wie widerstandsf\u00e4higer Sch\u00f6nheit. Energieeffizientes Bauen und Sanieren ist heute eine Selbstverst\u00e4ndlichkeit. Fassadend\u00e4mmung mit W\u00e4rmed\u00e4mm-Verbundsystem [&hellip;]<\/p>\n","protected":false},"author":6,"featured_media":8207,"comment_status":"closed","ping_status":"open","sticky":false,"template":"","format":"standard","meta":{"footnotes":""},"categories":[3,15],"tags":[],"class_list":["post-3163","post","type-post","status-publish","format-standard","has-post-thumbnail","hentry","category-kundenmeldungen","category-sto"],"_links":{"self":[{"href":"https:\/\/www.pr-neu.de\/newsroom\/wp-json\/wp\/v2\/posts\/3163","targetHints":{"allow":["GET"]}}],"collection":[{"href":"https:\/\/www.pr-neu.de\/newsroom\/wp-json\/wp\/v2\/posts"}],"about":[{"href":"https:\/\/www.pr-neu.de\/newsroom\/wp-json\/wp\/v2\/types\/post"}],"author":[{"embeddable":true,"href":"https:\/\/www.pr-neu.de\/newsroom\/wp-json\/wp\/v2\/users\/6"}],"replies":[{"embeddable":true,"href":"https:\/\/www.pr-neu.de\/newsroom\/wp-json\/wp\/v2\/comments?post=3163"}],"version-history":[{"count":4,"href":"https:\/\/www.pr-neu.de\/newsroom\/wp-json\/wp\/v2\/posts\/3163\/revisions"}],"predecessor-version":[{"id":12892,"href":"https:\/\/www.pr-neu.de\/newsroom\/wp-json\/wp\/v2\/posts\/3163\/revisions\/12892"}],"wp:featuredmedia":[{"embeddable":true,"href":"https:\/\/www.pr-neu.de\/newsroom\/wp-json\/wp\/v2\/media\/8207"}],"wp:attachment":[{"href":"https:\/\/www.pr-neu.de\/newsroom\/wp-json\/wp\/v2\/media?parent=3163"}],"wp:term":[{"taxonomy":"category","embeddable":true,"href":"https:\/\/www.pr-neu.de\/newsroom\/wp-json\/wp\/v2\/categories?post=3163"},{"taxonomy":"post_tag","embeddable":true,"href":"https:\/\/www.pr-neu.de\/newsroom\/wp-json\/wp\/v2\/tags?post=3163"}],"curies":[{"name":"wp","href":"https:\/\/api.w.org\/{rel}","templated":true}]}}