{"id":3159,"date":"2015-01-19T08:00:59","date_gmt":"2015-01-19T08:00:59","guid":{"rendered":"http:\/\/www.pr-nord.de\/newsroom\/?p=3159"},"modified":"2020-05-28T15:36:22","modified_gmt":"2020-05-28T13:36:22","slug":"hoer-zu","status":"publish","type":"post","link":"https:\/\/www.pr-neu.de\/newsroom\/hoer-zu\/","title":{"rendered":"H\u00f6r zu!"},"content":{"rendered":"<p><u> Sto-Akustiksysteme<\/u><\/p>\n<p><strong>R\u00e4ume sind verschieden und werden verschieden genutzt; sie verlangen darum individuelle akustische Konzepte. Mit vier bew\u00e4hrten Systemen bietet das StoSilent-Programm die L\u00f6sungsbreite, um in jedem Raum f\u00fcr optimale Akustik zu sorgen \u2013 ob Klassenzimmer, B\u00fcro oder Ruhezone. <\/strong><\/p>\n<p>Die Gestaltung von Innenr\u00e4umen hat vielf\u00e4ltigen Einfluss auf uns Menschen. Das beginnt bei den Proportionen, setzt sich fort bei Bel\u00fcftung und Belichtung, bei der thermischen Behaglichkeit \u2013 also Heizung und Klimatisierung \u2013 und m\u00fcndet in das akustische Wohlbefinden. Gut konzipierte Raumakustik tr\u00e4gt entscheidend zum \u201eWohlf\u00fchlen\u201c bei, sie reduziert L\u00e4rm und St\u00f6rger\u00e4usche und verbessert die Verst\u00e4ndlichkeit des gesprochenen Worts. Doch ob Konzertsaal, B\u00fcro, Restaurant oder Museum \u2013 die Anforderungen an die Akustik sind stets so individuell wie die R\u00e4ume selbst.<\/p>\n<p>Das Produktprogramm StoSilent bietet darum ein umfassendes Sortiment an schallabsorbierenden Produkten f\u00fcr vier zentrale Systemvarianten. Neben dem technischen Nutzen steht immer der gestalterische Aspekt im Vordergrund. Hochwertige Schlussbeschichtungen erm\u00f6glichen eine architektonische Gestaltung ohne funktionale, sichtbare Einschr\u00e4nkungen. Es gilt, das architektonische Ideal der wei\u00dfen, fugenlosen, ebenen Fl\u00e4che mit den technischen Anforderungen der Akustik optimal zu verbinden. Und soll das &#8222;wei\u00dfe Ideal&#8220; einmal bewusst durchbrochen werden, stehen bei den Sto-Akustiksystemen bis zu 450 Farbt\u00f6ne zur Verf\u00fcgung.<\/p>\n<p>Bei dem fugenlosen Plattensystem StoSilent Distance lassen sich die akustisch wirksamen Bauteile mit einer ebenen, fugenlosen Fl\u00e4che kombinieren. Die abgeh\u00e4ngte Decken- und Wandverkleidung erm\u00f6glicht fugenlose Fl\u00e4chen bis 200 Quadratmeter. Im Hohlraum werden haustechnische Installationen untergebracht. Aufgrund der feinen Schlussbeschichtungen lassen sich anspruchsvolle, hochwertige Oberfl\u00e4chen verwirklichen, sowohl in Wei\u00df als auch in zahlreichen Farbt\u00f6nen, je nach Beschichtungssystem.<\/p>\n<p>F\u00fcr eine einfache direkte Montage an W\u00e4nden und Decken eignet sich das neu entwickelte, fugenlos verlegbare System StoSilent Direct. Die Sandwichplatten aus Steinwolle und Bl\u00e4hglasgranulat punkten mit hoher Schallabsorption bei geringer Aufbauh\u00f6he. Neben den Schlussbeschichtungen StoSilent Top und StoSilent Decor ist eine Farbbeschichtung m\u00f6glich. In Kombination mit der Schlussbeschichtung StoColor Climasan wird unter Lichteinfluss ein Katalysator aktiv, der organische Geruchs- und Schadstoffe neutralisiert.<\/p>\n<p>Das variable Deckensegelprogramm StoSilent Modular verbessert die Akustik einfach und schnell und ist ideal f\u00fcr die nachtr\u00e4gliche Montage in bereits genutzten R\u00e4umen. Besonders geeignet ist das Segelsystem f\u00fcr Geb\u00e4ude mit Betonkernk\u00fchlung, bei denen eine vollfl\u00e4chige Akustikdecke zu K\u00fchlverlusten f\u00fchren w\u00fcrde. Je nach Oberfl\u00e4che, Abh\u00e4ngh\u00f6he und Bed\u00e4mpfung variiert die Schallabsorption. Dank der flexiblen Stahlseilabh\u00e4ngung und der Variationsm\u00f6glichkeiten in Form und Farbe wirken die Segel zus\u00e4tzlich als Gestaltungselement.<\/p>\n<p>Eine ideale L\u00f6sung f\u00fcr R\u00e4ume, in denen abgeh\u00e4ngte Verklei-dungen nicht m\u00f6glich sind, bieten formflexible Akustikputzsysteme. StoSilent Compact Sil zeigt eine feine Putzstruktur, das System ist vorrangig f\u00fcr ebene Fl\u00e4chen geeignet. F\u00fcr gekr\u00fcmmte Fl\u00e4chen wie Kuppeln oder Gew\u00f6lbe empfiehlt sich der mehrlagige Spritzputz StoSilent Compact Miral, dessen raue, por\u00f6se Struktur Ger\u00e4usche d\u00e4mpft und den Nachhall reduziert.<\/p>\n<p>&nbsp;<\/p>\n<hr noshade=\"noshade\" size=\"1\" \/>\n<p>&nbsp;<\/p>\n<p><span style=\"text-decoration: underline;\"><strong>Die vier Akustiksysteme auf einen Blick:<\/strong><\/span><\/p>\n<p><strong>StoSilent Distance<\/strong> \u2013 Das fugenlose Plattensystem.<br \/>\n\u2022 wertsteigernde L\u00f6sung<br \/>\n\u2022 feinste Oberfl\u00e4chen aus dem StoSilent-Programm<br \/>\n\u2022 nachhaltige und \u00f6kologische Beschichtungen<\/p>\n<p><strong>StoSilent Direct<\/strong> \u2013 Das einfache Direktsystem.<br \/>\n\u2022 hohe Schallabsorption<br \/>\n\u2022 feinste Oberfl\u00e4chen aus dem StoSilent-Programm<br \/>\n\u2022 Climasan-Effekt durch StoColor Climasan<\/p>\n<p><strong>StoSilent Compact<\/strong> \u2013 Das formflexible Putzsystem.<br \/>\n\u2022 ideal bei begrenzten Bauh\u00f6hen<br \/>\n\u2022 raue und feine Putzoberfl\u00e4chen<br \/>\n\u2022 breites Farbspektrum<\/p>\n<p><strong>StoSilent Modular<\/strong> \u2013 Das variable Deckensegel.<br \/>\n\u2022 hervorragende Schallabsorption<br \/>\n\u2022 feinste Oberfl\u00e4chen- und Farbgestaltung<br \/>\n\u2022 Produktprogramm aus vier verschiedenen Linien<br \/>\n\u2022 Standardformate und individuelle L\u00f6sungen<\/p>\n<p>&nbsp;<\/p>\n<hr noshade=\"noshade\" size=\"1\" \/>\n<p>&nbsp;<\/p>\n<p><strong>Zitat<\/strong><\/p>\n<p><em>\u00bbErst eine passende Akustik erm\u00f6glicht die richtige Nutzung von R\u00e4umen. Sto-Systeme vereinen passende Schallabsorption und gestalterischen Anspruch mit baulicher Flexibilit\u00e4t.\u00ab<\/em><\/p>\n<p>Horst Drotleff, Fraunhofer-Institut f\u00fcr Bauphysik IBP<\/p>\n<p>&nbsp;<\/p>\n<hr noshade=\"noshade\" size=\"1\" \/>\n<p>&nbsp;<\/p>\n<table style=\"height: 1871px;\" border=\"0\" width=\"650\" cellspacing=\"0\" cellpadding=\"0\">\n<tbody>\n<tr>\n<td valign=\"top\" width=\"370\" height=\"25\"><a href=\"http:\/\/www.pr-neu.de\/newsroom\/wordpress\/wp-content\/uploads\/2015\/01\/15-01-BAU-Akustik-01_G.jpg\"><img loading=\"lazy\" decoding=\"async\" class=\"size-medium wp-image-12820\" src=\"http:\/\/www.pr-neu.de\/newsroom\/wordpress\/wp-content\/uploads\/2015\/01\/15-01-BAU-Akustik-01_G-300x201.jpg\" alt=\"\" width=\"300\" height=\"201\" srcset=\"https:\/\/www.pr-neu.de\/newsroom\/wordpress\/wp-content\/uploads\/2015\/01\/15-01-BAU-Akustik-01_G-300x201.jpg 300w, https:\/\/www.pr-neu.de\/newsroom\/wordpress\/wp-content\/uploads\/2015\/01\/15-01-BAU-Akustik-01_G-1024x687.jpg 1024w, https:\/\/www.pr-neu.de\/newsroom\/wordpress\/wp-content\/uploads\/2015\/01\/15-01-BAU-Akustik-01_G-768x516.jpg 768w, https:\/\/www.pr-neu.de\/newsroom\/wordpress\/wp-content\/uploads\/2015\/01\/15-01-BAU-Akustik-01_G-1536x1031.jpg 1536w, https:\/\/www.pr-neu.de\/newsroom\/wordpress\/wp-content\/uploads\/2015\/01\/15-01-BAU-Akustik-01_G-110x74.jpg 110w, https:\/\/www.pr-neu.de\/newsroom\/wordpress\/wp-content\/uploads\/2015\/01\/15-01-BAU-Akustik-01_G-420x282.jpg 420w, https:\/\/www.pr-neu.de\/newsroom\/wordpress\/wp-content\/uploads\/2015\/01\/15-01-BAU-Akustik-01_G-641x430.jpg 641w, https:\/\/www.pr-neu.de\/newsroom\/wordpress\/wp-content\/uploads\/2015\/01\/15-01-BAU-Akustik-01_G.jpg 1795w\" sizes=\"auto, (max-width: 300px) 100vw, 300px\" \/><\/a><\/td>\n<td colspan=\"3\" height=\"21\">ADAC Hansa in Hamburg, Ninoustatari Architects BDA, Bremen, DE; Sto-Kompetenzen: StoSilent Distance mit Beschichtung StoSilent Decor<\/p>\n<p>Foto: John Schofeld, Bremen, DE \/ Sto SE &amp; Co. KGaA<\/td>\n<\/tr>\n<tr>\n<td valign=\"top\" width=\"370\" height=\"25\"><a href=\"http:\/\/www.pr-neu.de\/newsroom\/wordpress\/wp-content\/uploads\/2015\/01\/15-01-BAU-Akustik-02_G-2.jpg\"><img loading=\"lazy\" decoding=\"async\" class=\"size-medium wp-image-12821\" src=\"http:\/\/www.pr-neu.de\/newsroom\/wordpress\/wp-content\/uploads\/2015\/01\/15-01-BAU-Akustik-02_G-2-300x201.jpg\" alt=\"\" width=\"300\" height=\"201\" srcset=\"https:\/\/www.pr-neu.de\/newsroom\/wordpress\/wp-content\/uploads\/2015\/01\/15-01-BAU-Akustik-02_G-2-300x201.jpg 300w, https:\/\/www.pr-neu.de\/newsroom\/wordpress\/wp-content\/uploads\/2015\/01\/15-01-BAU-Akustik-02_G-2-1024x687.jpg 1024w, https:\/\/www.pr-neu.de\/newsroom\/wordpress\/wp-content\/uploads\/2015\/01\/15-01-BAU-Akustik-02_G-2-768x516.jpg 768w, https:\/\/www.pr-neu.de\/newsroom\/wordpress\/wp-content\/uploads\/2015\/01\/15-01-BAU-Akustik-02_G-2-1536x1031.jpg 1536w, https:\/\/www.pr-neu.de\/newsroom\/wordpress\/wp-content\/uploads\/2015\/01\/15-01-BAU-Akustik-02_G-2-110x74.jpg 110w, https:\/\/www.pr-neu.de\/newsroom\/wordpress\/wp-content\/uploads\/2015\/01\/15-01-BAU-Akustik-02_G-2-420x282.jpg 420w, https:\/\/www.pr-neu.de\/newsroom\/wordpress\/wp-content\/uploads\/2015\/01\/15-01-BAU-Akustik-02_G-2-641x430.jpg 641w, https:\/\/www.pr-neu.de\/newsroom\/wordpress\/wp-content\/uploads\/2015\/01\/15-01-BAU-Akustik-02_G-2.jpg 1795w\" sizes=\"auto, (max-width: 300px) 100vw, 300px\" \/><\/a><\/td>\n<td colspan=\"3\" height=\"21\">London Metropolitan University, UK; Studio Daniel Libeskind, Berlin, DE; Sto-Kompetenzen: StoSilent Distance mit Beschichtung StoSilent Decor<\/p>\n<p>Foto: Studio Daniel Libeskind, Berlin, DE \/ Sto SE &amp; Co. KGaA<\/td>\n<\/tr>\n<tr>\n<td valign=\"top\" width=\"370\" height=\"25\"><a href=\"http:\/\/www.pr-neu.de\/newsroom\/wordpress\/wp-content\/uploads\/2015\/01\/15-01-BAU-Akustik-03_G.jpg\"><img loading=\"lazy\" decoding=\"async\" class=\"size-medium wp-image-12822\" src=\"http:\/\/www.pr-neu.de\/newsroom\/wordpress\/wp-content\/uploads\/2015\/01\/15-01-BAU-Akustik-03_G-300x211.jpg\" alt=\"\" width=\"300\" height=\"211\" srcset=\"https:\/\/www.pr-neu.de\/newsroom\/wordpress\/wp-content\/uploads\/2015\/01\/15-01-BAU-Akustik-03_G-300x211.jpg 300w, https:\/\/www.pr-neu.de\/newsroom\/wordpress\/wp-content\/uploads\/2015\/01\/15-01-BAU-Akustik-03_G-1024x719.jpg 1024w, https:\/\/www.pr-neu.de\/newsroom\/wordpress\/wp-content\/uploads\/2015\/01\/15-01-BAU-Akustik-03_G-768x540.jpg 768w, https:\/\/www.pr-neu.de\/newsroom\/wordpress\/wp-content\/uploads\/2015\/01\/15-01-BAU-Akustik-03_G-1536x1079.jpg 1536w, https:\/\/www.pr-neu.de\/newsroom\/wordpress\/wp-content\/uploads\/2015\/01\/15-01-BAU-Akustik-03_G-110x77.jpg 110w, https:\/\/www.pr-neu.de\/newsroom\/wordpress\/wp-content\/uploads\/2015\/01\/15-01-BAU-Akustik-03_G-420x295.jpg 420w, https:\/\/www.pr-neu.de\/newsroom\/wordpress\/wp-content\/uploads\/2015\/01\/15-01-BAU-Akustik-03_G-612x430.jpg 612w, https:\/\/www.pr-neu.de\/newsroom\/wordpress\/wp-content\/uploads\/2015\/01\/15-01-BAU-Akustik-03_G.jpg 1795w\" sizes=\"auto, (max-width: 300px) 100vw, 300px\" \/><\/a><\/td>\n<td colspan=\"3\" height=\"21\">Privates Wohnhaus in \u00d6sterreich von driendl architects, Mieders\/Wien; Sto-Kompetenzen: StoSilent Modular-Deckensegel.<\/p>\n<p>Foto: Christian Schellander, Villach, AT \/ Sto SE &amp; Co. KGaA<\/p>\n<p>&nbsp;<\/td>\n<\/tr>\n<tr>\n<td valign=\"top\" width=\"370\" height=\"25\"><a href=\"http:\/\/www.pr-neu.de\/newsroom\/wordpress\/wp-content\/uploads\/2015\/01\/15-01-BAU-Akustik-04_G.jpg\"><img loading=\"lazy\" decoding=\"async\" class=\"aligncenter size-medium wp-image-12824\" src=\"http:\/\/www.pr-neu.de\/newsroom\/wordpress\/wp-content\/uploads\/2015\/01\/15-01-BAU-Akustik-04_G-300x201.jpg\" alt=\"\" width=\"300\" height=\"201\" srcset=\"https:\/\/www.pr-neu.de\/newsroom\/wordpress\/wp-content\/uploads\/2015\/01\/15-01-BAU-Akustik-04_G-300x201.jpg 300w, https:\/\/www.pr-neu.de\/newsroom\/wordpress\/wp-content\/uploads\/2015\/01\/15-01-BAU-Akustik-04_G-1024x687.jpg 1024w, https:\/\/www.pr-neu.de\/newsroom\/wordpress\/wp-content\/uploads\/2015\/01\/15-01-BAU-Akustik-04_G-768x516.jpg 768w, https:\/\/www.pr-neu.de\/newsroom\/wordpress\/wp-content\/uploads\/2015\/01\/15-01-BAU-Akustik-04_G-1536x1031.jpg 1536w, https:\/\/www.pr-neu.de\/newsroom\/wordpress\/wp-content\/uploads\/2015\/01\/15-01-BAU-Akustik-04_G-110x74.jpg 110w, https:\/\/www.pr-neu.de\/newsroom\/wordpress\/wp-content\/uploads\/2015\/01\/15-01-BAU-Akustik-04_G-420x282.jpg 420w, https:\/\/www.pr-neu.de\/newsroom\/wordpress\/wp-content\/uploads\/2015\/01\/15-01-BAU-Akustik-04_G-641x430.jpg 641w, https:\/\/www.pr-neu.de\/newsroom\/wordpress\/wp-content\/uploads\/2015\/01\/15-01-BAU-Akustik-04_G.jpg 1795w\" sizes=\"auto, (max-width: 300px) 100vw, 300px\" \/><\/a><\/td>\n<td colspan=\"3\" height=\"21\">StoSilent Distance mit Deckbeschichtung StoSilent Top.<\/p>\n<p>Grafik: Sto SE &amp; Co. KGaA<\/td>\n<\/tr>\n<tr>\n<td valign=\"top\" width=\"370\" height=\"25\"><a href=\"http:\/\/www.pr-neu.de\/newsroom\/wordpress\/wp-content\/uploads\/2015\/01\/15-01-BAU-Akustik-05_G.jpg\"><img loading=\"lazy\" decoding=\"async\" class=\"size-medium wp-image-12825\" src=\"http:\/\/www.pr-neu.de\/newsroom\/wordpress\/wp-content\/uploads\/2015\/01\/15-01-BAU-Akustik-05_G-300x201.jpg\" alt=\"\" width=\"300\" height=\"201\" srcset=\"https:\/\/www.pr-neu.de\/newsroom\/wordpress\/wp-content\/uploads\/2015\/01\/15-01-BAU-Akustik-05_G-300x201.jpg 300w, https:\/\/www.pr-neu.de\/newsroom\/wordpress\/wp-content\/uploads\/2015\/01\/15-01-BAU-Akustik-05_G-1024x687.jpg 1024w, https:\/\/www.pr-neu.de\/newsroom\/wordpress\/wp-content\/uploads\/2015\/01\/15-01-BAU-Akustik-05_G-768x516.jpg 768w, https:\/\/www.pr-neu.de\/newsroom\/wordpress\/wp-content\/uploads\/2015\/01\/15-01-BAU-Akustik-05_G-1536x1031.jpg 1536w, https:\/\/www.pr-neu.de\/newsroom\/wordpress\/wp-content\/uploads\/2015\/01\/15-01-BAU-Akustik-05_G-110x74.jpg 110w, https:\/\/www.pr-neu.de\/newsroom\/wordpress\/wp-content\/uploads\/2015\/01\/15-01-BAU-Akustik-05_G-420x282.jpg 420w, https:\/\/www.pr-neu.de\/newsroom\/wordpress\/wp-content\/uploads\/2015\/01\/15-01-BAU-Akustik-05_G-641x430.jpg 641w, https:\/\/www.pr-neu.de\/newsroom\/wordpress\/wp-content\/uploads\/2015\/01\/15-01-BAU-Akustik-05_G.jpg 1795w\" sizes=\"auto, (max-width: 300px) 100vw, 300px\" \/><\/a><\/td>\n<td colspan=\"3\" height=\"21\">StoSilent Direct mit Deckbeschichtung StoSilent Decor.<\/p>\n<p>Grafik: Sto SE &amp; Co. KGaA<\/td>\n<\/tr>\n<tr>\n<td valign=\"top\" width=\"370\" height=\"25\"><a href=\"http:\/\/www.pr-neu.de\/newsroom\/wordpress\/wp-content\/uploads\/2015\/01\/15-01-BAU-Akustik-06_G.jpg\"><img loading=\"lazy\" decoding=\"async\" class=\"size-medium wp-image-12826\" src=\"http:\/\/www.pr-neu.de\/newsroom\/wordpress\/wp-content\/uploads\/2015\/01\/15-01-BAU-Akustik-06_G-300x201.jpg\" alt=\"\" width=\"300\" height=\"201\" srcset=\"https:\/\/www.pr-neu.de\/newsroom\/wordpress\/wp-content\/uploads\/2015\/01\/15-01-BAU-Akustik-06_G-300x201.jpg 300w, https:\/\/www.pr-neu.de\/newsroom\/wordpress\/wp-content\/uploads\/2015\/01\/15-01-BAU-Akustik-06_G-1024x687.jpg 1024w, https:\/\/www.pr-neu.de\/newsroom\/wordpress\/wp-content\/uploads\/2015\/01\/15-01-BAU-Akustik-06_G-768x516.jpg 768w, https:\/\/www.pr-neu.de\/newsroom\/wordpress\/wp-content\/uploads\/2015\/01\/15-01-BAU-Akustik-06_G-1536x1031.jpg 1536w, https:\/\/www.pr-neu.de\/newsroom\/wordpress\/wp-content\/uploads\/2015\/01\/15-01-BAU-Akustik-06_G-110x74.jpg 110w, https:\/\/www.pr-neu.de\/newsroom\/wordpress\/wp-content\/uploads\/2015\/01\/15-01-BAU-Akustik-06_G-420x282.jpg 420w, https:\/\/www.pr-neu.de\/newsroom\/wordpress\/wp-content\/uploads\/2015\/01\/15-01-BAU-Akustik-06_G-641x430.jpg 641w, https:\/\/www.pr-neu.de\/newsroom\/wordpress\/wp-content\/uploads\/2015\/01\/15-01-BAU-Akustik-06_G.jpg 1795w\" sizes=\"auto, (max-width: 300px) 100vw, 300px\" \/><\/a><\/td>\n<td colspan=\"3\" height=\"21\">StoSilent Compact Miral.<\/p>\n<p>Grafik: Sto SE &amp; Co. KGaA<\/td>\n<\/tr>\n<tr>\n<td valign=\"top\" width=\"370\" height=\"25\"><a href=\"http:\/\/www.pr-neu.de\/newsroom\/wordpress\/wp-content\/uploads\/2015\/01\/15-01-BAU-Akustik-07_G.jpg\"><img loading=\"lazy\" decoding=\"async\" class=\"size-medium wp-image-12827\" src=\"http:\/\/www.pr-neu.de\/newsroom\/wordpress\/wp-content\/uploads\/2015\/01\/15-01-BAU-Akustik-07_G-300x201.jpg\" alt=\"\" width=\"300\" height=\"201\" srcset=\"https:\/\/www.pr-neu.de\/newsroom\/wordpress\/wp-content\/uploads\/2015\/01\/15-01-BAU-Akustik-07_G-300x201.jpg 300w, https:\/\/www.pr-neu.de\/newsroom\/wordpress\/wp-content\/uploads\/2015\/01\/15-01-BAU-Akustik-07_G-1024x687.jpg 1024w, https:\/\/www.pr-neu.de\/newsroom\/wordpress\/wp-content\/uploads\/2015\/01\/15-01-BAU-Akustik-07_G-768x516.jpg 768w, https:\/\/www.pr-neu.de\/newsroom\/wordpress\/wp-content\/uploads\/2015\/01\/15-01-BAU-Akustik-07_G-1536x1031.jpg 1536w, https:\/\/www.pr-neu.de\/newsroom\/wordpress\/wp-content\/uploads\/2015\/01\/15-01-BAU-Akustik-07_G-110x74.jpg 110w, https:\/\/www.pr-neu.de\/newsroom\/wordpress\/wp-content\/uploads\/2015\/01\/15-01-BAU-Akustik-07_G-420x282.jpg 420w, https:\/\/www.pr-neu.de\/newsroom\/wordpress\/wp-content\/uploads\/2015\/01\/15-01-BAU-Akustik-07_G-641x430.jpg 641w, https:\/\/www.pr-neu.de\/newsroom\/wordpress\/wp-content\/uploads\/2015\/01\/15-01-BAU-Akustik-07_G.jpg 1795w\" sizes=\"auto, (max-width: 300px) 100vw, 300px\" \/><\/a><\/td>\n<td colspan=\"3\" height=\"21\">StoSilent Modular.<\/p>\n<p>Grafik: Sto SE &amp; Co. KGaA<\/td>\n<\/tr>\n<\/tbody>\n<\/table>\n<p>&nbsp;<\/p>\n<hr noshade=\"noshade\" size=\"1\" \/>\n<p>&nbsp;<\/p>\n<p>Abdruck honorarfrei, Belegexemplar erbeten<\/p>\n<p>&nbsp;<\/p>\n","protected":false},"excerpt":{"rendered":"<p>Sto-Akustiksysteme R\u00e4ume sind verschieden und werden verschieden genutzt; sie verlangen darum individuelle akustische Konzepte. Mit vier bew\u00e4hrten Systemen bietet das StoSilent-Programm die L\u00f6sungsbreite, um in jedem Raum f\u00fcr optimale Akustik zu sorgen \u2013 ob Klassenzimmer, B\u00fcro oder Ruhezone. Die Gestaltung von Innenr\u00e4umen hat vielf\u00e4ltigen Einfluss auf uns Menschen. Das beginnt bei den Proportionen, setzt sich [&hellip;]<\/p>\n","protected":false},"author":6,"featured_media":8218,"comment_status":"closed","ping_status":"open","sticky":false,"template":"","format":"standard","meta":{"footnotes":""},"categories":[3,15],"tags":[],"class_list":["post-3159","post","type-post","status-publish","format-standard","has-post-thumbnail","hentry","category-kundenmeldungen","category-sto"],"_links":{"self":[{"href":"https:\/\/www.pr-neu.de\/newsroom\/wp-json\/wp\/v2\/posts\/3159","targetHints":{"allow":["GET"]}}],"collection":[{"href":"https:\/\/www.pr-neu.de\/newsroom\/wp-json\/wp\/v2\/posts"}],"about":[{"href":"https:\/\/www.pr-neu.de\/newsroom\/wp-json\/wp\/v2\/types\/post"}],"author":[{"embeddable":true,"href":"https:\/\/www.pr-neu.de\/newsroom\/wp-json\/wp\/v2\/users\/6"}],"replies":[{"embeddable":true,"href":"https:\/\/www.pr-neu.de\/newsroom\/wp-json\/wp\/v2\/comments?post=3159"}],"version-history":[{"count":4,"href":"https:\/\/www.pr-neu.de\/newsroom\/wp-json\/wp\/v2\/posts\/3159\/revisions"}],"predecessor-version":[{"id":12828,"href":"https:\/\/www.pr-neu.de\/newsroom\/wp-json\/wp\/v2\/posts\/3159\/revisions\/12828"}],"wp:featuredmedia":[{"embeddable":true,"href":"https:\/\/www.pr-neu.de\/newsroom\/wp-json\/wp\/v2\/media\/8218"}],"wp:attachment":[{"href":"https:\/\/www.pr-neu.de\/newsroom\/wp-json\/wp\/v2\/media?parent=3159"}],"wp:term":[{"taxonomy":"category","embeddable":true,"href":"https:\/\/www.pr-neu.de\/newsroom\/wp-json\/wp\/v2\/categories?post=3159"},{"taxonomy":"post_tag","embeddable":true,"href":"https:\/\/www.pr-neu.de\/newsroom\/wp-json\/wp\/v2\/tags?post=3159"}],"curies":[{"name":"wp","href":"https:\/\/api.w.org\/{rel}","templated":true}]}}