{"id":3155,"date":"2015-01-19T08:00:57","date_gmt":"2015-01-19T08:00:57","guid":{"rendered":"http:\/\/www.pr-nord.de\/newsroom\/?p=3155"},"modified":"2020-05-28T15:38:11","modified_gmt":"2020-05-28T13:38:11","slug":"tore-sicher-und-zuverlaessig-steuern-2","status":"publish","type":"post","link":"https:\/\/www.pr-neu.de\/newsroom\/tore-sicher-und-zuverlaessig-steuern-2\/","title":{"rendered":"Vielfach innovativ"},"content":{"rendered":"<table border=\"0\" width=\"520\" cellspacing=\"0\" cellpadding=\"0\">\n<tbody>\n<tr>\n<td><u>Teckentrup-Innovationen zur BAU: Produkt-Neuheiten, vereinfachte Montage, mehr Gestaltungsm\u00f6glichkeiten<\/u><\/p>\n<p><strong>Vielfach innovativ <\/strong><\/p>\n<p><strong>Einbau vereinfacht, Technik verbessert, Gestaltungsspielraum erweitert: Zur BAU demonstrierte Teckentrup (Verl) Innovationen auf vielen Ebenen. Zu den Messe-Neuheiten z\u00e4hlen Garagentor-Antriebe, ein neues Schlupft\u00fcr-Modell f\u00fcr Sectionaltore und sehr gro\u00dfe Rolltore sowie eine neue, besonders w\u00e4rmed\u00e4mmende Au\u00dfent\u00fcr.<\/strong><\/p>\n<p>Zur BAU zeigte Teckentrup Innovationen sowohl f\u00fcr den privaten Bauherren als auch f\u00fcr die gewerbliche Nutzung.<\/p>\n<p>Im Segment Garagentor stellte der Hersteller mit den Modellen CarTeck 12.2, 20.2 und 40.2 die neue Generation seiner Antriebs-Familie vor. Die Modelle sind unterschiedlich stark ausgelegt, so dass es vom einfachen Standardtor bis zum gro\u00dfen Tor f\u00fcr die Doppelgarage immer die optimale Leistung gibt. Hierbei setzt Teckentrup auf eine besonders einbruchsichere Technologie: Bei der Fernbedienung kommt ein \u201eRolling Code\u201c zum Einsatz. Das bedeutet, dass f\u00fcr jede einzelne Steuerung ein neuer Code vergeben wird \u2013 vergleichbar dem Sicherheitsstandard beim Online-Banking.<\/p>\n<p>F\u00fcr den Verarbeiter bequem sind die werkseitig vormontierten Seil- und Federpakete: Sie sparen einige Montage-Schritte und schlie\u00dfen damit Fehlerquellen schon im Vorhinein aus. Der Einbau wird schneller und sicherer. Das umfangreiche Zubeh\u00f6r-Programm \u2013 beispielsweise mit den farbigen Renovierungsblenden \u2013 stellt f\u00fcr jede bauliche Situation eine ideale L\u00f6sung bereit.<\/p>\n<p><strong>Industrietore \u2013 d\u00e4mmen und gestalten<\/strong><\/p>\n<p>Schon lange m\u00fcssen Industrietore nicht mehr trist und grau aussehen. Bei Rolltoren gibt es jetzt sogar die gesamte RAL-Palette auch in pulverbeschichteter Ausf\u00fchrung. Dadurch k\u00f6nnen hoch widerstandsf\u00e4hige, abriebfeste \u201eThermoTeck\u201c-Tore auch in kleiner St\u00fcckzahl sehr schnell geliefert werden.<\/p>\n<p>Mehr Gestaltung gibt es auch f\u00fcr verglaste Elemente an den Sectionaltoren. Ein neues Verfahren erm\u00f6glicht es jetzt, Motive in die transparente Fl\u00e4che einzudrucken. Bis hin zum Logo l\u00e4sst sich so die Verglasung in die Gestaltung der Halle einbinden. Dazu passt die neue Sectionaltor-Schlupft\u00fcr mit integriertem Fingerklemmschutz: Sie ist besonders elegant und hat eine sehr niedrige Schwelle.<\/p>\n<p>Konsequent \u00fcbertr\u00e4gt der Hersteller sein Know-how auch auf andere Produktsegmente. Zwei Beispiele: Die Schlupft\u00fcr ist nun auch f\u00fcr die CarTeck-Tore erh\u00e4ltlich. Endbeschichtete Objektt\u00fcren in allen RAL-Farben k\u00f6nnen einbaufertig an die Baustelle geliefert werden; hier sind sogar Holzdekor-Beschichtungen im Programm.<\/p>\n<p>F\u00fcr Falttore stellte Teckentrup eine neu entwickelte 180 Grad- \u00d6ffnung vor, mit der das Torblatt kompletten aufschwenkt und die komplette lichte Durchfahrt freigibt.<\/p>\n<p>Als Besuchermagnet erwies sich die extrem breite Doppel-Rolltor-Konstruktion mit verfahrbarer Mittelst\u00fctze. Diese L\u00f6sung f\u00fcr XXL-Durchfahrten wird z.B. in der Logistikbranche bereits bis zur Maximalbreite von 36 Metern eingesetzt.<\/p>\n<p><strong>T\u00fcren, multifunktional<\/strong><\/p>\n<p>W\u00e4rmed\u00e4mmung UD = 0,83W\/m\u00b2K \u2013 mit diesem extrem niedrigen D\u00e4mmwert bietet Teckentrup seine neue Au\u00dfent\u00fcr \u201edw 62-1 Teckentrup iso+\u201c an. Mit dieser hohen W\u00e4rmed\u00e4mmung eignet sich die T\u00fcr nicht nur f\u00fcr innen liegende Wohnungseing\u00e4nge, sondern beispielweise auch f\u00fcr eine Erschlie\u00dfung \u00fcber Laubeng\u00e4nge. Ihre St\u00e4rke zeigt dieses Bauelement bei den weiteren Eigenschaften: Optional lassen sich schalld\u00e4mmende und einbruchhemmende Ausstattungen erg\u00e4nzen.<\/p>\n<p>Als T\u00fcrenspezialist beweist sich Teckentrup auch bei Objektt\u00fcren, die dem Einbruchschutz und der Fluchtwegsicherung zugleich dienen m\u00fcssen: Hier haben die Ingenieure einfl\u00fcgelige Anti-Panik-T\u00fcren bis zur Widerstandsklasse RC 4 entwickelt. Die zweifl\u00fcgeligen Elemente erreichen als Vollpanik-T\u00fcren die Klasse RC 3. Multifunktion in einer anderen Art zeigt die Zulassung f\u00fcr den Feuerschutz in gr\u00f6\u00dferen H\u00f6hen: Damit ist nun auch bei nicht durchlaufenden B\u00f6den Brandschutz gew\u00e4hrleistet \u2013 mehr Optionen f\u00fcr Technik- und Versorgungstrakte, Hochregallager, Silos etc. Hier k\u00f6nnen zum Beispiel Gitterroste auf der einen Seite, Standardflure auf der anderen Seite bestehen.<\/p>\n<hr noshade=\"noshade\" size=\"1\" \/>\n<table border=\"0\" width=\"520\" cellspacing=\"0\" cellpadding=\"0\">\n<tbody>\n<tr>\n<td valign=\"top\" width=\"380\"><a href=\"http:\/\/www.pr-neu.de\/newsroom\/wordpress\/wp-content\/uploads\/2015\/01\/15-02-Panik-und-RC_BAU_G.jpg\"><img loading=\"lazy\" decoding=\"async\" class=\"size-medium wp-image-12829\" src=\"http:\/\/www.pr-neu.de\/newsroom\/wordpress\/wp-content\/uploads\/2015\/01\/15-02-Panik-und-RC_BAU_G-300x263.jpg\" alt=\"\" width=\"300\" height=\"263\" srcset=\"https:\/\/www.pr-neu.de\/newsroom\/wordpress\/wp-content\/uploads\/2015\/01\/15-02-Panik-und-RC_BAU_G-300x263.jpg 300w, https:\/\/www.pr-neu.de\/newsroom\/wordpress\/wp-content\/uploads\/2015\/01\/15-02-Panik-und-RC_BAU_G-1024x897.jpg 1024w, https:\/\/www.pr-neu.de\/newsroom\/wordpress\/wp-content\/uploads\/2015\/01\/15-02-Panik-und-RC_BAU_G-768x673.jpg 768w, https:\/\/www.pr-neu.de\/newsroom\/wordpress\/wp-content\/uploads\/2015\/01\/15-02-Panik-und-RC_BAU_G-1536x1345.jpg 1536w, https:\/\/www.pr-neu.de\/newsroom\/wordpress\/wp-content\/uploads\/2015\/01\/15-02-Panik-und-RC_BAU_G-2048x1793.jpg 2048w, https:\/\/www.pr-neu.de\/newsroom\/wordpress\/wp-content\/uploads\/2015\/01\/15-02-Panik-und-RC_BAU_G-110x96.jpg 110w, https:\/\/www.pr-neu.de\/newsroom\/wordpress\/wp-content\/uploads\/2015\/01\/15-02-Panik-und-RC_BAU_G-420x368.jpg 420w, https:\/\/www.pr-neu.de\/newsroom\/wordpress\/wp-content\/uploads\/2015\/01\/15-02-Panik-und-RC_BAU_G-491x430.jpg 491w\" sizes=\"auto, (max-width: 300px) 100vw, 300px\" \/><\/a><\/td>\n<td>Antipanik und Einbruchschutz in einer T\u00fcr: Als zweifl\u00fcgelige Konstruktion ist dieser Zugang als Vollpanik-Fluchtweg eingestuft. Einbruchversuchen setzt sie ein Widerstandsniveau der Klasse RC 3 entgegen.<\/p>\n<p>Bild: Teckentrup<\/td>\n<\/tr>\n<tr>\n<td valign=\"top\" width=\"380\"><a href=\"http:\/\/www.pr-neu.de\/newsroom\/wordpress\/wp-content\/uploads\/2015\/01\/15-02-Farbtonfaecher_G.jpg\"><img loading=\"lazy\" decoding=\"async\" class=\"size-medium wp-image-12830\" src=\"http:\/\/www.pr-neu.de\/newsroom\/wordpress\/wp-content\/uploads\/2015\/01\/15-02-Farbtonfaecher_G-200x300.jpg\" alt=\"\" width=\"200\" height=\"300\" srcset=\"https:\/\/www.pr-neu.de\/newsroom\/wordpress\/wp-content\/uploads\/2015\/01\/15-02-Farbtonfaecher_G-200x300.jpg 200w, https:\/\/www.pr-neu.de\/newsroom\/wordpress\/wp-content\/uploads\/2015\/01\/15-02-Farbtonfaecher_G-684x1024.jpg 684w, https:\/\/www.pr-neu.de\/newsroom\/wordpress\/wp-content\/uploads\/2015\/01\/15-02-Farbtonfaecher_G-768x1150.jpg 768w, https:\/\/www.pr-neu.de\/newsroom\/wordpress\/wp-content\/uploads\/2015\/01\/15-02-Farbtonfaecher_G-1026x1536.jpg 1026w, https:\/\/www.pr-neu.de\/newsroom\/wordpress\/wp-content\/uploads\/2015\/01\/15-02-Farbtonfaecher_G-1367x2048.jpg 1367w, https:\/\/www.pr-neu.de\/newsroom\/wordpress\/wp-content\/uploads\/2015\/01\/15-02-Farbtonfaecher_G-73x110.jpg 73w, https:\/\/www.pr-neu.de\/newsroom\/wordpress\/wp-content\/uploads\/2015\/01\/15-02-Farbtonfaecher_G-280x420.jpg 280w, https:\/\/www.pr-neu.de\/newsroom\/wordpress\/wp-content\/uploads\/2015\/01\/15-02-Farbtonfaecher_G-287x430.jpg 287w, https:\/\/www.pr-neu.de\/newsroom\/wordpress\/wp-content\/uploads\/2015\/01\/15-02-Farbtonfaecher_G.jpg 1577w\" sizes=\"auto, (max-width: 200px) 100vw, 200px\" \/><\/a><\/td>\n<td>RAL nach Wahl \u2013 Teckentrup bietet jetzt Rolltor und T\u00fcren als pulverbeschichtete Elemente mit freier Farbtonwahl.<\/p>\n<p>Bild: Teckentrup<\/td>\n<\/tr>\n<tr>\n<td valign=\"top\" width=\"380\"><a href=\"http:\/\/www.pr-neu.de\/newsroom\/wordpress\/wp-content\/uploads\/2015\/01\/15-02-Tor_Schlupftuer_G.jpg\"><img loading=\"lazy\" decoding=\"async\" class=\"size-medium wp-image-12831\" src=\"http:\/\/www.pr-neu.de\/newsroom\/wordpress\/wp-content\/uploads\/2015\/01\/15-02-Tor_Schlupftuer_G-300x201.jpg\" alt=\"\" width=\"300\" height=\"201\" srcset=\"https:\/\/www.pr-neu.de\/newsroom\/wordpress\/wp-content\/uploads\/2015\/01\/15-02-Tor_Schlupftuer_G-300x201.jpg 300w, https:\/\/www.pr-neu.de\/newsroom\/wordpress\/wp-content\/uploads\/2015\/01\/15-02-Tor_Schlupftuer_G-1024x687.jpg 1024w, https:\/\/www.pr-neu.de\/newsroom\/wordpress\/wp-content\/uploads\/2015\/01\/15-02-Tor_Schlupftuer_G-768x516.jpg 768w, https:\/\/www.pr-neu.de\/newsroom\/wordpress\/wp-content\/uploads\/2015\/01\/15-02-Tor_Schlupftuer_G-1536x1031.jpg 1536w, https:\/\/www.pr-neu.de\/newsroom\/wordpress\/wp-content\/uploads\/2015\/01\/15-02-Tor_Schlupftuer_G-110x74.jpg 110w, https:\/\/www.pr-neu.de\/newsroom\/wordpress\/wp-content\/uploads\/2015\/01\/15-02-Tor_Schlupftuer_G-420x282.jpg 420w, https:\/\/www.pr-neu.de\/newsroom\/wordpress\/wp-content\/uploads\/2015\/01\/15-02-Tor_Schlupftuer_G-641x430.jpg 641w, https:\/\/www.pr-neu.de\/newsroom\/wordpress\/wp-content\/uploads\/2015\/01\/15-02-Tor_Schlupftuer_G.jpg 1795w\" sizes=\"auto, (max-width: 300px) 100vw, 300px\" \/><\/a><\/td>\n<td>Elegant: Neue Schlupft\u00fcr von Teckentrup \u2013 f\u00fcr Industrie- (Bild) und Garagen-Sectionaltore.<\/p>\n<p>Bild: Teckentrup<\/td>\n<\/tr>\n<tr>\n<td valign=\"top\" width=\"380\"><a href=\"http:\/\/www.pr-neu.de\/newsroom\/wordpress\/wp-content\/uploads\/2015\/01\/15-02-Hohe-FS-Tuer_BAU_G.jpg\"><img loading=\"lazy\" decoding=\"async\" class=\"size-medium wp-image-12833\" src=\"http:\/\/www.pr-neu.de\/newsroom\/wordpress\/wp-content\/uploads\/2015\/01\/15-02-Hohe-FS-Tuer_BAU_G-184x300.jpg\" alt=\"\" width=\"184\" height=\"300\" srcset=\"https:\/\/www.pr-neu.de\/newsroom\/wordpress\/wp-content\/uploads\/2015\/01\/15-02-Hohe-FS-Tuer_BAU_G-184x300.jpg 184w, https:\/\/www.pr-neu.de\/newsroom\/wordpress\/wp-content\/uploads\/2015\/01\/15-02-Hohe-FS-Tuer_BAU_G-628x1024.jpg 628w, https:\/\/www.pr-neu.de\/newsroom\/wordpress\/wp-content\/uploads\/2015\/01\/15-02-Hohe-FS-Tuer_BAU_G-768x1252.jpg 768w, https:\/\/www.pr-neu.de\/newsroom\/wordpress\/wp-content\/uploads\/2015\/01\/15-02-Hohe-FS-Tuer_BAU_G-942x1536.jpg 942w, https:\/\/www.pr-neu.de\/newsroom\/wordpress\/wp-content\/uploads\/2015\/01\/15-02-Hohe-FS-Tuer_BAU_G-1256x2048.jpg 1256w, https:\/\/www.pr-neu.de\/newsroom\/wordpress\/wp-content\/uploads\/2015\/01\/15-02-Hohe-FS-Tuer_BAU_G-67x110.jpg 67w, https:\/\/www.pr-neu.de\/newsroom\/wordpress\/wp-content\/uploads\/2015\/01\/15-02-Hohe-FS-Tuer_BAU_G-258x420.jpg 258w, https:\/\/www.pr-neu.de\/newsroom\/wordpress\/wp-content\/uploads\/2015\/01\/15-02-Hohe-FS-Tuer_BAU_G-264x430.jpg 264w, https:\/\/www.pr-neu.de\/newsroom\/wordpress\/wp-content\/uploads\/2015\/01\/15-02-Hohe-FS-Tuer_BAU_G.jpg 1449w\" sizes=\"auto, (max-width: 184px) 100vw, 184px\" \/><\/a><\/td>\n<td>Brandschutz mit Brief und Siegel \u2013 mit Zulassung auch f\u00fcr den Einbau in gr\u00f6\u00dferen H\u00f6hen &gt; 500mm.<\/p>\n<p>Bild: Teckentrup<\/td>\n<\/tr>\n<tr>\n<td valign=\"top\" width=\"380\"><a href=\"http:\/\/www.pr-neu.de\/newsroom\/wordpress\/wp-content\/uploads\/2015\/01\/15-02-Tor-gestaltet_G.jpg\"><img loading=\"lazy\" decoding=\"async\" class=\"size-medium wp-image-12834\" src=\"http:\/\/www.pr-neu.de\/newsroom\/wordpress\/wp-content\/uploads\/2015\/01\/15-02-Tor-gestaltet_G-300x252.jpg\" alt=\"\" width=\"300\" height=\"252\" srcset=\"https:\/\/www.pr-neu.de\/newsroom\/wordpress\/wp-content\/uploads\/2015\/01\/15-02-Tor-gestaltet_G-300x252.jpg 300w, https:\/\/www.pr-neu.de\/newsroom\/wordpress\/wp-content\/uploads\/2015\/01\/15-02-Tor-gestaltet_G-1024x859.jpg 1024w, https:\/\/www.pr-neu.de\/newsroom\/wordpress\/wp-content\/uploads\/2015\/01\/15-02-Tor-gestaltet_G-768x644.jpg 768w, https:\/\/www.pr-neu.de\/newsroom\/wordpress\/wp-content\/uploads\/2015\/01\/15-02-Tor-gestaltet_G-1536x1288.jpg 1536w, https:\/\/www.pr-neu.de\/newsroom\/wordpress\/wp-content\/uploads\/2015\/01\/15-02-Tor-gestaltet_G-110x92.jpg 110w, https:\/\/www.pr-neu.de\/newsroom\/wordpress\/wp-content\/uploads\/2015\/01\/15-02-Tor-gestaltet_G-420x352.jpg 420w, https:\/\/www.pr-neu.de\/newsroom\/wordpress\/wp-content\/uploads\/2015\/01\/15-02-Tor-gestaltet_G-513x430.jpg 513w, https:\/\/www.pr-neu.de\/newsroom\/wordpress\/wp-content\/uploads\/2015\/01\/15-02-Tor-gestaltet_G.jpg 1715w\" sizes=\"auto, (max-width: 300px) 100vw, 300px\" \/><\/a><\/td>\n<td>Verdreht einem den Kopf: Bedruckbare Verglasungen lassen v\u00f6llig neue Gestaltungsideen Wirklichkeit werden.<\/p>\n<p>Bild: Teckentrup<\/td>\n<\/tr>\n<\/tbody>\n<\/table>\n<hr noshade=\"noshade\" size=\"1\" \/>\n<p>Abdruck honorarfrei, Belegexemplar erbeten<\/p>\n<p>R\u00fcckfragen beantwortet gern:<\/p>\n<p><strong>Teckentrup<\/strong> GmbH &amp; Co. KG<br \/>\nThomas Moldrickx<br \/>\nTel.: 05246 \/ 5 04-350 \/ Fax: -173<br \/>\nE-Mail: <a href=\"&#109;&#x61;&#x69;l&#116;&#x6f;:&#116;&#x68;o&#109;&#x61;s&#46;&#x6d;&#x6f;&#108;&#x64;&#x72;i&#99;&#x6b;x&#64;&#x74;e&#99;&#x6b;&#x65;&#110;&#x74;&#x72;u&#112;&#x2e;b&#105;&#x7a;\">thom&#97;&#115;&#46;&#109;&#111;&#108;&#100;&#x72;&#x69;&#x63;&#x6b;&#x78;&#x40;&#x74;&#x65;&#x63;kent&#114;&#117;&#112;&#46;&#98;&#105;&#122;<\/a><\/td>\n<\/tr>\n<\/tbody>\n<\/table>\n<table border=\"0\" width=\"500\">\n<tbody>\n<tr>\n<td><!-- AddThis Button BEGIN --><\/td>\n<\/tr>\n<\/tbody>\n<\/table>\n","protected":false},"excerpt":{"rendered":"<p>Teckentrup-Innovationen zur BAU: Produkt-Neuheiten, vereinfachte Montage, mehr Gestaltungsm\u00f6glichkeiten Vielfach innovativ Einbau vereinfacht, Technik verbessert, Gestaltungsspielraum erweitert: Zur BAU demonstrierte Teckentrup (Verl) Innovationen auf vielen Ebenen. Zu den Messe-Neuheiten z\u00e4hlen Garagentor-Antriebe, ein neues Schlupft\u00fcr-Modell f\u00fcr Sectionaltore und sehr gro\u00dfe Rolltore sowie eine neue, besonders w\u00e4rmed\u00e4mmende Au\u00dfent\u00fcr. Zur BAU zeigte Teckentrup Innovationen sowohl f\u00fcr den privaten Bauherren [&hellip;]<\/p>\n","protected":false},"author":6,"featured_media":0,"comment_status":"closed","ping_status":"open","sticky":false,"template":"","format":"standard","meta":{"footnotes":""},"categories":[3,18],"tags":[],"class_list":["post-3155","post","type-post","status-publish","format-standard","hentry","category-kundenmeldungen","category-teckentrup"],"_links":{"self":[{"href":"https:\/\/www.pr-neu.de\/newsroom\/wp-json\/wp\/v2\/posts\/3155","targetHints":{"allow":["GET"]}}],"collection":[{"href":"https:\/\/www.pr-neu.de\/newsroom\/wp-json\/wp\/v2\/posts"}],"about":[{"href":"https:\/\/www.pr-neu.de\/newsroom\/wp-json\/wp\/v2\/types\/post"}],"author":[{"embeddable":true,"href":"https:\/\/www.pr-neu.de\/newsroom\/wp-json\/wp\/v2\/users\/6"}],"replies":[{"embeddable":true,"href":"https:\/\/www.pr-neu.de\/newsroom\/wp-json\/wp\/v2\/comments?post=3155"}],"version-history":[{"count":4,"href":"https:\/\/www.pr-neu.de\/newsroom\/wp-json\/wp\/v2\/posts\/3155\/revisions"}],"predecessor-version":[{"id":12835,"href":"https:\/\/www.pr-neu.de\/newsroom\/wp-json\/wp\/v2\/posts\/3155\/revisions\/12835"}],"wp:attachment":[{"href":"https:\/\/www.pr-neu.de\/newsroom\/wp-json\/wp\/v2\/media?parent=3155"}],"wp:term":[{"taxonomy":"category","embeddable":true,"href":"https:\/\/www.pr-neu.de\/newsroom\/wp-json\/wp\/v2\/categories?post=3155"},{"taxonomy":"post_tag","embeddable":true,"href":"https:\/\/www.pr-neu.de\/newsroom\/wp-json\/wp\/v2\/tags?post=3155"}],"curies":[{"name":"wp","href":"https:\/\/api.w.org\/{rel}","templated":true}]}}