{"id":3135,"date":"2015-01-14T09:31:26","date_gmt":"2015-01-14T09:31:26","guid":{"rendered":"http:\/\/www.pr-nord.de\/newsroom\/?p=3135"},"modified":"2020-05-28T15:55:57","modified_gmt":"2020-05-28T13:55:57","slug":"dimmbare-verglasung-aesthetik-und-funktionalitaet-im-einklang","status":"publish","type":"post","link":"https:\/\/www.pr-neu.de\/newsroom\/dimmbare-verglasung-aesthetik-und-funktionalitaet-im-einklang\/","title":{"rendered":"Dimmbare Verglasung: \u00c4sthetik und Funktionalit\u00e4t im Einklang"},"content":{"rendered":"<p><span style=\"text-decoration: underline;\">F\u00fcr gro\u00dffl\u00e4chige Fensterfronten und Glasfassaden<\/span><\/p>\n<p><strong>Mit der EU-Geb\u00e4uderichtlinie 2010 stiegen auch die Anforderungen an den sommerlichen W\u00e4rmeschutz . Geb\u00e4ude mit hohem Glasanteil in der Fassade m\u00fcssen seitdem normalerweise mit Verschattungssystemen wie Raffstoren oder Jalousien ausgestattet sein, um den Klimatisierungsbedarf geringzuhalten. Mit dem dimmbaren Sonnenschutzglas von EControl-Glas (Plauen) k\u00f6nnen Architekten und Planer auf solche Anlagen verzichten. Auf der st\u00e4rksten Dimmstufe h\u00e4lt ECONTROL rund 90 Prozent der raumaufheizenden Sonnenenergie ab. Au\u00dferdem bleiben die Geb\u00e4udekubatur der Glasfassaden und der allzeit freie Ausblick erhalten.<\/strong><\/p>\n<p>Gl\u00e4serne Transparenz als Sinnbild f\u00fcr kommunikative Offenheit und Leichtigkeit spielt vor allem in der B\u00fcro- und Industriearchitektur eine wichtige Rolle. Heute \u00fcbernehmen Glasfassaden zudem immer mehr Funktionen: Sonnenschutz, W\u00e4rmed\u00e4mmung, Schallschutz und mehr. Dimmbare Verglasungen bringen \u00c4sthetik und Funktionalit\u00e4t in Einklang. Bei dem Zweifach-Isolierglas (ECONTROL 55\/12) kann der g-Wert zwischen 12 und 40 Prozent individuell eingestellt werden. Als Dreifach-Isolierglas (ECONTROL 48\/9) betr\u00e4gt er auf der st\u00e4rksten Dimmstufe sogar 9 Prozent. Das elektrochrome Glas verhindert so ein \u00dcberhitzen der R\u00e4ume und Jalousien oder Raffstoren sind gar nicht erst notwendig. So entfallen auch die Wartungs- und Betriebskosten f\u00fcr Verschattungsanlagen, das Bauwerkdesign bleibt erhalten.<\/p>\n<p>Nat\u00fcrlich l\u00e4sst sich auch die Tageslichttransmission entsprechend der Einf\u00e4rbung regeln \u2013 je nach Isolierglastyp und Aufbau zwischen 55 und 9 Prozent. Selbst bei komplett eingef\u00e4rbtem Glas bleibt der Raum angenehm hell: die Basis eines positiven Nutzerempfindens. Die strahlungstechnischen Werte der Verglasung k\u00f6nnen stufenlos an die Wetterlage und individuellen Bed\u00fcrfnisse angepasst werden. Das gilt zu allen Jahreszeiten. Bei starker Dimmung im Sommer sinkt der Klimatisierungsbedarf, zudem profitiert der Anwender von einem guten Blendschutz. Im Winter vermindert ECONTROL durch seinen guten Ug-Wert (1,1 W\/m2K im Zweifachaufbau, 0,5 W\/m2K im Dreifachaufbau) winterliche Heizw\u00e4rmeverluste. ECONTROL-Verglasungen sorgen somit ganzj\u00e4hrig f\u00fcr angenehmes Raumklima.<\/p>\n<hr noshade=\"noshade\" size=\"1\" \/>\n<p><strong>Innovative Technik kompakt erkl\u00e4rt<\/strong><\/p>\n<p>ECONTROL-Gl\u00e4ser verf\u00fcgen \u00fcber eine innenliegende nanostrukturierte Beschichtung, die ihre Farbe \u00e4ndert, sobald eine geringe elektrische Spannung angelegt wird. Durch diesen sogenannten \u201eelektrochromen Effekt\u201c f\u00e4rbt sich das Glas blau ein und sorgt f\u00fcr ein angenehmes Raumklima. Die Dimmung erfolgt automatisch \u00fcber Licht- bzw. Sensorsignale oder manuell per Knopfdruck.<\/p>\n<hr noshade=\"noshade\" size=\"1\" \/>\n<table style=\"height: 233px;\" border=\"0\" width=\"685\" cellspacing=\"0\" cellpadding=\"0\">\n<tbody>\n<tr>\n<td valign=\"top\" width=\"370\" height=\"200\"><a href=\"http:\/\/www.pr-neu.de\/newsroom\/wordpress\/wp-content\/uploads\/2015\/01\/14-05_Glasfront_G-1.jpg\"><img loading=\"lazy\" decoding=\"async\" class=\"size-medium wp-image-12911\" src=\"http:\/\/www.pr-neu.de\/newsroom\/wordpress\/wp-content\/uploads\/2015\/01\/14-05_Glasfront_G-1-300x174.jpg\" alt=\"\" width=\"300\" height=\"174\" srcset=\"https:\/\/www.pr-neu.de\/newsroom\/wordpress\/wp-content\/uploads\/2015\/01\/14-05_Glasfront_G-1-300x174.jpg 300w, https:\/\/www.pr-neu.de\/newsroom\/wordpress\/wp-content\/uploads\/2015\/01\/14-05_Glasfront_G-1-1024x593.jpg 1024w, https:\/\/www.pr-neu.de\/newsroom\/wordpress\/wp-content\/uploads\/2015\/01\/14-05_Glasfront_G-1-768x445.jpg 768w, https:\/\/www.pr-neu.de\/newsroom\/wordpress\/wp-content\/uploads\/2015\/01\/14-05_Glasfront_G-1-1536x889.jpg 1536w, https:\/\/www.pr-neu.de\/newsroom\/wordpress\/wp-content\/uploads\/2015\/01\/14-05_Glasfront_G-1-110x64.jpg 110w, https:\/\/www.pr-neu.de\/newsroom\/wordpress\/wp-content\/uploads\/2015\/01\/14-05_Glasfront_G-1-420x243.jpg 420w, https:\/\/www.pr-neu.de\/newsroom\/wordpress\/wp-content\/uploads\/2015\/01\/14-05_Glasfront_G-1-743x430.jpg 743w, https:\/\/www.pr-neu.de\/newsroom\/wordpress\/wp-content\/uploads\/2015\/01\/14-05_Glasfront_G-1.jpg 1795w\" sizes=\"auto, (max-width: 300px) 100vw, 300px\" \/><\/a><\/td>\n<td colspan=\"3\" height=\"200\">Das dimmbare Glas ECONTROL bietet Sonnenschutz, Verschattung und jede Menge Tageslicht. Es sorgt so f\u00fcr ein ganzj\u00e4hrig angenehmes Raumklima.<\/p>\n<p>Foto: EControl-Glas<\/td>\n<\/tr>\n<\/tbody>\n<\/table>\n<hr noshade=\"noshade\" size=\"1\" \/>\n<p>Abdruck honorarfrei, Belegexemplar erbeten<\/p>\n<p><strong>R\u00fcckfragen beantwortet gern<\/strong><\/p>\n<table width=\"532\">\n<tbody>\n<tr>\n<td valign=\"top\" width=\"260\" height=\"25\"><strong>EControl-Glas<\/strong> GmbH &amp; Co. KG<br \/>\nNadine Witt<br \/>\nTel.: +49(0)3741\/14820-116<br \/>\nFax: +49(0)3741\/14820-150<br \/>\nE-Mail: <a href=\"&#109;&#x61;&#x69;&#108;&#x74;&#x6f;&#58;&#x70;&#x72;&#101;&#x73;&#x73;&#101;&#x40;&#x65;&#99;&#x6f;&#x6e;&#116;&#x72;&#x6f;&#108;&#x2d;&#x67;&#108;&#x61;&#x73;&#46;&#x64;&#x65;\">&#112;&#x72;&#x65;s&#115;&#x65;&#x40;e&#99;&#x6f;n&#116;&#x72;&#x6f;l&#45;&#x67;l&#97;&#x73;&#x2e;d&#101;<\/a><\/td>\n<td colspan=\"3\" valign=\"top\" width=\"260\" height=\"21\"><\/td>\n<\/tr>\n<\/tbody>\n<\/table>\n","protected":false},"excerpt":{"rendered":"<p>F\u00fcr gro\u00dffl\u00e4chige Fensterfronten und Glasfassaden Mit der EU-Geb\u00e4uderichtlinie 2010 stiegen auch die Anforderungen an den sommerlichen W\u00e4rmeschutz . Geb\u00e4ude mit hohem Glasanteil in der Fassade m\u00fcssen seitdem normalerweise mit Verschattungssystemen wie Raffstoren oder Jalousien ausgestattet sein, um den Klimatisierungsbedarf geringzuhalten. Mit dem dimmbaren Sonnenschutzglas von EControl-Glas (Plauen) k\u00f6nnen Architekten und Planer auf solche Anlagen verzichten. [&hellip;]<\/p>\n","protected":false},"author":6,"featured_media":7787,"comment_status":"closed","ping_status":"open","sticky":false,"template":"","format":"standard","meta":{"footnotes":""},"categories":[25,3],"tags":[],"class_list":["post-3135","post","type-post","status-publish","format-standard","has-post-thumbnail","hentry","category-econtrol","category-kundenmeldungen"],"_links":{"self":[{"href":"https:\/\/www.pr-neu.de\/newsroom\/wp-json\/wp\/v2\/posts\/3135","targetHints":{"allow":["GET"]}}],"collection":[{"href":"https:\/\/www.pr-neu.de\/newsroom\/wp-json\/wp\/v2\/posts"}],"about":[{"href":"https:\/\/www.pr-neu.de\/newsroom\/wp-json\/wp\/v2\/types\/post"}],"author":[{"embeddable":true,"href":"https:\/\/www.pr-neu.de\/newsroom\/wp-json\/wp\/v2\/users\/6"}],"replies":[{"embeddable":true,"href":"https:\/\/www.pr-neu.de\/newsroom\/wp-json\/wp\/v2\/comments?post=3135"}],"version-history":[{"count":3,"href":"https:\/\/www.pr-neu.de\/newsroom\/wp-json\/wp\/v2\/posts\/3135\/revisions"}],"predecessor-version":[{"id":12912,"href":"https:\/\/www.pr-neu.de\/newsroom\/wp-json\/wp\/v2\/posts\/3135\/revisions\/12912"}],"wp:featuredmedia":[{"embeddable":true,"href":"https:\/\/www.pr-neu.de\/newsroom\/wp-json\/wp\/v2\/media\/7787"}],"wp:attachment":[{"href":"https:\/\/www.pr-neu.de\/newsroom\/wp-json\/wp\/v2\/media?parent=3135"}],"wp:term":[{"taxonomy":"category","embeddable":true,"href":"https:\/\/www.pr-neu.de\/newsroom\/wp-json\/wp\/v2\/categories?post=3135"},{"taxonomy":"post_tag","embeddable":true,"href":"https:\/\/www.pr-neu.de\/newsroom\/wp-json\/wp\/v2\/tags?post=3135"}],"curies":[{"name":"wp","href":"https:\/\/api.w.org\/{rel}","templated":true}]}}