{"id":3110,"date":"2015-01-07T10:09:03","date_gmt":"2015-01-07T10:09:03","guid":{"rendered":"http:\/\/www.pr-nord.de\/newsroom\/?p=3110"},"modified":"2020-05-28T15:56:53","modified_gmt":"2020-05-28T13:56:53","slug":"christian-wild-uebernimmt-teckentrup-vertriebsleitung-sued","status":"publish","type":"post","link":"https:\/\/www.pr-neu.de\/newsroom\/christian-wild-uebernimmt-teckentrup-vertriebsleitung-sued\/","title":{"rendered":"Christian Wild \u00fcbernimmt Teckentrup-Vertriebsleitung S\u00fcd"},"content":{"rendered":"<table border=\"0\" width=\"520\" cellspacing=\"0\" cellpadding=\"0\">\n<tbody>\n<tr>\n<td><u>Personalia<\/u><\/p>\n<p><strong>Christian Wild \u00fcbernimmt Teckentrup-Vertriebsleitung S\u00fcd<\/strong><\/p>\n<p>Seit Jahresbeginn ist Christian Wild (41) neuer Vertriebsleiter f\u00fcr S\u00fcddeutschland beim T\u00fcren- und Torhersteller Teckentrup (Verl). Er betreut die Niederlassungen Aichach, Landau und Maintal. Der Betriebswirt des Handwerks kommt mit mehr als 20 Jahren Berufserfahrung im Vertrieb von Bauelementen \u2013 davon 14 Jahre in leitender Position. Zuletzt arbeitete er als Vertriebsleiter D\/A\/CH-Region bei einem internationalen Unter-nehmen der Bauelemente-Industrie. Ren\u00e9 Schubert (45), seit 2001 bei Teckentrup, bleibt als Vertriebsleiter Nord verantwort-lich f\u00fcr die Niederlassungen Berlin und Gro\u00dfz\u00f6beritz, au\u00dferdem ist er nun zust\u00e4ndig f\u00fcr die Standorte Verl und Nord (Seevetal). Damit ist die Neustrukturierung des Vertriebs bei Teckentrup abgeschlossen.<\/p>\n<hr noshade=\"noshade\" size=\"1\" \/>\n<table border=\"0\" width=\"520\" cellspacing=\"0\" cellpadding=\"0\">\n<tbody>\n<tr>\n<td valign=\"top\" width=\"380\"><a href=\"http:\/\/www.pr-neu.de\/newsroom\/wordpress\/wp-content\/uploads\/2015\/01\/14-24-Wild_G.jpg\"><img loading=\"lazy\" decoding=\"async\" class=\"size-medium wp-image-12916\" src=\"http:\/\/www.pr-neu.de\/newsroom\/wordpress\/wp-content\/uploads\/2015\/01\/14-24-Wild_G-216x300.jpg\" alt=\"\" width=\"216\" height=\"300\" srcset=\"https:\/\/www.pr-neu.de\/newsroom\/wordpress\/wp-content\/uploads\/2015\/01\/14-24-Wild_G-216x300.jpg 216w, https:\/\/www.pr-neu.de\/newsroom\/wordpress\/wp-content\/uploads\/2015\/01\/14-24-Wild_G-79x110.jpg 79w, https:\/\/www.pr-neu.de\/newsroom\/wordpress\/wp-content\/uploads\/2015\/01\/14-24-Wild_G-303x420.jpg 303w, https:\/\/www.pr-neu.de\/newsroom\/wordpress\/wp-content\/uploads\/2015\/01\/14-24-Wild_G-310x430.jpg 310w, https:\/\/www.pr-neu.de\/newsroom\/wordpress\/wp-content\/uploads\/2015\/01\/14-24-Wild_G.jpg 554w\" sizes=\"auto, (max-width: 216px) 100vw, 216px\" \/><\/a><\/td>\n<td>Christian Wild: Neuer Vertriebsleiter S\u00fcd beim T\u00fcren- und Tor-hersteller Teckentrup (Verl).<\/p>\n<p>Bild: Teckentrup<\/td>\n<\/tr>\n<tr>\n<td valign=\"top\" width=\"380\"><a href=\"http:\/\/www.pr-neu.de\/newsroom\/wordpress\/wp-content\/uploads\/2015\/01\/14-24-Schubert_G.jpg\"><img loading=\"lazy\" decoding=\"async\" class=\"size-medium wp-image-12917\" src=\"http:\/\/www.pr-neu.de\/newsroom\/wordpress\/wp-content\/uploads\/2015\/01\/14-24-Schubert_G-217x300.jpg\" alt=\"\" width=\"217\" height=\"300\" srcset=\"https:\/\/www.pr-neu.de\/newsroom\/wordpress\/wp-content\/uploads\/2015\/01\/14-24-Schubert_G-217x300.jpg 217w, https:\/\/www.pr-neu.de\/newsroom\/wordpress\/wp-content\/uploads\/2015\/01\/14-24-Schubert_G-739x1024.jpg 739w, https:\/\/www.pr-neu.de\/newsroom\/wordpress\/wp-content\/uploads\/2015\/01\/14-24-Schubert_G-768x1064.jpg 768w, https:\/\/www.pr-neu.de\/newsroom\/wordpress\/wp-content\/uploads\/2015\/01\/14-24-Schubert_G-1109x1536.jpg 1109w, https:\/\/www.pr-neu.de\/newsroom\/wordpress\/wp-content\/uploads\/2015\/01\/14-24-Schubert_G-1479x2048.jpg 1479w, https:\/\/www.pr-neu.de\/newsroom\/wordpress\/wp-content\/uploads\/2015\/01\/14-24-Schubert_G-79x110.jpg 79w, https:\/\/www.pr-neu.de\/newsroom\/wordpress\/wp-content\/uploads\/2015\/01\/14-24-Schubert_G-303x420.jpg 303w, https:\/\/www.pr-neu.de\/newsroom\/wordpress\/wp-content\/uploads\/2015\/01\/14-24-Schubert_G-310x430.jpg 310w, https:\/\/www.pr-neu.de\/newsroom\/wordpress\/wp-content\/uploads\/2015\/01\/14-24-Schubert_G.jpg 1535w\" sizes=\"auto, (max-width: 217px) 100vw, 217px\" \/><\/a><\/td>\n<td>Ren\u00e9 Schubert verantwortet den Vertrieb Norddeutschland bei Teckentrup.<\/p>\n<p>Bild: Teckentrup<\/td>\n<\/tr>\n<\/tbody>\n<\/table>\n<hr noshade=\"noshade\" size=\"1\" \/>\n<p>Abdruck honorarfrei, Belegexemplar erbeten<\/p>\n<p>R\u00fcckfragen beantwortet gern:<\/p>\n<p><strong>Teckentrup<\/strong> GmbH &amp; Co. KG<br \/>\nThomas Moldrickx<br \/>\nTel.: 05246 \/ 5 04-350 \/ Fax: -173<br \/>\nE-Mail: <a href=\"&#109;&#x61;&#x69;l&#116;&#x6f;&#x3a;t&#104;&#x6f;m&#97;&#x73;&#x2e;m&#111;&#x6c;d&#114;&#x69;&#x63;k&#120;&#x40;&#x74;&#101;&#x63;&#x6b;e&#110;&#x74;&#x72;u&#112;&#x2e;b&#105;&#x7a;\">thomas&#46;m&#111;&#108;&#100;&#114;&#105;&#99;&#107;&#120;&#64;&#116;&#x65;&#x63;&#x6b;&#x65;&#x6e;&#x74;&#x72;&#x75;&#x70;&#x2e;&#x62;&#x69;&#x7a;<\/a><\/td>\n<\/tr>\n<\/tbody>\n<\/table>\n<table border=\"0\" width=\"500\">\n<tbody>\n<tr>\n<td><!-- AddThis Button BEGIN --><\/td>\n<\/tr>\n<\/tbody>\n<\/table>\n","protected":false},"excerpt":{"rendered":"<p>Personalia Christian Wild \u00fcbernimmt Teckentrup-Vertriebsleitung S\u00fcd Seit Jahresbeginn ist Christian Wild (41) neuer Vertriebsleiter f\u00fcr S\u00fcddeutschland beim T\u00fcren- und Torhersteller Teckentrup (Verl). Er betreut die Niederlassungen Aichach, Landau und Maintal. Der Betriebswirt des Handwerks kommt mit mehr als 20 Jahren Berufserfahrung im Vertrieb von Bauelementen \u2013 davon 14 Jahre in leitender Position. Zuletzt arbeitete er [&hellip;]<\/p>\n","protected":false},"author":6,"featured_media":0,"comment_status":"closed","ping_status":"open","sticky":false,"template":"","format":"standard","meta":{"footnotes":""},"categories":[3,18],"tags":[],"class_list":["post-3110","post","type-post","status-publish","format-standard","hentry","category-kundenmeldungen","category-teckentrup"],"_links":{"self":[{"href":"https:\/\/www.pr-neu.de\/newsroom\/wp-json\/wp\/v2\/posts\/3110","targetHints":{"allow":["GET"]}}],"collection":[{"href":"https:\/\/www.pr-neu.de\/newsroom\/wp-json\/wp\/v2\/posts"}],"about":[{"href":"https:\/\/www.pr-neu.de\/newsroom\/wp-json\/wp\/v2\/types\/post"}],"author":[{"embeddable":true,"href":"https:\/\/www.pr-neu.de\/newsroom\/wp-json\/wp\/v2\/users\/6"}],"replies":[{"embeddable":true,"href":"https:\/\/www.pr-neu.de\/newsroom\/wp-json\/wp\/v2\/comments?post=3110"}],"version-history":[{"count":4,"href":"https:\/\/www.pr-neu.de\/newsroom\/wp-json\/wp\/v2\/posts\/3110\/revisions"}],"predecessor-version":[{"id":12919,"href":"https:\/\/www.pr-neu.de\/newsroom\/wp-json\/wp\/v2\/posts\/3110\/revisions\/12919"}],"wp:attachment":[{"href":"https:\/\/www.pr-neu.de\/newsroom\/wp-json\/wp\/v2\/media?parent=3110"}],"wp:term":[{"taxonomy":"category","embeddable":true,"href":"https:\/\/www.pr-neu.de\/newsroom\/wp-json\/wp\/v2\/categories?post=3110"},{"taxonomy":"post_tag","embeddable":true,"href":"https:\/\/www.pr-neu.de\/newsroom\/wp-json\/wp\/v2\/tags?post=3110"}],"curies":[{"name":"wp","href":"https:\/\/api.w.org\/{rel}","templated":true}]}}