{"id":3104,"date":"2015-01-06T10:02:21","date_gmt":"2015-01-06T10:02:21","guid":{"rendered":"http:\/\/www.pr-nord.de\/newsroom\/?p=3104"},"modified":"2020-05-28T15:58:23","modified_gmt":"2020-05-28T13:58:23","slug":"marktplatzumgestaltung","status":"publish","type":"post","link":"https:\/\/www.pr-neu.de\/newsroom\/marktplatzumgestaltung\/","title":{"rendered":"Marktplatzumgestaltung und Tiefgaragensanierung"},"content":{"rendered":"<table border=\"0\" width=\"520\" cellspacing=\"0\" cellpadding=\"0\">\n<tbody>\n<tr>\n<td><u> Projekt \u201eSoziale Stadt Rheydt\u201c<\/u><\/p>\n<p><strong>Marktplatzumgestaltung und Tiefgaragensanierung<\/strong><\/p>\n<p><strong>Die zweigeschossige Tiefgarage in Rheydt ist ein Musterbeispiel f\u00fcr die Sanierung stark gesch\u00e4digter Parkanlagen aus den 1970er Jahren: Undichtigkeiten der Decken sowie Sch\u00e4den an den Wandsockeln und den St\u00fctzen erforderten eine umfassende Instandsetzung. Die Sanierung wurde zugleich mit einer Aufwertung verbunden: Ein neues Farbkonzept verbessert heute die Orientierung im Bauwerk. Da zudem der Umbau des st\u00e4dtischen Marktplatzes auch zu einer neuen Erschlie\u00dfung f\u00fchrte, entstand eine Verbindung zu einer benachbarten Tiefgarage als Neubau. Damit die unterschiedlichen Fl\u00e4chen in der Tiefgarage langfristig intakt bleiben, entschieden sich die Planer f\u00fcr das jeweils optimal passende Oberfl\u00e4chenschutzsystem (OS 2, OS 4, OS 8 beziehungsweise OS 11 von StoCretec, Kriftel).<\/strong><\/p>\n<p>So wie viele deutsche St\u00e4dte leidet auch die Rheydter Innenstadt unter einem erheblichen Verlust der Funktions- und Angebotsvielfalt, was auf die dynamische Entwicklung der letzten Jahre zur\u00fcckzuf\u00fchren ist. Um diesem Trend entgegenzuwirken, bedurfte es einer nachhaltigen und qualit\u00e4tsf\u00f6rdernden Stadtentwicklung und -gestaltung. Es entstand ein Konzept zur Reaktivierung der Rheydter Innenstadt, welches unter anderem die Neugestaltung des Marktplatzes beinhaltete. Im Zuge dessen wurde ebenfalls die Sanierung der \u00f6ffentlichen Tiefgarage beschlossen.<\/p>\n<p>Die unter gro\u00dfen Teilen des Platzes befindliche zweigeschossige Tiefgarage wurde im Jahr 1971 erbaut und sollte in der Vergangenheit zus\u00e4tzlich als Bunkeranlage f\u00fcr den Zivilschutz dienen. Die Erstellung der Stahlbetonkonstruktion erfolgte in monolithischer Bauweise. Mit einer Dicke von 50 cm wurde die Decke \u00fcber dem ersten Untergeschoss in der Betong\u00fcte B300 sowie mit Betonstahl BSt IIIb hergestellt. \u00dcber dem zweiten Untergeschoss erfolgte die Deckenausf\u00fchrung mit einer Dicke von 35 cm. Die Stahlbetonw\u00e4nde variieren zwischen 30 und 40 cm.<\/p>\n<p><strong>Massive Sch\u00e4den festgestellt<\/strong><\/p>\n<p>Die vielen Jahre der Dauernutzung hinterlie\u00dfen ihre Spuren. So ergab die Materialuntersuchung erh\u00f6hte Chloridwerte im Sockelbereich der Wand- und St\u00fctzenbewehrung sowie an den St\u00fctzbewehrungen in den beiden Decken. Ursache hierf\u00fcr sind die besonders im Winter eingeschleppten betonaggressiven Tausalzl\u00f6sungen. Au\u00dferdem waren die Raumfugen der Decken undicht und der angrenzende Stahlbeton in gro\u00dfem Ma\u00dfe gesch\u00e4digt, was zur Folge hatte, dass die Bewehrung in Teilen bis zum vollst\u00e4ndigen Querschnittsverlust korrodiert war. An vielen Stellen wurde die erforderliche Betondeckung eklatant unterschritten, der Karbonatisierungshorizont lag teilweise innerhalb der Bewehrungszone.<\/p>\n<p><strong>StoCretec Oberfl\u00e4chenschutzsystem OS 11 f\u00fcr die Zwischenebene<\/strong><\/p>\n<p>In der Zwischenebene wurde zun\u00e4chst der belastete Beton mittels Hochdruckwasserstrahlen bis in Tiefen von 6 cm entfernt und die freigelegte Bewehrung gereinigt. Hiernach erfolgte die Reprofilierung der Fl\u00e4che mit einem Instandsetzungsbeton der Druckfestigkeitsklasse C35\/45 mit leichtem Gef\u00e4lle von der St\u00fctzenreihe in die Fahrbahnmitte. In den Bereichen der Fahrspuren trug man mittels Fr\u00e4sen circa 10 bis 15 mm des alten Hartstoffestrichs ab. Nach Instandsetzung lokaler Schadstellen konnte mit dem mineralischen Verlaufm\u00f6rtel StoCrete VM 640 die alte Bauh\u00f6he wieder hergestellt werden.<\/p>\n<p>Auf der Decke der Zwischenebene kam zum Schutz der Betonkonstruktion ein Oberfl\u00e4chenschutzsystem OS 11 a.5 von StoCretec mit einer haupts\u00e4chlich wirksamen Oberfl\u00e4chenschutzschicht (hwO) aus der EP\/PUR-Kombination StoPox TEP Multi Top zum Einsatz, welches \u00fcber eine an den aufgehenden Bauteilen entlang laufende Hohlkehle aus PCC-M\u00f6rtel gef\u00fchrt wurde. Die gew\u00e4hlte Beschichtung verf\u00fcgt \u00fcber eine hohe Best\u00e4ndigkeit gegen \u00d6le und Treibstoffe sowie eine hohe Verschlei\u00dffestigkeit und ist dynamisch riss\u00fcberbr\u00fcckend.<\/p>\n<p><strong>Schutz vor Chloridbelastung<\/strong><\/p>\n<p>Nun galt es, die mit Chloriden belasteten Fundamente und den angegriffenen Beton im zweiten Untergeschoss der Tiefgarage mit Hochdruckwasserstrahlen bis in Tiefen von 5 cm zu entfernen und die freigelegte Bewehrung zu reinigen. Im n\u00e4chsten Schritt reprofilierte man die freigelegten Fl\u00e4chen mit Spritzbeton nach DIN 18551, C30\/37 in mehreren Lagen. Zur Reduzierung des Eindringens beton- und stahlangreifender Stoffe wurde auf der gesamten Bodenfl\u00e4che ein Oberfl\u00e4chenschutzsystem OS 8 aufgebracht, welches ebenfalls \u00fcber eine an den aufgehenden Bauteilen entlang laufende Hohlkehle aus PCC-M\u00f6rtel gef\u00fchrt wurde. Hierbei fand die EP-Beschichtung StoPox BB OS Verwendung. Sie eignet sich aufgrund ihrer mechanischen und chemischen Widerstandsf\u00e4higkeit ausgezeichnet f\u00fcr diesen Zweck.<\/p>\n<p>Die mit Chloriden belasteten Wandf\u00fc\u00dfe bearbeitete man bis in einer H\u00f6he von 50 cm. Je nach Wanddicke war zun\u00e4chst der angegriffene Beton bis in Tiefen von 4 bis 8 cm zu entfernen. Anschlie\u00dfend erfolgte die Reprofilierung der freigelegten Fl\u00e4chen mit Spritzbeton nach DIN 18551, C30\/37 in mehreren Lagen. Um ein erneutes Eindringen beton- und stahlaggressiver Stoffe zu verhindern, wurde an den reprofilierten Fl\u00e4chen ein Oberfl\u00e4chenschutzsystem OS 4 appliziert.<\/p>\n<p><strong>Verbindungsbauwerk<\/strong><\/p>\n<p>Die alte Zufahrt in die Rathaus-Tiefgarage musste aufgrund der Neuplanung der Marktfl\u00e4che zur\u00fcckgebaut werden. Um die \u00f6ffentliche Tiefgarage und die Rathaus-Tiefgarage zu verbinden, errichtete man im zweiten Untergeschoss ein neues Verbindungsbauwerk. Die Bodenplatte dieses Tunnels erhielt ebenfalls eine dampfdiffusionsoffene OS 8 Beschichtung, an den W\u00e4nden applizierte man ein Oberfl\u00e4chenschutzsystem OS 4, an den Decken wurde eine OS 2 Beschichtung aufgebracht.<\/p>\n<p>Au\u00dferdem erhielt die Rheydter Tiefgarage ein neues Farbkonzept und eine Neuanordnung der Stellpl\u00e4tze, wodurch sie nun \u00fcbersichtlicher, heller und freundlicher wirkt. Die Generalsanierung und Instandsetzung erfolgte unter der Ber\u00fccksichtigung der aktuellen Regelwerke. Zus\u00e4tzlich legte man auf die Einhaltung der ADAC-Kriterien f\u00fcr Parkh\u00e4user gro\u00dfen Wert.<\/p>\n<hr noshade=\"noshade\" size=\"1\" \/>\n<p><strong><br \/>\nBautafel<\/strong><\/p>\n<p>Objekt: Tiefgarage MG-Rheydt<br \/>\nBauherr: Stadt M\u00f6nchengladbach<br \/>\nGeneralplaner: KEMPEN KRAUSE INGENIEURE GmbH, Aachen<br \/>\nVerarbeiter: GQ Quadflieg Bau GmbH, W\u00fcrselen<br \/>\nAusf\u00fchrung: 09\/2012 bis 12\/2013<br \/>\nProduktlieferant: StoCretec GmbH, Kriftel<\/p>\n<p>Systeme\/Produkte:<br \/>\nPCC I: StoCrete TH 110, StoCrete TG 114, StoCrete TG 118<br \/>\nVerlaufm\u00f6rtel: StoCryl CP, StoCrete VM 640<\/p>\n<p>Oberfl\u00e4chenschutzsysteme:<br \/>\nOS 2: StoCryl GW 100, StoCryl V 100<br \/>\nOS 4 (OS C): StoCrete TF 200, StoCryl V 100<br \/>\nOS 8: StoPox GH 502, StoPox BB OS<br \/>\nOS 11a.5 StoPox GH 502, StoPox TEP<\/p>\n<hr noshade=\"noshade\" size=\"1\" \/>\n<p><strong>Weitere Infos:<\/strong><\/p>\n<p>StoCretec GmbH<br \/>\nGutenbergstrasse 6, 65830 Kriftel<br \/>\nTel.: 06192-4010<br \/>\nMail: <a href=\"&#x6d;&#x61;&#x69;&#x6c;&#x74;&#x6f;&#58;&#115;&#116;&#111;cret&#x65;&#x63;&#x40;&#x73;&#x74;&#x6f;&#46;&#99;&#111;&#109;\">s&#116;&#x6f;&#x63;&#x72;e&#116;&#101;&#x63;&#x40;s&#116;&#111;&#x2e;&#x63;om<\/a><br \/>\nWeb: <a href=\"http:\/\/www.stocretec.de\" target=\"_blank\" rel=\"noopener noreferrer\">www.stocretec.de<\/a><\/p>\n<hr noshade=\"noshade\" size=\"1\" \/>\n<table border=\"0\" width=\"520\" cellspacing=\"0\" cellpadding=\"0\">\n<tbody>\n<tr>\n<td valign=\"top\" height=\"25\"><a href=\"http:\/\/www.pr-neu.de\/newsroom\/wordpress\/wp-content\/uploads\/2015\/01\/14-15-Tiefgarage-Rheydt_1_G.jpg\"><img loading=\"lazy\" decoding=\"async\" class=\"size-medium wp-image-12922\" src=\"http:\/\/www.pr-neu.de\/newsroom\/wordpress\/wp-content\/uploads\/2015\/01\/14-15-Tiefgarage-Rheydt_1_G-300x225.jpg\" alt=\"\" width=\"300\" height=\"225\" srcset=\"https:\/\/www.pr-neu.de\/newsroom\/wordpress\/wp-content\/uploads\/2015\/01\/14-15-Tiefgarage-Rheydt_1_G-300x225.jpg 300w, https:\/\/www.pr-neu.de\/newsroom\/wordpress\/wp-content\/uploads\/2015\/01\/14-15-Tiefgarage-Rheydt_1_G-768x576.jpg 768w, https:\/\/www.pr-neu.de\/newsroom\/wordpress\/wp-content\/uploads\/2015\/01\/14-15-Tiefgarage-Rheydt_1_G-110x82.jpg 110w, https:\/\/www.pr-neu.de\/newsroom\/wordpress\/wp-content\/uploads\/2015\/01\/14-15-Tiefgarage-Rheydt_1_G-420x315.jpg 420w, https:\/\/www.pr-neu.de\/newsroom\/wordpress\/wp-content\/uploads\/2015\/01\/14-15-Tiefgarage-Rheydt_1_G-574x430.jpg 574w, https:\/\/www.pr-neu.de\/newsroom\/wordpress\/wp-content\/uploads\/2015\/01\/14-15-Tiefgarage-Rheydt_1_G.jpg 898w\" sizes=\"auto, (max-width: 300px) 100vw, 300px\" \/><\/a><\/td>\n<td colspan=\"3\" height=\"21\">Chloridbelastete Fundamente und angegriffener Beton wurden mittels Hochdruckwasserstrahlen entfernet und die freigelegte Bewehrung gereinigt.<\/p>\n<p>Bild: StoCretec<\/td>\n<\/tr>\n<tr>\n<td valign=\"top\" height=\"25\"><a href=\"http:\/\/www.pr-neu.de\/newsroom\/wordpress\/wp-content\/uploads\/2015\/01\/14-15-Tiefgarage-Rheydt_2_G.jpg\"><img loading=\"lazy\" decoding=\"async\" class=\"size-medium wp-image-12923\" src=\"http:\/\/www.pr-neu.de\/newsroom\/wordpress\/wp-content\/uploads\/2015\/01\/14-15-Tiefgarage-Rheydt_2_G-300x200.jpg\" alt=\"\" width=\"300\" height=\"200\" srcset=\"https:\/\/www.pr-neu.de\/newsroom\/wordpress\/wp-content\/uploads\/2015\/01\/14-15-Tiefgarage-Rheydt_2_G-300x200.jpg 300w, https:\/\/www.pr-neu.de\/newsroom\/wordpress\/wp-content\/uploads\/2015\/01\/14-15-Tiefgarage-Rheydt_2_G-1024x683.jpg 1024w, https:\/\/www.pr-neu.de\/newsroom\/wordpress\/wp-content\/uploads\/2015\/01\/14-15-Tiefgarage-Rheydt_2_G-768x512.jpg 768w, https:\/\/www.pr-neu.de\/newsroom\/wordpress\/wp-content\/uploads\/2015\/01\/14-15-Tiefgarage-Rheydt_2_G-1536x1024.jpg 1536w, https:\/\/www.pr-neu.de\/newsroom\/wordpress\/wp-content\/uploads\/2015\/01\/14-15-Tiefgarage-Rheydt_2_G-110x73.jpg 110w, https:\/\/www.pr-neu.de\/newsroom\/wordpress\/wp-content\/uploads\/2015\/01\/14-15-Tiefgarage-Rheydt_2_G-420x280.jpg 420w, https:\/\/www.pr-neu.de\/newsroom\/wordpress\/wp-content\/uploads\/2015\/01\/14-15-Tiefgarage-Rheydt_2_G-645x430.jpg 645w, https:\/\/www.pr-neu.de\/newsroom\/wordpress\/wp-content\/uploads\/2015\/01\/14-15-Tiefgarage-Rheydt_2_G.jpg 1795w\" sizes=\"auto, (max-width: 300px) 100vw, 300px\" \/><\/a><\/td>\n<td colspan=\"3\" height=\"21\">In Bereichen der Fahrspuren fr\u00e4ste man den alten Hartstoffestrich ab. Um die alte Bauh\u00f6he wieder herzustellen, verwendete man den mineralischen Verlaufm\u00f6rtel StoCrete VM 640.<\/p>\n<p>Bild: StoCretec<\/td>\n<\/tr>\n<tr>\n<td valign=\"top\" width=\"370\" height=\"25\"><a href=\"http:\/\/www.pr-neu.de\/newsroom\/wordpress\/wp-content\/uploads\/2015\/01\/14-15-Tiefgarage-Rheydt_3_G.jpg\"><img loading=\"lazy\" decoding=\"async\" class=\"size-medium wp-image-12924\" src=\"http:\/\/www.pr-neu.de\/newsroom\/wordpress\/wp-content\/uploads\/2015\/01\/14-15-Tiefgarage-Rheydt_3_G-300x200.jpg\" alt=\"\" width=\"300\" height=\"200\" srcset=\"https:\/\/www.pr-neu.de\/newsroom\/wordpress\/wp-content\/uploads\/2015\/01\/14-15-Tiefgarage-Rheydt_3_G-300x200.jpg 300w, https:\/\/www.pr-neu.de\/newsroom\/wordpress\/wp-content\/uploads\/2015\/01\/14-15-Tiefgarage-Rheydt_3_G-1024x683.jpg 1024w, https:\/\/www.pr-neu.de\/newsroom\/wordpress\/wp-content\/uploads\/2015\/01\/14-15-Tiefgarage-Rheydt_3_G-768x512.jpg 768w, https:\/\/www.pr-neu.de\/newsroom\/wordpress\/wp-content\/uploads\/2015\/01\/14-15-Tiefgarage-Rheydt_3_G-1536x1024.jpg 1536w, https:\/\/www.pr-neu.de\/newsroom\/wordpress\/wp-content\/uploads\/2015\/01\/14-15-Tiefgarage-Rheydt_3_G-110x73.jpg 110w, https:\/\/www.pr-neu.de\/newsroom\/wordpress\/wp-content\/uploads\/2015\/01\/14-15-Tiefgarage-Rheydt_3_G-420x280.jpg 420w, https:\/\/www.pr-neu.de\/newsroom\/wordpress\/wp-content\/uploads\/2015\/01\/14-15-Tiefgarage-Rheydt_3_G-645x430.jpg 645w, https:\/\/www.pr-neu.de\/newsroom\/wordpress\/wp-content\/uploads\/2015\/01\/14-15-Tiefgarage-Rheydt_3_G.jpg 1795w\" sizes=\"auto, (max-width: 300px) 100vw, 300px\" \/><\/a><\/td>\n<td colspan=\"3\" height=\"21\">Die fertige Tiefgarage mit dem umgesetzten Farbkonzept.<\/p>\n<p>Bild: StoCretec<\/td>\n<\/tr>\n<\/tbody>\n<\/table>\n<hr noshade=\"noshade\" size=\"1\" \/>\n<p>Abdruck honorarfrei, Belegexemplar erbeten<\/td>\n<\/tr>\n<tr>\n<td><\/td>\n<\/tr>\n<\/tbody>\n<\/table>\n","protected":false},"excerpt":{"rendered":"<p>Projekt \u201eSoziale Stadt Rheydt\u201c Marktplatzumgestaltung und Tiefgaragensanierung Die zweigeschossige Tiefgarage in Rheydt ist ein Musterbeispiel f\u00fcr die Sanierung stark gesch\u00e4digter Parkanlagen aus den 1970er Jahren: Undichtigkeiten der Decken sowie Sch\u00e4den an den Wandsockeln und den St\u00fctzen erforderten eine umfassende Instandsetzung. Die Sanierung wurde zugleich mit einer Aufwertung verbunden: Ein neues Farbkonzept verbessert heute die Orientierung [&hellip;]<\/p>\n","protected":false},"author":6,"featured_media":0,"comment_status":"closed","ping_status":"open","sticky":false,"template":"","format":"standard","meta":{"footnotes":""},"categories":[3,16],"tags":[],"class_list":["post-3104","post","type-post","status-publish","format-standard","hentry","category-kundenmeldungen","category-stocretec"],"_links":{"self":[{"href":"https:\/\/www.pr-neu.de\/newsroom\/wp-json\/wp\/v2\/posts\/3104","targetHints":{"allow":["GET"]}}],"collection":[{"href":"https:\/\/www.pr-neu.de\/newsroom\/wp-json\/wp\/v2\/posts"}],"about":[{"href":"https:\/\/www.pr-neu.de\/newsroom\/wp-json\/wp\/v2\/types\/post"}],"author":[{"embeddable":true,"href":"https:\/\/www.pr-neu.de\/newsroom\/wp-json\/wp\/v2\/users\/6"}],"replies":[{"embeddable":true,"href":"https:\/\/www.pr-neu.de\/newsroom\/wp-json\/wp\/v2\/comments?post=3104"}],"version-history":[{"count":4,"href":"https:\/\/www.pr-neu.de\/newsroom\/wp-json\/wp\/v2\/posts\/3104\/revisions"}],"predecessor-version":[{"id":12927,"href":"https:\/\/www.pr-neu.de\/newsroom\/wp-json\/wp\/v2\/posts\/3104\/revisions\/12927"}],"wp:attachment":[{"href":"https:\/\/www.pr-neu.de\/newsroom\/wp-json\/wp\/v2\/media?parent=3104"}],"wp:term":[{"taxonomy":"category","embeddable":true,"href":"https:\/\/www.pr-neu.de\/newsroom\/wp-json\/wp\/v2\/categories?post=3104"},{"taxonomy":"post_tag","embeddable":true,"href":"https:\/\/www.pr-neu.de\/newsroom\/wp-json\/wp\/v2\/tags?post=3104"}],"curies":[{"name":"wp","href":"https:\/\/api.w.org\/{rel}","templated":true}]}}