{"id":3037,"date":"2014-10-22T14:31:30","date_gmt":"2014-10-22T14:31:30","guid":{"rendered":"http:\/\/www.pr-nord.de\/newsroom\/?p=3037"},"modified":"2020-05-28T16:00:40","modified_gmt":"2020-05-28T14:00:40","slug":"lagerfeuer-effekt-nein-danke","status":"publish","type":"post","link":"https:\/\/www.pr-neu.de\/newsroom\/lagerfeuer-effekt-nein-danke\/","title":{"rendered":"\u201eLagerfeuer-Effekt\u201c? Nein Danke!"},"content":{"rendered":"<table border=\"0\" width=\"520\" cellspacing=\"0\" cellpadding=\"0\">\n<tbody>\n<tr>\n<td><u>W\u00e4rme: Drinnen halten statt nach drau\u00dfen heizen<\/u><\/p>\n<p><strong>\u201eLagerfeuer-Effekt\u201c? Nein Danke! <\/strong><\/p>\n<p>Die Heizkosten sind in den vergangenen zehn Jahren sehr viel st\u00e4rker gestiegen als die viel diskutierten Stromkosten. Teuer erzeugte W\u00e4rme im Haus zu halten (anstatt die Umwelt zu heizen), ist also eine Frage der wirtschaftlichen Vernunft. Moderne Fenster und eine effiziente D\u00e4mmung von Dachgeschoss, Kellerdecke und Fassade sorgen daf\u00fcr, dass W\u00e4rme in den eigenen vier W\u00e4nden bleibt. Im Neubau ist diese Bauweise Standard. Um auch den Altbau auf dieses Niveau zu bringen, f\u00f6rdert die KfW-Bank energetische Sanierungen mit g\u00fcnstigen Darlehen und Tilgungszuschuss. Diese Investitionen senkt nicht nur die Heizkosten dauerhaft und Geb\u00e4udeeigent\u00fcmer machen sich damit unabh\u00e4ngiger von (weiter steigenden) \u00d6l- und Gaspreisen, sie verbessert auch die Wohnbehaglichkeit und bannt die Schimmelgefahr im Innenraum. Zudem nimmt der Geb\u00e4udewert zu und die Vermietbarkeit wird sicherer. Vor einer Sanierung sollte ein professioneller Energieberater den optimalen Ma\u00df\u00acnahmen-Mix aus Sanierungen an Heizung, Fenstern und Fassaden individuell f\u00fcr ein Geb\u00e4ude festlegen. Empfohlen wird das energetische Sanieren \u00fcbrigens auch von der Bundeszentrale Verbraucherschutz \u2013 siehe<br \/>\nwww.vz-rlp.de\/AntwortenWaermedaemmung.<\/p>\n<hr noshade=\"noshade\" size=\"1\" \/>\n<table border=\"0\" width=\"520\" cellspacing=\"0\" cellpadding=\"0\">\n<tbody>\n<tr>\n<td valign=\"top\" width=\"370\" height=\"25\"><a href=\"http:\/\/www.pr-neu.de\/newsroom\/wordpress\/wp-content\/uploads\/2014\/10\/14-37-Lagerfeuer_G.jpg\"><img loading=\"lazy\" decoding=\"async\" class=\"aligncenter size-medium wp-image-12941\" src=\"http:\/\/www.pr-neu.de\/newsroom\/wordpress\/wp-content\/uploads\/2014\/10\/14-37-Lagerfeuer_G-300x106.jpg\" alt=\"\" width=\"300\" height=\"106\" srcset=\"https:\/\/www.pr-neu.de\/newsroom\/wordpress\/wp-content\/uploads\/2014\/10\/14-37-Lagerfeuer_G-300x106.jpg 300w, https:\/\/www.pr-neu.de\/newsroom\/wordpress\/wp-content\/uploads\/2014\/10\/14-37-Lagerfeuer_G-1024x361.jpg 1024w, https:\/\/www.pr-neu.de\/newsroom\/wordpress\/wp-content\/uploads\/2014\/10\/14-37-Lagerfeuer_G-768x271.jpg 768w, https:\/\/www.pr-neu.de\/newsroom\/wordpress\/wp-content\/uploads\/2014\/10\/14-37-Lagerfeuer_G-1536x542.jpg 1536w, https:\/\/www.pr-neu.de\/newsroom\/wordpress\/wp-content\/uploads\/2014\/10\/14-37-Lagerfeuer_G-2048x723.jpg 2048w, https:\/\/www.pr-neu.de\/newsroom\/wordpress\/wp-content\/uploads\/2014\/10\/14-37-Lagerfeuer_G-110x39.jpg 110w, https:\/\/www.pr-neu.de\/newsroom\/wordpress\/wp-content\/uploads\/2014\/10\/14-37-Lagerfeuer_G-420x148.jpg 420w, https:\/\/www.pr-neu.de\/newsroom\/wordpress\/wp-content\/uploads\/2014\/10\/14-37-Lagerfeuer_G-770x272.jpg 770w\" sizes=\"auto, (max-width: 300px) 100vw, 300px\" \/><\/a><\/p>\n<p>&nbsp;<\/td>\n<td colspan=\"3\" height=\"21\">Den \u201eLagerfeuer-Effekt\u201c kennt jeder: kalter R\u00fccken, warme Knie. Besser ist es in den eigenen vier W\u00e4nden, wo die W\u00e4rme festgehalten wird. Nur: In alten H\u00e4usern ist es oft noch fast wie am Lagerfeuer, weil W\u00e4rme nahezu ungehindert nach au\u00dfen str\u00f6mt. Wird hier der W\u00e4rmeschutz verbessert \u2013 mit modernen Fenstern und effizienter Fassadend\u00e4mmung \u2013, verschwindet auch der \u201eLagerfeuer-Effekt\u201c.<\/p>\n<p>Grafik: Sto SE &amp; Co KGaA \/ Mohrenberg<\/p>\n<p>&nbsp;<\/td>\n<\/tr>\n<\/tbody>\n<\/table>\n<hr noshade=\"noshade\" size=\"1\" \/>\n<p>Abdruck honorarfrei, Belegexemplar erbeten<\/p>\n<p>&nbsp;<\/td>\n<\/tr>\n<tr>\n<td><\/td>\n<\/tr>\n<\/tbody>\n<\/table>\n","protected":false},"excerpt":{"rendered":"<p>W\u00e4rme: Drinnen halten statt nach drau\u00dfen heizen \u201eLagerfeuer-Effekt\u201c? Nein Danke! Die Heizkosten sind in den vergangenen zehn Jahren sehr viel st\u00e4rker gestiegen als die viel diskutierten Stromkosten. Teuer erzeugte W\u00e4rme im Haus zu halten (anstatt die Umwelt zu heizen), ist also eine Frage der wirtschaftlichen Vernunft. Moderne Fenster und eine effiziente D\u00e4mmung von Dachgeschoss, Kellerdecke [&hellip;]<\/p>\n","protected":false},"author":6,"featured_media":0,"comment_status":"closed","ping_status":"open","sticky":false,"template":"","format":"standard","meta":{"footnotes":""},"categories":[3,15],"tags":[],"class_list":["post-3037","post","type-post","status-publish","format-standard","hentry","category-kundenmeldungen","category-sto"],"_links":{"self":[{"href":"https:\/\/www.pr-neu.de\/newsroom\/wp-json\/wp\/v2\/posts\/3037","targetHints":{"allow":["GET"]}}],"collection":[{"href":"https:\/\/www.pr-neu.de\/newsroom\/wp-json\/wp\/v2\/posts"}],"about":[{"href":"https:\/\/www.pr-neu.de\/newsroom\/wp-json\/wp\/v2\/types\/post"}],"author":[{"embeddable":true,"href":"https:\/\/www.pr-neu.de\/newsroom\/wp-json\/wp\/v2\/users\/6"}],"replies":[{"embeddable":true,"href":"https:\/\/www.pr-neu.de\/newsroom\/wp-json\/wp\/v2\/comments?post=3037"}],"version-history":[{"count":3,"href":"https:\/\/www.pr-neu.de\/newsroom\/wp-json\/wp\/v2\/posts\/3037\/revisions"}],"predecessor-version":[{"id":12942,"href":"https:\/\/www.pr-neu.de\/newsroom\/wp-json\/wp\/v2\/posts\/3037\/revisions\/12942"}],"wp:attachment":[{"href":"https:\/\/www.pr-neu.de\/newsroom\/wp-json\/wp\/v2\/media?parent=3037"}],"wp:term":[{"taxonomy":"category","embeddable":true,"href":"https:\/\/www.pr-neu.de\/newsroom\/wp-json\/wp\/v2\/categories?post=3037"},{"taxonomy":"post_tag","embeddable":true,"href":"https:\/\/www.pr-neu.de\/newsroom\/wp-json\/wp\/v2\/tags?post=3037"}],"curies":[{"name":"wp","href":"https:\/\/api.w.org\/{rel}","templated":true}]}}