{"id":2969,"date":"2014-10-14T09:40:48","date_gmt":"2014-10-14T09:40:48","guid":{"rendered":"http:\/\/www.pr-nord.de\/newsroom\/?p=2969"},"modified":"2020-05-28T16:01:05","modified_gmt":"2020-05-28T14:01:05","slug":"bewusst-die-zukunft-bauen","status":"publish","type":"post","link":"https:\/\/www.pr-neu.de\/newsroom\/bewusst-die-zukunft-bauen\/","title":{"rendered":"Bewusst die Zukunft bauen"},"content":{"rendered":"<table border=\"0\" width=\"520\" cellspacing=\"0\" cellpadding=\"0\">\n<tbody>\n<tr>\n<td><span style=\"text-decoration: underline;\">Sto auf der BAU 2015: Halle A6, Stand 302<\/span><\/p>\n<p><strong>Bewusst die Zukunft bauen<\/strong><\/p>\n<p><strong>Energieeffizienz und Gestaltung \u2013 zwei Schlagworte f\u00fcr zwei gro\u00dfe Herausforderungen an unsere Wirtschaft wie an unsere Gesellschaft, die direkt das Bauen beeinflussen. Mehr denn je gilt es, bewusst zu bauen und mit Innovationen f\u00fcr eine bessere Zukunft zu sorgen. Unter diesem Blickwinkel pr\u00e4sentiert Sto seine Schwerpunkte auf der BAU \u2013 Halle A6, Stand 302.<\/strong><\/p>\n<p>Wenn es um langfristige Baukonzepte geht, haben ganzheitliche L\u00f6sungen und Systeme l\u00e4ngst (Produkt-) Insel-L\u00f6sungen abgel\u00f6st. Der Fassaden- und Innenraumspezialist Sto aus St\u00fchlingen fasst auf seinem Stand unter dem Motto \u201eBewusst bauen \u2013 Innovationen f\u00fcr eine bessere Zukunft\u201c mehrere Faktoren zusammen:<\/p>\n<p>\u2022 Energieeffizienz: \u00dcber die Notwendigkeit, sparsam mit Energie umzugehen, besteht schon lange kein Zweifel mehr. Die Wege dorthin h\u00e4ngen aber immer vom jeweiligen Objekt ab \u2013 gerade in der Sanierung. Daher bietet Sto ein breites Portfolio an D\u00e4mmsystemen: organische und mineralische WDV-Systeme, Alternativen mit D\u00e4mmstoffen aus nachwachsenden Rohstoffen, vorgeh\u00e4ngte hinterl\u00fcftete Fassadensysteme und Innend\u00e4mmsysteme.<\/p>\n<p>\u2022 zukunftsorientiertes Design und Gestaltungsfreiheit: Bewusst bauen hei\u00dft auch bewusst gestalten. Auf der BAU stellt Sto neue Ans\u00e4tze f\u00fcr die dreidimensionale Gestaltung ged\u00e4mmter Fassaden vor. Die Spanne reicht hier von individuell gestaltbaren Architekturelementen bis zu parametrisch modellierten Fl\u00e4chen, die sowohl als W\u00e4rmed\u00e4mm-Verbundsysteme als auch als vorgeh\u00e4ngte hinterl\u00fcftete Fassadensysteme ausgestaltet werden k\u00f6nnen.<\/p>\n<p>\u2022 Mensch und Geb\u00e4ude: Auch die inneren Werte z\u00e4hlen: Geht es um Wohlf\u00fchl-R\u00e4ume, sind Schadstoff-Freiheit und eine gute Akustik entscheidende Kriterien. Zu beiden Themen pr\u00e4sentiert Sto Neuerungen.<\/p>\n<p>Die Messebesucher werden auf dem 360 Quadratmeter gro\u00dfen Stand vom kompetenten Sto-Team individuell betreut \u2013 denn zum bewussten Bauen geh\u00f6rt der direkte Austausch unter Fachleuten. Halle A6, Stand 302.<\/p>\n<hr noshade=\"noshade\" size=\"1\" \/>\n<p>Abdruck honorarfrei, Belegexemplar erbeten<\/p>\n<p>&nbsp;<\/td>\n<\/tr>\n<tr>\n<td><\/td>\n<\/tr>\n<\/tbody>\n<\/table>\n","protected":false},"excerpt":{"rendered":"<p>Sto auf der BAU 2015: Halle A6, Stand 302 Bewusst die Zukunft bauen Energieeffizienz und Gestaltung \u2013 zwei Schlagworte f\u00fcr zwei gro\u00dfe Herausforderungen an unsere Wirtschaft wie an unsere Gesellschaft, die direkt das Bauen beeinflussen. Mehr denn je gilt es, bewusst zu bauen und mit Innovationen f\u00fcr eine bessere Zukunft zu sorgen. Unter diesem Blickwinkel [&hellip;]<\/p>\n","protected":false},"author":6,"featured_media":0,"comment_status":"closed","ping_status":"open","sticky":false,"template":"","format":"standard","meta":{"footnotes":""},"categories":[3,15],"tags":[],"class_list":["post-2969","post","type-post","status-publish","format-standard","hentry","category-kundenmeldungen","category-sto"],"_links":{"self":[{"href":"https:\/\/www.pr-neu.de\/newsroom\/wp-json\/wp\/v2\/posts\/2969","targetHints":{"allow":["GET"]}}],"collection":[{"href":"https:\/\/www.pr-neu.de\/newsroom\/wp-json\/wp\/v2\/posts"}],"about":[{"href":"https:\/\/www.pr-neu.de\/newsroom\/wp-json\/wp\/v2\/types\/post"}],"author":[{"embeddable":true,"href":"https:\/\/www.pr-neu.de\/newsroom\/wp-json\/wp\/v2\/users\/6"}],"replies":[{"embeddable":true,"href":"https:\/\/www.pr-neu.de\/newsroom\/wp-json\/wp\/v2\/comments?post=2969"}],"version-history":[{"count":3,"href":"https:\/\/www.pr-neu.de\/newsroom\/wp-json\/wp\/v2\/posts\/2969\/revisions"}],"predecessor-version":[{"id":12946,"href":"https:\/\/www.pr-neu.de\/newsroom\/wp-json\/wp\/v2\/posts\/2969\/revisions\/12946"}],"wp:attachment":[{"href":"https:\/\/www.pr-neu.de\/newsroom\/wp-json\/wp\/v2\/media?parent=2969"}],"wp:term":[{"taxonomy":"category","embeddable":true,"href":"https:\/\/www.pr-neu.de\/newsroom\/wp-json\/wp\/v2\/categories?post=2969"},{"taxonomy":"post_tag","embeddable":true,"href":"https:\/\/www.pr-neu.de\/newsroom\/wp-json\/wp\/v2\/tags?post=2969"}],"curies":[{"name":"wp","href":"https:\/\/api.w.org\/{rel}","templated":true}]}}