{"id":295,"date":"2010-10-08T09:56:41","date_gmt":"2010-10-08T07:56:41","guid":{"rendered":"http:\/\/www.pr-nord.de\/newsroom\/?p=295"},"modified":"2020-05-28T16:20:58","modified_gmt":"2020-05-28T14:20:58","slug":"sichern-sie-ihre-nebeneingange","status":"publish","type":"post","link":"https:\/\/www.pr-neu.de\/newsroom\/sichern-sie-ihre-nebeneingange\/","title":{"rendered":"Sichern Sie Ihre Nebeneing\u00e4nge"},"content":{"rendered":"<p>Mit Beginn der dunklen Jahreszeit steigt die Zahl der Diebst\u00e4hle, besonders in Einfamilien- und Reihenh\u00e4usern. Einbrecher nutzen den Schutz der Dunkelheit f\u00fcr Beutez\u00fcge. Sie kommen aber selten durch die Haust\u00fcr, sondern brechen Kellereing\u00e4nge oder Fenster auf, klettern \u00fcber das Dach oder nutzen den Garagen-Nebeneingang \u2013 denn bei der Kellert\u00fcr oder der Garage mit Zugang zum Haus fehlen oft Vorrichtungen gegen Einbruch. Zudem sind sie schlecht einsehbar und Langfinger k\u00f6nnen \u201ein Ruhe arbeiten\u201c.<\/p>\n","protected":false},"excerpt":{"rendered":"<p>Mit Beginn der dunklen Jahreszeit steigt die Zahl der Diebst\u00e4hle, besonders in Einfamilien- und Reihenh\u00e4usern. Einbrecher nutzen den Schutz der Dunkelheit f\u00fcr Beutez\u00fcge. Sie kommen aber selten durch die Haust\u00fcr, sondern brechen Kellereing\u00e4nge oder Fenster auf, klettern \u00fcber das Dach oder nutzen den Garagen-Nebeneingang \u2013 denn bei der Kellert\u00fcr oder der Garage mit Zugang zum [&hellip;]<\/p>\n","protected":false},"author":6,"featured_media":0,"comment_status":"closed","ping_status":"open","sticky":false,"template":"","format":"standard","meta":{"footnotes":""},"categories":[3,18],"tags":[314,371,466,565,592],"class_list":["post-295","post","type-post","status-publish","format-standard","hentry","category-kundenmeldungen","category-teckentrup","tag-kellerturen","tag-nebenturen","tag-sicherheit","tag-teckentrup","tag-turen"],"_links":{"self":[{"href":"https:\/\/www.pr-neu.de\/newsroom\/wp-json\/wp\/v2\/posts\/295","targetHints":{"allow":["GET"]}}],"collection":[{"href":"https:\/\/www.pr-neu.de\/newsroom\/wp-json\/wp\/v2\/posts"}],"about":[{"href":"https:\/\/www.pr-neu.de\/newsroom\/wp-json\/wp\/v2\/types\/post"}],"author":[{"embeddable":true,"href":"https:\/\/www.pr-neu.de\/newsroom\/wp-json\/wp\/v2\/users\/6"}],"replies":[{"embeddable":true,"href":"https:\/\/www.pr-neu.de\/newsroom\/wp-json\/wp\/v2\/comments?post=295"}],"version-history":[{"count":3,"href":"https:\/\/www.pr-neu.de\/newsroom\/wp-json\/wp\/v2\/posts\/295\/revisions"}],"predecessor-version":[{"id":13056,"href":"https:\/\/www.pr-neu.de\/newsroom\/wp-json\/wp\/v2\/posts\/295\/revisions\/13056"}],"wp:attachment":[{"href":"https:\/\/www.pr-neu.de\/newsroom\/wp-json\/wp\/v2\/media?parent=295"}],"wp:term":[{"taxonomy":"category","embeddable":true,"href":"https:\/\/www.pr-neu.de\/newsroom\/wp-json\/wp\/v2\/categories?post=295"},{"taxonomy":"post_tag","embeddable":true,"href":"https:\/\/www.pr-neu.de\/newsroom\/wp-json\/wp\/v2\/tags?post=295"}],"curies":[{"name":"wp","href":"https:\/\/api.w.org\/{rel}","templated":true}]}}