{"id":2920,"date":"2014-10-07T12:34:00","date_gmt":"2014-10-07T12:34:00","guid":{"rendered":"http:\/\/www.pr-nord.de\/newsroom\/?p=2920"},"modified":"2020-05-28T16:37:04","modified_gmt":"2020-05-28T14:37:04","slug":"verotec-erhaelt-umwelt-und-qualitaetsmanagement-zertifikat","status":"publish","type":"post","link":"https:\/\/www.pr-neu.de\/newsroom\/verotec-erhaelt-umwelt-und-qualitaetsmanagement-zertifikat\/","title":{"rendered":"Verotec erh\u00e4lt Umwelt- und Qualit\u00e4tsmanagement-Zertifikat"},"content":{"rendered":"<p><u>ISO-Zertifizierung<\/u><\/p>\n<p><strong>Doppelte Auszeichnung f\u00fcr Verotec: Der Lauinger Leichtbauplatten-Hersteller erhielt die Zertifikate f\u00fcr Umwelt- und f\u00fcr Qualit\u00e4tsmanagement nach ISO-Norm. \u201eDiese best\u00e4tigen, dass bei uns die Anforderungen unserer Kunden ebenso wie die Belange umweltgerechter Produktion und der schonende Umgang mit Ressourcen im Vordergrund stehen\u201c, freut sich Verotec-Chef Dirk Franz. <\/strong><\/p>\n<p>Das umfassende Audit zur Zertifizierung best\u00e4tigte jetzt, dass das integrierte Managementsystem der Verotec GmbH die Anforderungen der internationalen Normen \u201eISO 9001:2008 Qualit\u00e4tsmanagementsystem\u201c und \u201eISO 14001:2004 + Cor 1:2009 Umweltmanagementsystem\u201c erf\u00fcllt. Die qualit\u00e4ts- und umweltrelevanten Aktivit\u00e4ten werden so langfristig gesteuert und st\u00e4ndig verbessert. \u201eF\u00fchrungskr\u00e4fte und Mitarbeiter leben diese Idee \u2013 das Managementsystem gibt den Rahmen und die Orientierung f\u00fcr h\u00f6chste Qualit\u00e4t und Umweltschutz\u201c, meint Franz. F\u00fcr alle Unternehmensteile gibt es messbare Leistungs-, Qualit\u00e4ts- und Umweltziele. Dirk Franz weiter: \u201eHeute haben wir ein Qualit\u00e4ts- und Umweltbewusstsein geschaffen, das von offener Kommunikation und zielorientierter Zusammenarbeit mit Kunden, Lieferanten, Beh\u00f6rden, externen Kreisen und Mitarbeitern gepr\u00e4gt ist.\u201c<\/p>\n<hr noshade=\"noshade\" size=\"1\" \/>\n<table style=\"height: 294px;\" border=\"0\" width=\"619\" cellspacing=\"0\" cellpadding=\"0\">\n<tbody>\n<tr>\n<td valign=\"top\" width=\"370\" height=\"21\"><a href=\"http:\/\/www.pr-neu.de\/newsroom\/wordpress\/wp-content\/uploads\/2014\/10\/14-02-Zertifikate_K.jpg\"><img loading=\"lazy\" decoding=\"async\" class=\"size-medium wp-image-13143\" src=\"http:\/\/www.pr-neu.de\/newsroom\/wordpress\/wp-content\/uploads\/2014\/10\/14-02-Zertifikate_K-202x300.jpg\" alt=\"\" width=\"202\" height=\"300\" srcset=\"https:\/\/www.pr-neu.de\/newsroom\/wordpress\/wp-content\/uploads\/2014\/10\/14-02-Zertifikate_K-202x300.jpg 202w, https:\/\/www.pr-neu.de\/newsroom\/wordpress\/wp-content\/uploads\/2014\/10\/14-02-Zertifikate_K-74x110.jpg 74w, https:\/\/www.pr-neu.de\/newsroom\/wordpress\/wp-content\/uploads\/2014\/10\/14-02-Zertifikate_K.jpg 242w\" sizes=\"auto, (max-width: 202px) 100vw, 202px\" \/><\/a><\/td>\n<td colspan=\"3\" height=\"21\">Freuen sich \u00fcber die Zertifikate f\u00fcr Norm-gerechtes Qualit\u00e4ts- und Umweltmanagement (v.l.n.r.): Betriebsleiter Gerhard Datismann, Assistentin der Betriebsleitung Iris Holzinger und Verotec-Gesch\u00e4ftsf\u00fchrer Dirk Franz.<\/p>\n<p>Bild: Verotec<\/td>\n<\/tr>\n<\/tbody>\n<\/table>\n<hr noshade=\"noshade\" size=\"1\" \/>\n<p>Abdruck honorarfrei, Belegexemplar erbeten.<\/p>\n","protected":false},"excerpt":{"rendered":"<p>ISO-Zertifizierung Doppelte Auszeichnung f\u00fcr Verotec: Der Lauinger Leichtbauplatten-Hersteller erhielt die Zertifikate f\u00fcr Umwelt- und f\u00fcr Qualit\u00e4tsmanagement nach ISO-Norm. \u201eDiese best\u00e4tigen, dass bei uns die Anforderungen unserer Kunden ebenso wie die Belange umweltgerechter Produktion und der schonende Umgang mit Ressourcen im Vordergrund stehen\u201c, freut sich Verotec-Chef Dirk Franz. Das umfassende Audit zur Zertifizierung best\u00e4tigte jetzt, dass [&hellip;]<\/p>\n","protected":false},"author":6,"featured_media":7630,"comment_status":"closed","ping_status":"open","sticky":false,"template":"","format":"standard","meta":{"footnotes":""},"categories":[3,22],"tags":[],"class_list":["post-2920","post","type-post","status-publish","format-standard","has-post-thumbnail","hentry","category-kundenmeldungen","category-verotec"],"_links":{"self":[{"href":"https:\/\/www.pr-neu.de\/newsroom\/wp-json\/wp\/v2\/posts\/2920","targetHints":{"allow":["GET"]}}],"collection":[{"href":"https:\/\/www.pr-neu.de\/newsroom\/wp-json\/wp\/v2\/posts"}],"about":[{"href":"https:\/\/www.pr-neu.de\/newsroom\/wp-json\/wp\/v2\/types\/post"}],"author":[{"embeddable":true,"href":"https:\/\/www.pr-neu.de\/newsroom\/wp-json\/wp\/v2\/users\/6"}],"replies":[{"embeddable":true,"href":"https:\/\/www.pr-neu.de\/newsroom\/wp-json\/wp\/v2\/comments?post=2920"}],"version-history":[{"count":4,"href":"https:\/\/www.pr-neu.de\/newsroom\/wp-json\/wp\/v2\/posts\/2920\/revisions"}],"predecessor-version":[{"id":13144,"href":"https:\/\/www.pr-neu.de\/newsroom\/wp-json\/wp\/v2\/posts\/2920\/revisions\/13144"}],"wp:featuredmedia":[{"embeddable":true,"href":"https:\/\/www.pr-neu.de\/newsroom\/wp-json\/wp\/v2\/media\/7630"}],"wp:attachment":[{"href":"https:\/\/www.pr-neu.de\/newsroom\/wp-json\/wp\/v2\/media?parent=2920"}],"wp:term":[{"taxonomy":"category","embeddable":true,"href":"https:\/\/www.pr-neu.de\/newsroom\/wp-json\/wp\/v2\/categories?post=2920"},{"taxonomy":"post_tag","embeddable":true,"href":"https:\/\/www.pr-neu.de\/newsroom\/wp-json\/wp\/v2\/tags?post=2920"}],"curies":[{"name":"wp","href":"https:\/\/api.w.org\/{rel}","templated":true}]}}