{"id":29,"date":"2010-04-30T15:46:58","date_gmt":"2010-04-30T13:46:58","guid":{"rendered":"http:\/\/www.pr-nord.de\/sm-newsroom\/wordpress\/?p=29"},"modified":"2020-05-28T16:05:24","modified_gmt":"2020-05-28T14:05:24","slug":"nachgehakt-funf-fragen-zum-wohn-riester","status":"publish","type":"post","link":"https:\/\/www.pr-neu.de\/newsroom\/nachgehakt-funf-fragen-zum-wohn-riester\/","title":{"rendered":"Nachgehakt: F\u00fcnf Fragen zum Wohn-Riester"},"content":{"rendered":"<p>Wer sich k\u00fcnftig ein sorgenfreies Leben im Alter sichern will, muss privat vorsorgen. Ein wesentlicher Baustein ist das Eigenheim \u2013 stellt es doch f\u00fcr knapp 80 Prozent der Deutschen die sicherste Form der Altersvorsorge dar. Zudem hilft der Staat mit der Wohn-Riester-F\u00f6rderung kr\u00e4ftig mit. Denn damit gibt es seit 2008 f\u00fcr die Finanzierung von selbst genutzten Immobilien die gleichen Zulagen und Steuervorteile wie f\u00fcr Geld-Riester-Produkte. Eine aktuelle Umfrage des F.A.Z.-Instituts hat ergeben, dass viele Menschen den Wohn-Riester noch nicht kennen bzw. die Vorteile deutlich untersch\u00e4tzen. Die Experten der Landesbausparkassen (LBS) beantworten nachfolgend die wichtigsten Fragen.<\/p>\n","protected":false},"excerpt":{"rendered":"<p>Wer sich k\u00fcnftig ein sorgenfreies Leben im Alter sichern will, muss privat vorsorgen. Ein wesentlicher Baustein ist das Eigenheim \u2013 stellt es doch f\u00fcr knapp 80 Prozent der Deutschen die sicherste Form der Altersvorsorge dar. Zudem hilft der Staat mit der Wohn-Riester-F\u00f6rderung kr\u00e4ftig mit. Denn damit gibt es seit 2008 f\u00fcr die Finanzierung von selbst [&hellip;]<\/p>\n","protected":false},"author":6,"featured_media":0,"comment_status":"closed","ping_status":"open","sticky":false,"template":"","format":"standard","meta":{"footnotes":""},"categories":[3],"tags":[432,616],"class_list":["post-29","post","type-post","status-publish","format-standard","hentry","category-kundenmeldungen","tag-riester","tag-vorsorge"],"_links":{"self":[{"href":"https:\/\/www.pr-neu.de\/newsroom\/wp-json\/wp\/v2\/posts\/29","targetHints":{"allow":["GET"]}}],"collection":[{"href":"https:\/\/www.pr-neu.de\/newsroom\/wp-json\/wp\/v2\/posts"}],"about":[{"href":"https:\/\/www.pr-neu.de\/newsroom\/wp-json\/wp\/v2\/types\/post"}],"author":[{"embeddable":true,"href":"https:\/\/www.pr-neu.de\/newsroom\/wp-json\/wp\/v2\/users\/6"}],"replies":[{"embeddable":true,"href":"https:\/\/www.pr-neu.de\/newsroom\/wp-json\/wp\/v2\/comments?post=29"}],"version-history":[{"count":4,"href":"https:\/\/www.pr-neu.de\/newsroom\/wp-json\/wp\/v2\/posts\/29\/revisions"}],"predecessor-version":[{"id":12965,"href":"https:\/\/www.pr-neu.de\/newsroom\/wp-json\/wp\/v2\/posts\/29\/revisions\/12965"}],"wp:attachment":[{"href":"https:\/\/www.pr-neu.de\/newsroom\/wp-json\/wp\/v2\/media?parent=29"}],"wp:term":[{"taxonomy":"category","embeddable":true,"href":"https:\/\/www.pr-neu.de\/newsroom\/wp-json\/wp\/v2\/categories?post=29"},{"taxonomy":"post_tag","embeddable":true,"href":"https:\/\/www.pr-neu.de\/newsroom\/wp-json\/wp\/v2\/tags?post=29"}],"curies":[{"name":"wp","href":"https:\/\/api.w.org\/{rel}","templated":true}]}}