{"id":2846,"date":"2014-07-31T12:56:24","date_gmt":"2014-07-31T12:56:24","guid":{"rendered":"http:\/\/www.pr-nord.de\/newsroom\/?p=2846"},"modified":"2020-05-28T16:46:14","modified_gmt":"2020-05-28T14:46:14","slug":"kontinuitaet-und-wachstum","status":"publish","type":"post","link":"https:\/\/www.pr-neu.de\/newsroom\/kontinuitaet-und-wachstum\/","title":{"rendered":"Kontinuit\u00e4t und Wachstum durch Wandel"},"content":{"rendered":"<table border=\"0\" width=\"520\" cellspacing=\"0\" cellpadding=\"0\">\n<tbody>\n<tr>\n<td><u>Sto mit \u00c4nderungen in der F\u00fchrungsstruktur:<\/u><\/p>\n<p><strong>Kontinuit\u00e4t und Wachstum durch Wandel<\/strong><\/p>\n<p><strong>Die Sto SE &amp; Co. KGaA ist einer der bedeutenden Hersteller von Produkten und Systemen f\u00fcr Geb\u00e4udebeschichtungen. F\u00fchrend ist Sto im Bereich W\u00e4rmed\u00e4mm-Verbundsysteme. Der Konzernumsatz lag 2013 bei 1.166,0 Millionen EUR. Um Sto f\u00fcr mittel- und langfristige Herausforderungen zu r\u00fcsten, hatte das Unternehmen in einem ersten Schritt bereits im Fr\u00fchjahr den Rechtsformwechsel von der Sto AG in die Sto SE &amp; Co. KGaA vollzogen. In einem zweiten Schritt wurde nun die F\u00fchrung des Unternehmens neu strukturiert.<\/strong><\/p>\n<p>Konkret berief der Aufsichtsrat der STO Management SE am 23. Juli das bisherige Vorstandsmitglied Rainer H\u00fcttenberger mit Wirkung zum 1. Juli 2015 zum Sprecher des Vorstands der STO Management SE. Er verantwortet dort die Bereiche Marketing und Markenvertrieb Sto International. Weiter hat der Aufsichtsrat der STO Management SE beschlossen, Michael Keller \u2013 bisheriger Leiter Region Deutschland \u2013 mit Wirkung zum 1. Juli 2015 als neues Mitglied des Vorstands der STO Management SE zu bestellen. Er wird in dieser Funktion die Bereiche Markenvertrieb Sto f\u00fcr Deutschland, alternative Vertriebswege in Europa sowie Personal- und Sozialwesen verantworten. Dessen Bereich als Leiter Region Deutschland \u00fcbernimmt ab dem 1. Juli 2015 Heiner R\u00f6hr, derzeitiger Leiter Vertriebsregion Nord. Der langj\u00e4hrige Vorsitzende des Vorstands, Jochen Stotmeister, wird nach der Hauptversammlung im Juni 2015 aus dem Vorstand ausscheiden und nach Beschluss des Aufsichtsrats den Vorsitz in diesem Gremium sowie ein Mandat im Aufsichtsrat der Sto SE &amp; Co. KGaA \u00fcbernehmen.<\/p>\n<p>Mit diesen Ma\u00dfnahmen wurde nun nicht nur der Generationenwechsel in der F\u00fchrungsmannschaft rechtzeitig angek\u00fcndigt. Es soll damit auch sichergestellt werden, dass Sto unabh\u00e4ngig und verl\u00e4sslich bleibt, dass Kontinuit\u00e4t, Marktn\u00e4he und Wachstum als bedeutende Leitlinien fortgeschrieben werden k\u00f6nnen. Nicht zuletzt wird damit auch der Einfluss der Eigent\u00fcmerfamilien Stotmeister auf die positive Entwicklung des Unternehmens gesichert. \u201eEs ist unser Wunsch, auch k\u00fcnftig f\u00fcr unsere Partner und Mitarbeiter berechenbar zu sein. Au\u00dferdem sind jetzt die Voraussetzungen geschaffen, unseren engagierten Wachstumskurs national und international voranzutreiben, das Ansehen der Marke Sto weiter zu verbessern sowie unsere Technologief\u00fchrerschaft zu festigen\u201c, so Jochen Stotmeister nach der Aufsichtsratssitzung.<\/p>\n<hr noshade=\"noshade\" size=\"1\" \/>\n<table border=\"0\" width=\"520\" cellspacing=\"0\" cellpadding=\"0\">\n<tbody>\n<tr>\n<td valign=\"top\" width=\"370\" height=\"25\"><a href=\"http:\/\/www.pr-neu.de\/newsroom\/wordpress\/wp-content\/uploads\/2014\/07\/14-30-Jochen-Stotmeister_K.jpg\"><img loading=\"lazy\" decoding=\"async\" class=\"size-medium wp-image-13193\" src=\"http:\/\/www.pr-neu.de\/newsroom\/wordpress\/wp-content\/uploads\/2014\/07\/14-30-Jochen-Stotmeister_K-300x202.jpg\" alt=\"\" width=\"300\" height=\"202\" srcset=\"https:\/\/www.pr-neu.de\/newsroom\/wordpress\/wp-content\/uploads\/2014\/07\/14-30-Jochen-Stotmeister_K-300x202.jpg 300w, https:\/\/www.pr-neu.de\/newsroom\/wordpress\/wp-content\/uploads\/2014\/07\/14-30-Jochen-Stotmeister_K-110x74.jpg 110w, https:\/\/www.pr-neu.de\/newsroom\/wordpress\/wp-content\/uploads\/2014\/07\/14-30-Jochen-Stotmeister_K.jpg 360w\" sizes=\"auto, (max-width: 300px) 100vw, 300px\" \/><\/a><\/p>\n<p>&nbsp;<\/td>\n<td colspan=\"3\" height=\"21\">Jochen Stotmeister<\/p>\n<p>Bild: Sto SE &amp; Co. KGaA<\/p>\n<p>&nbsp;<\/td>\n<\/tr>\n<tr>\n<td valign=\"top\" width=\"370\" height=\"25\"><a href=\"http:\/\/www.pr-neu.de\/newsroom\/wordpress\/wp-content\/uploads\/2014\/07\/14-30-Huettenberger_K.jpg\"><img loading=\"lazy\" decoding=\"async\" class=\"size-medium wp-image-13192\" src=\"http:\/\/www.pr-neu.de\/newsroom\/wordpress\/wp-content\/uploads\/2014\/07\/14-30-Huettenberger_K-300x202.jpg\" alt=\"\" width=\"300\" height=\"202\" srcset=\"https:\/\/www.pr-neu.de\/newsroom\/wordpress\/wp-content\/uploads\/2014\/07\/14-30-Huettenberger_K-300x202.jpg 300w, https:\/\/www.pr-neu.de\/newsroom\/wordpress\/wp-content\/uploads\/2014\/07\/14-30-Huettenberger_K-110x74.jpg 110w, https:\/\/www.pr-neu.de\/newsroom\/wordpress\/wp-content\/uploads\/2014\/07\/14-30-Huettenberger_K.jpg 360w\" sizes=\"auto, (max-width: 300px) 100vw, 300px\" \/><\/a><\/p>\n<p>&nbsp;<\/td>\n<td colspan=\"3\" height=\"21\">Rainer H\u00fcttenberger<\/p>\n<p>Bild: Sto SE &amp; Co. KGaA<\/p>\n<p>&nbsp;<\/td>\n<\/tr>\n<tr>\n<td valign=\"top\" width=\"370\" height=\"25\"><a href=\"http:\/\/www.pr-neu.de\/newsroom\/wordpress\/wp-content\/uploads\/2014\/07\/14-30-Keller_K.jpg\"><img loading=\"lazy\" decoding=\"async\" class=\"size-medium wp-image-13194\" src=\"http:\/\/www.pr-neu.de\/newsroom\/wordpress\/wp-content\/uploads\/2014\/07\/14-30-Keller_K-300x202.jpg\" alt=\"\" width=\"300\" height=\"202\" srcset=\"https:\/\/www.pr-neu.de\/newsroom\/wordpress\/wp-content\/uploads\/2014\/07\/14-30-Keller_K-300x202.jpg 300w, https:\/\/www.pr-neu.de\/newsroom\/wordpress\/wp-content\/uploads\/2014\/07\/14-30-Keller_K-110x74.jpg 110w, https:\/\/www.pr-neu.de\/newsroom\/wordpress\/wp-content\/uploads\/2014\/07\/14-30-Keller_K.jpg 360w\" sizes=\"auto, (max-width: 300px) 100vw, 300px\" \/><\/a><\/p>\n<p>&nbsp;<\/td>\n<td colspan=\"3\" height=\"21\">Michael Keller<\/p>\n<p>Bild: Sto SE &amp; Co. KGaA<\/p>\n<p>&nbsp;<\/td>\n<\/tr>\n<tr>\n<td valign=\"top\" width=\"370\" height=\"25\"><a href=\"http:\/\/www.pr-neu.de\/newsroom\/wordpress\/wp-content\/uploads\/2014\/07\/14-30-Roehr_K.jpg\"><img loading=\"lazy\" decoding=\"async\" class=\"size-medium wp-image-13191\" src=\"http:\/\/www.pr-neu.de\/newsroom\/wordpress\/wp-content\/uploads\/2014\/07\/14-30-Roehr_K-202x300.jpg\" alt=\"\" width=\"202\" height=\"300\" srcset=\"https:\/\/www.pr-neu.de\/newsroom\/wordpress\/wp-content\/uploads\/2014\/07\/14-30-Roehr_K-202x300.jpg 202w, https:\/\/www.pr-neu.de\/newsroom\/wordpress\/wp-content\/uploads\/2014\/07\/14-30-Roehr_K-74x110.jpg 74w, https:\/\/www.pr-neu.de\/newsroom\/wordpress\/wp-content\/uploads\/2014\/07\/14-30-Roehr_K.jpg 242w\" sizes=\"auto, (max-width: 202px) 100vw, 202px\" \/><\/a><\/td>\n<td colspan=\"3\" height=\"21\">Heiner R\u00f6hr<\/p>\n<p>Bild: Sto SE &amp; Co. KGaA<\/p>\n<p>&nbsp;<\/td>\n<\/tr>\n<\/tbody>\n<\/table>\n<hr noshade=\"noshade\" size=\"1\" \/>\n<p>Abdruck honorarfrei, Belegexemplar erbeten<\/p>\n<p>&nbsp;<\/td>\n<\/tr>\n<tr>\n<td><\/td>\n<\/tr>\n<\/tbody>\n<\/table>\n","protected":false},"excerpt":{"rendered":"<p>Sto mit \u00c4nderungen in der F\u00fchrungsstruktur: Kontinuit\u00e4t und Wachstum durch Wandel Die Sto SE &amp; Co. KGaA ist einer der bedeutenden Hersteller von Produkten und Systemen f\u00fcr Geb\u00e4udebeschichtungen. F\u00fchrend ist Sto im Bereich W\u00e4rmed\u00e4mm-Verbundsysteme. Der Konzernumsatz lag 2013 bei 1.166,0 Millionen EUR. Um Sto f\u00fcr mittel- und langfristige Herausforderungen zu r\u00fcsten, hatte das Unternehmen in [&hellip;]<\/p>\n","protected":false},"author":6,"featured_media":13193,"comment_status":"closed","ping_status":"open","sticky":false,"template":"","format":"standard","meta":{"footnotes":""},"categories":[3,15],"tags":[],"class_list":["post-2846","post","type-post","status-publish","format-standard","has-post-thumbnail","hentry","category-kundenmeldungen","category-sto"],"_links":{"self":[{"href":"https:\/\/www.pr-neu.de\/newsroom\/wp-json\/wp\/v2\/posts\/2846","targetHints":{"allow":["GET"]}}],"collection":[{"href":"https:\/\/www.pr-neu.de\/newsroom\/wp-json\/wp\/v2\/posts"}],"about":[{"href":"https:\/\/www.pr-neu.de\/newsroom\/wp-json\/wp\/v2\/types\/post"}],"author":[{"embeddable":true,"href":"https:\/\/www.pr-neu.de\/newsroom\/wp-json\/wp\/v2\/users\/6"}],"replies":[{"embeddable":true,"href":"https:\/\/www.pr-neu.de\/newsroom\/wp-json\/wp\/v2\/comments?post=2846"}],"version-history":[{"count":4,"href":"https:\/\/www.pr-neu.de\/newsroom\/wp-json\/wp\/v2\/posts\/2846\/revisions"}],"predecessor-version":[{"id":13200,"href":"https:\/\/www.pr-neu.de\/newsroom\/wp-json\/wp\/v2\/posts\/2846\/revisions\/13200"}],"wp:featuredmedia":[{"embeddable":true,"href":"https:\/\/www.pr-neu.de\/newsroom\/wp-json\/wp\/v2\/media\/13193"}],"wp:attachment":[{"href":"https:\/\/www.pr-neu.de\/newsroom\/wp-json\/wp\/v2\/media?parent=2846"}],"wp:term":[{"taxonomy":"category","embeddable":true,"href":"https:\/\/www.pr-neu.de\/newsroom\/wp-json\/wp\/v2\/categories?post=2846"},{"taxonomy":"post_tag","embeddable":true,"href":"https:\/\/www.pr-neu.de\/newsroom\/wp-json\/wp\/v2\/tags?post=2846"}],"curies":[{"name":"wp","href":"https:\/\/api.w.org\/{rel}","templated":true}]}}