{"id":2776,"date":"2014-06-20T07:42:08","date_gmt":"2014-06-20T07:42:08","guid":{"rendered":"http:\/\/www.pr-nord.de\/newsroom\/?p=2776"},"modified":"2020-05-28T16:53:38","modified_gmt":"2020-05-28T14:53:38","slug":"stoverotec-wird-verotec","status":"publish","type":"post","link":"https:\/\/www.pr-neu.de\/newsroom\/stoverotec-wird-verotec\/","title":{"rendered":"StoVerotec wird Verotec"},"content":{"rendered":"<p><u>Neuer Markenauftritt <\/u><\/p>\n<p><strong>Neuer Name, neue M\u00e4rkte: Seit dem 1. Juni 2014 tritt die Verotec GmbH, eine hundertprozentige Sto-Tochter, als eigenst\u00e4ndige Marke auf. Der Spezialist f\u00fcr Fassaden- und Akustiksysteme konzentriert sich mit seinen Produkten nun auch auf den Handel und den Schiffbau.<\/strong><\/p>\n<p>Seit 25 Jahren ist Verotec bekannt als Entwicklungsschmiede f\u00fcr vorgeh\u00e4ngte, hinterl\u00fcftete Fassaden, Architekturelemente und Akustiksysteme. Seit dem 1. Juni 2014 geht das Unternehmen unter dem neuen Namen (vormals StoVerotec) als eigenst\u00e4ndige Marke neue Vertriebswege. Die bew\u00e4hrten Leichtbauplatten aus Bl\u00e4hglas gibt es von nun an als multifunktionale Innenausbauplatte \u201eVeroBoard Rapid\u201c im ausgew\u00e4hlten Fachhandel. \u201eVerotec will mit der Erschlie\u00dfung neuer M\u00e4rkte ma\u00dfgeblich zum Gesamtergebnis der stark wachsenden Sto-Gruppe beitragen\u201c, sagt Verotec-Gesch\u00e4ftsf\u00fchrer Dirk Franz. Bei der Produktion und der Weiterentwicklung der Sto-Akustik- und VHF-Systeme arbeitet der Lauinger Baustoff-Spezialist weiter eng mit dem Mutterkonzern zusammen.<\/p>\n<hr noshade=\"noshade\" size=\"1\" \/>\n<table style=\"height: 425px;\" border=\"0\" width=\"723\" cellspacing=\"0\" cellpadding=\"0\">\n<tbody>\n<tr>\n<td valign=\"top\" width=\"370\" height=\"21\"><a href=\"http:\/\/www.pr-neu.de\/newsroom\/wordpress\/wp-content\/uploads\/2014\/06\/14-01-Verotec_Logo.jpg\"><img loading=\"lazy\" decoding=\"async\" class=\"aligncenter size-medium wp-image-13236\" src=\"http:\/\/www.pr-neu.de\/newsroom\/wordpress\/wp-content\/uploads\/2014\/06\/14-01-Verotec_Logo-300x150.jpg\" alt=\"\" width=\"300\" height=\"150\" srcset=\"https:\/\/www.pr-neu.de\/newsroom\/wordpress\/wp-content\/uploads\/2014\/06\/14-01-Verotec_Logo-300x150.jpg 300w, https:\/\/www.pr-neu.de\/newsroom\/wordpress\/wp-content\/uploads\/2014\/06\/14-01-Verotec_Logo-110x55.jpg 110w, https:\/\/www.pr-neu.de\/newsroom\/wordpress\/wp-content\/uploads\/2014\/06\/14-01-Verotec_Logo-420x210.jpg 420w, https:\/\/www.pr-neu.de\/newsroom\/wordpress\/wp-content\/uploads\/2014\/06\/14-01-Verotec_Logo.jpg 472w\" sizes=\"auto, (max-width: 300px) 100vw, 300px\" \/><\/a><\/td>\n<td colspan=\"3\" height=\"21\">Neuer Name, neues Logo: Die Verotec GmbH zeigt sich auch optisch neu als eigenst\u00e4ndiger Teil der Sto-Gruppe.<\/p>\n<p>Quelle: Verotec<\/td>\n<\/tr>\n<tr>\n<td valign=\"top\" width=\"370\" height=\"21\"><a href=\"http:\/\/www.pr-neu.de\/newsroom\/wordpress\/wp-content\/uploads\/2014\/06\/14-01-Verotec_Fahne_K.jpg\"><img loading=\"lazy\" decoding=\"async\" class=\"aligncenter size-medium wp-image-13237\" src=\"http:\/\/www.pr-neu.de\/newsroom\/wordpress\/wp-content\/uploads\/2014\/06\/14-01-Verotec_Fahne_K-300x227.jpg\" alt=\"\" width=\"300\" height=\"227\" srcset=\"https:\/\/www.pr-neu.de\/newsroom\/wordpress\/wp-content\/uploads\/2014\/06\/14-01-Verotec_Fahne_K-300x227.jpg 300w, https:\/\/www.pr-neu.de\/newsroom\/wordpress\/wp-content\/uploads\/2014\/06\/14-01-Verotec_Fahne_K-110x83.jpg 110w, https:\/\/www.pr-neu.de\/newsroom\/wordpress\/wp-content\/uploads\/2014\/06\/14-01-Verotec_Fahne_K.jpg 360w\" sizes=\"auto, (max-width: 300px) 100vw, 300px\" \/><\/a><\/td>\n<td colspan=\"3\" height=\"21\">Von StoVerotec zu Verotec: Der Unternehmenssitz in Lauingen.<\/p>\n<p>Foto: Verotec<\/td>\n<\/tr>\n<\/tbody>\n<\/table>\n<hr noshade=\"noshade\" size=\"1\" \/>\n<p>Abdruck honorarfrei, Belegexemplar erbeten.<\/p>\n","protected":false},"excerpt":{"rendered":"<p>Neuer Markenauftritt Neuer Name, neue M\u00e4rkte: Seit dem 1. Juni 2014 tritt die Verotec GmbH, eine hundertprozentige Sto-Tochter, als eigenst\u00e4ndige Marke auf. Der Spezialist f\u00fcr Fassaden- und Akustiksysteme konzentriert sich mit seinen Produkten nun auch auf den Handel und den Schiffbau. Seit 25 Jahren ist Verotec bekannt als Entwicklungsschmiede f\u00fcr vorgeh\u00e4ngte, hinterl\u00fcftete Fassaden, Architekturelemente und [&hellip;]<\/p>\n","protected":false},"author":6,"featured_media":7633,"comment_status":"closed","ping_status":"open","sticky":false,"template":"","format":"standard","meta":{"footnotes":""},"categories":[3,22],"tags":[],"class_list":["post-2776","post","type-post","status-publish","format-standard","has-post-thumbnail","hentry","category-kundenmeldungen","category-verotec"],"_links":{"self":[{"href":"https:\/\/www.pr-neu.de\/newsroom\/wp-json\/wp\/v2\/posts\/2776","targetHints":{"allow":["GET"]}}],"collection":[{"href":"https:\/\/www.pr-neu.de\/newsroom\/wp-json\/wp\/v2\/posts"}],"about":[{"href":"https:\/\/www.pr-neu.de\/newsroom\/wp-json\/wp\/v2\/types\/post"}],"author":[{"embeddable":true,"href":"https:\/\/www.pr-neu.de\/newsroom\/wp-json\/wp\/v2\/users\/6"}],"replies":[{"embeddable":true,"href":"https:\/\/www.pr-neu.de\/newsroom\/wp-json\/wp\/v2\/comments?post=2776"}],"version-history":[{"count":5,"href":"https:\/\/www.pr-neu.de\/newsroom\/wp-json\/wp\/v2\/posts\/2776\/revisions"}],"predecessor-version":[{"id":13238,"href":"https:\/\/www.pr-neu.de\/newsroom\/wp-json\/wp\/v2\/posts\/2776\/revisions\/13238"}],"wp:featuredmedia":[{"embeddable":true,"href":"https:\/\/www.pr-neu.de\/newsroom\/wp-json\/wp\/v2\/media\/7633"}],"wp:attachment":[{"href":"https:\/\/www.pr-neu.de\/newsroom\/wp-json\/wp\/v2\/media?parent=2776"}],"wp:term":[{"taxonomy":"category","embeddable":true,"href":"https:\/\/www.pr-neu.de\/newsroom\/wp-json\/wp\/v2\/categories?post=2776"},{"taxonomy":"post_tag","embeddable":true,"href":"https:\/\/www.pr-neu.de\/newsroom\/wp-json\/wp\/v2\/tags?post=2776"}],"curies":[{"name":"wp","href":"https:\/\/api.w.org\/{rel}","templated":true}]}}