{"id":2774,"date":"2014-06-18T10:31:28","date_gmt":"2014-06-18T10:31:28","guid":{"rendered":"http:\/\/www.pr-nord.de\/newsroom\/?p=2774"},"modified":"2020-05-28T16:54:52","modified_gmt":"2020-05-28T14:54:52","slug":"dimmbares-glas-macht-schule","status":"publish","type":"post","link":"https:\/\/www.pr-neu.de\/newsroom\/dimmbares-glas-macht-schule\/","title":{"rendered":"Dimmbares Glas macht Schule"},"content":{"rendered":"<p><span style=\"text-decoration: underline;\">Deutsch-Spanische Grundschule, Hamburg<\/span><\/p>\n<p>Mensa mit Aussicht \/ Variabler Sonnenschutz statt Raffstoren<\/p>\n<p><strong>Offen und hell sollte sie sein, die neue Schulmensa der Deutsch-Spanischen Grundschule in Hamburg, mit jederzeit freiem Blick nach drau\u00dfen \u2013 und gesch\u00fctzt vor aufheizenden Sonnenstrahlen, Winterk\u00e4lte sowie hart geschossenen Fu\u00dfb\u00e4llen. Au\u00dfenliegende Raffstoren kamen f\u00fcr die Architekten von Knaack &amp; Prell deshalb nicht in Frage. Stattdessen fiel die Entscheidung auf dimmbares Sonnenschutzglas der Firma EControl-Glas (Plauen). Es erf\u00fcllt alle gestellten Anforderungen und erm\u00f6glicht die individuelle Anpassung von g-Wert und Tageslichttransmission an die Wetterlage. <\/strong><\/p>\n<p>Die Deutsch-Spanische Grundschule in der Hamburger Wielandstra\u00dfe dokumentiert mit dem Neubau ihrer Mensa eindrucksvoll, wie moderne Glas-Architektur den Menschen in den Mittelpunkt stellt: Das dimmbare Sonnenschutzglas ECONTROL sch\u00fctzt den modernen und hochtransparenten Speisesaal vor dem \u00dcberhitzen durch intensive Sonneneinstrahlung und zugleich mit exzellenter W\u00e4rmed\u00e4mmung in den Wintermonaten vor dem Ausk\u00fchlen. Aber vor allem sorgt das aufgrund des angrenzenden Schulhofs ballwurfsicher ausgef\u00fchrte Glas daf\u00fcr, dass jederzeit viel Tageslicht in die R\u00e4ume gelangt, denn eine klassische Verschattungsanlage ist bei diesem Glas \u00fcberfl\u00fcssig. Nat\u00fcrliches Licht f\u00f6rdert das Wohlbefinden und wirkt sich positiv auf die Vitalit\u00e4t und das Lernverhalten der Kinder aus.<\/p>\n<p><strong>Keine Sommer-Sauna trotz Ganzglas-Fassade <\/strong><\/p>\n<p>In der gro\u00dffl\u00e4chigen und nach S\u00fcden ausgerichteten Fassade der Mensa verbaute Holzbau Gehrmann (Hoisdorf) 52 Quadratmeter des dimmbaren Sonnenschutzglases \u2013 insgesamt siebzehn Panels. Die Sicherheitst\u00fcren auf beiden Seiten des Kubus sind ebenfalls mit ECONTROL ausgestattet. F\u00fcr deren Einbau zeichnen die Metallbauer von Pahla\u00df &amp; Preu\u00df Metallbau (Eldena) verantwortlich. Thomas Groneick (EControl-Glas) erl\u00e4utert: \u201eUnser Glas erf\u00fcllt in der Fassade und den T\u00fcren der Mensa eine Vielzahl von Anspr\u00fcchen. Sonnenschutz, W\u00e4rmeschutz, Blendschutz, Sicherheit \u2013 bei stets freier Durchsicht. Mehr Flexibilit\u00e4t geht nicht.\u201c<\/p>\n<p>Mit ECONTROL 55\/12 l\u00e4sst sich der g-Wert zwischen 40 und 12 Prozent stufenlos variieren. Die Lichttransmission betr\u00e4gt je nach Einf\u00e4rbung zwischen 55 und 15 Prozent. Die von den Plauener Glas-Spezialisten entwickelte Technik in K\u00fcrze: Eine innenliegende nanostrukturierte Beschichtung f\u00e4rbt sich auf Knopfdruck (dann wird eine geringe Spannung von 3 Volt angelegt) durch den sogenannten \u201eelektrochromen Effekt\u201c blau ein. Die Einf\u00e4rbung l\u00e4sst sich variieren, so dass sich das Glas jederzeit der Wetterlage anpasst. Mit einem Ug-Wert von 1,1 W\/(m\u00b2K) sch\u00fctzt das Glas die Mensa auch vor Heizw\u00e4rmeverlusten.<\/p>\n<p>Weitere Informationen im Internet unter <a href=\"http:\/\/www.econtrol-glas.de\" target=\"_blank\" rel=\"noopener noreferrer\">www.econtrol-glas.de<\/a>.<\/p>\n<hr noshade=\"noshade\" size=\"1\" \/>\n<p><strong><span style=\"text-decoration: underline;\">Bautafel<\/span><\/strong><\/p>\n<p><strong>Deutsch-Spanische Grundschule, Hamburg<\/strong><\/p>\n<p><strong>Bauherr:<\/strong><br \/>\nSBH |Schulbau Hamburg<\/p>\n<p><strong>Objektadresse:<\/strong><br \/>\nWielandstra\u00dfe 9, 22089 Hamburg<\/p>\n<p><strong>Architekt:<\/strong><br \/>\nKnaack &amp; Prell Architekten, Hamburg<\/p>\n<p><strong>Fassadenbauer:<\/strong><br \/>\nHolzbau Gehrmann GmbH, Hoisdorf<\/p>\n<p><strong>Metallbau T\u00fcren:<\/strong><br \/>\nPahla\u00df &amp; Preu\u00df Metallbau GmbH, Eldena<\/p>\n<p><strong>Glasprodukt:<\/strong><br \/>\nECONTROL 55\/12<\/p>\n<p><strong>Glashersteller:<\/strong><br \/>\nEControl-Glas, Plauen<\/p>\n<hr noshade=\"noshade\" size=\"1\" \/>\n<table style=\"height: 878px;\" border=\"0\" width=\"657\" cellspacing=\"0\" cellpadding=\"0\">\n<tbody>\n<tr>\n<td valign=\"top\" width=\"370\" height=\"200\"><a href=\"http:\/\/www.pr-neu.de\/newsroom\/wordpress\/wp-content\/uploads\/2014\/06\/14-03_Grundschulmensa_innen-scaled.jpg\"><img loading=\"lazy\" decoding=\"async\" class=\"aligncenter size-medium wp-image-13241\" src=\"http:\/\/www.pr-neu.de\/newsroom\/wordpress\/wp-content\/uploads\/2014\/06\/14-03_Grundschulmensa_innen-222x300.jpg\" alt=\"\" width=\"222\" height=\"300\" srcset=\"https:\/\/www.pr-neu.de\/newsroom\/wordpress\/wp-content\/uploads\/2014\/06\/14-03_Grundschulmensa_innen-222x300.jpg 222w, https:\/\/www.pr-neu.de\/newsroom\/wordpress\/wp-content\/uploads\/2014\/06\/14-03_Grundschulmensa_innen-759x1024.jpg 759w, https:\/\/www.pr-neu.de\/newsroom\/wordpress\/wp-content\/uploads\/2014\/06\/14-03_Grundschulmensa_innen-768x1036.jpg 768w, https:\/\/www.pr-neu.de\/newsroom\/wordpress\/wp-content\/uploads\/2014\/06\/14-03_Grundschulmensa_innen-1138x1536.jpg 1138w, https:\/\/www.pr-neu.de\/newsroom\/wordpress\/wp-content\/uploads\/2014\/06\/14-03_Grundschulmensa_innen-1518x2048.jpg 1518w, https:\/\/www.pr-neu.de\/newsroom\/wordpress\/wp-content\/uploads\/2014\/06\/14-03_Grundschulmensa_innen-82x110.jpg 82w, https:\/\/www.pr-neu.de\/newsroom\/wordpress\/wp-content\/uploads\/2014\/06\/14-03_Grundschulmensa_innen-311x420.jpg 311w, https:\/\/www.pr-neu.de\/newsroom\/wordpress\/wp-content\/uploads\/2014\/06\/14-03_Grundschulmensa_innen-319x430.jpg 319w, https:\/\/www.pr-neu.de\/newsroom\/wordpress\/wp-content\/uploads\/2014\/06\/14-03_Grundschulmensa_innen-scaled.jpg 1897w\" sizes=\"auto, (max-width: 222px) 100vw, 222px\" \/><\/a><\/td>\n<td colspan=\"3\" height=\"200\">Die neue Mensa der Deutsch-Spanischen Grundschule in Hamburg ist mit dimmbarem Sonnenschutzglas ECONTROL 55\/12 erstklassig gegen eine Vielzahl von Umwelteinfl\u00fcssen gesch\u00fctzt. Der Bildvergleich verdeutlicht die Einf\u00e4rbung.<\/p>\n<p>Foto: EControl-Glas<\/td>\n<\/tr>\n<tr>\n<td valign=\"top\" width=\"370\" height=\"200\"><a href=\"http:\/\/www.pr-neu.de\/newsroom\/wordpress\/wp-content\/uploads\/2014\/06\/14-03_Grundschulmensa_au\u00dfen-scaled.jpg\"><img loading=\"lazy\" decoding=\"async\" class=\"aligncenter size-medium wp-image-13242\" src=\"http:\/\/www.pr-neu.de\/newsroom\/wordpress\/wp-content\/uploads\/2014\/06\/14-03_Grundschulmensa_au\u00dfen-222x300.jpg\" alt=\"\" width=\"222\" height=\"300\" srcset=\"https:\/\/www.pr-neu.de\/newsroom\/wordpress\/wp-content\/uploads\/2014\/06\/14-03_Grundschulmensa_au\u00dfen-222x300.jpg 222w, https:\/\/www.pr-neu.de\/newsroom\/wordpress\/wp-content\/uploads\/2014\/06\/14-03_Grundschulmensa_au\u00dfen-759x1024.jpg 759w, https:\/\/www.pr-neu.de\/newsroom\/wordpress\/wp-content\/uploads\/2014\/06\/14-03_Grundschulmensa_au\u00dfen-768x1036.jpg 768w, https:\/\/www.pr-neu.de\/newsroom\/wordpress\/wp-content\/uploads\/2014\/06\/14-03_Grundschulmensa_au\u00dfen-1138x1536.jpg 1138w, https:\/\/www.pr-neu.de\/newsroom\/wordpress\/wp-content\/uploads\/2014\/06\/14-03_Grundschulmensa_au\u00dfen-1518x2048.jpg 1518w, https:\/\/www.pr-neu.de\/newsroom\/wordpress\/wp-content\/uploads\/2014\/06\/14-03_Grundschulmensa_au\u00dfen-82x110.jpg 82w, https:\/\/www.pr-neu.de\/newsroom\/wordpress\/wp-content\/uploads\/2014\/06\/14-03_Grundschulmensa_au\u00dfen-311x420.jpg 311w, https:\/\/www.pr-neu.de\/newsroom\/wordpress\/wp-content\/uploads\/2014\/06\/14-03_Grundschulmensa_au\u00dfen-319x430.jpg 319w, https:\/\/www.pr-neu.de\/newsroom\/wordpress\/wp-content\/uploads\/2014\/06\/14-03_Grundschulmensa_au\u00dfen-scaled.jpg 1897w\" sizes=\"auto, (max-width: 222px) 100vw, 222px\" \/><\/a><\/td>\n<td colspan=\"3\" height=\"200\">Die variable Dimmung des elektrochromen Glases erlaubt jederzeit freien Ein- und Ausblick \u2013 ohne Saunatemperaturen. Der Bildvergleich verdeutlicht die Einf\u00e4rbung.<\/p>\n<p>Foto: EControl-Glas<\/td>\n<\/tr>\n<\/tbody>\n<\/table>\n<hr noshade=\"noshade\" size=\"1\" \/>\n<p>Abdruck honorarfrei, Belegexemplar erbeten<\/p>\n<p><strong>R\u00fcckfragen beantwortet gern<\/strong><\/p>\n<table width=\"532\">\n<tbody>\n<tr>\n<td valign=\"top\" width=\"260\" height=\"25\"><strong>EControl-Glas<\/strong> GmbH &amp; Co. KG<br \/>\nNadine Witt<br \/>\nTel.: +49(0)3741\/14820-116<br \/>\nFax: +49(0)3741\/14820-150<br \/>\nE-Mail: <a href=\"&#x6d;&#97;i&#x6c;&#116;o&#x3a;&#112;r&#x65;&#x73;&#115;&#x65;&#x40;&#101;c&#x6f;&#110;t&#x72;&#111;l&#x2d;&#x67;&#108;&#x61;&#x73;&#46;d&#x65;\">&#112;&#x72;&#x65;s&#115;&#x65;&#64;&#101;&#x63;o&#110;&#x74;r&#111;&#x6c;&#x2d;&#103;&#x6c;&#x61;s&#46;&#x64;e<\/a><\/td>\n<td colspan=\"3\" valign=\"top\" width=\"260\" height=\"21\"><\/td>\n<\/tr>\n<\/tbody>\n<\/table>\n","protected":false},"excerpt":{"rendered":"<p>Deutsch-Spanische Grundschule, Hamburg Mensa mit Aussicht \/ Variabler Sonnenschutz statt Raffstoren Offen und hell sollte sie sein, die neue Schulmensa der Deutsch-Spanischen Grundschule in Hamburg, mit jederzeit freiem Blick nach drau\u00dfen \u2013 und gesch\u00fctzt vor aufheizenden Sonnenstrahlen, Winterk\u00e4lte sowie hart geschossenen Fu\u00dfb\u00e4llen. Au\u00dfenliegende Raffstoren kamen f\u00fcr die Architekten von Knaack &amp; Prell deshalb nicht in [&hellip;]<\/p>\n","protected":false},"author":6,"featured_media":7790,"comment_status":"closed","ping_status":"open","sticky":false,"template":"","format":"standard","meta":{"footnotes":""},"categories":[25,3],"tags":[],"class_list":["post-2774","post","type-post","status-publish","format-standard","has-post-thumbnail","hentry","category-econtrol","category-kundenmeldungen"],"_links":{"self":[{"href":"https:\/\/www.pr-neu.de\/newsroom\/wp-json\/wp\/v2\/posts\/2774","targetHints":{"allow":["GET"]}}],"collection":[{"href":"https:\/\/www.pr-neu.de\/newsroom\/wp-json\/wp\/v2\/posts"}],"about":[{"href":"https:\/\/www.pr-neu.de\/newsroom\/wp-json\/wp\/v2\/types\/post"}],"author":[{"embeddable":true,"href":"https:\/\/www.pr-neu.de\/newsroom\/wp-json\/wp\/v2\/users\/6"}],"replies":[{"embeddable":true,"href":"https:\/\/www.pr-neu.de\/newsroom\/wp-json\/wp\/v2\/comments?post=2774"}],"version-history":[{"count":3,"href":"https:\/\/www.pr-neu.de\/newsroom\/wp-json\/wp\/v2\/posts\/2774\/revisions"}],"predecessor-version":[{"id":13243,"href":"https:\/\/www.pr-neu.de\/newsroom\/wp-json\/wp\/v2\/posts\/2774\/revisions\/13243"}],"wp:featuredmedia":[{"embeddable":true,"href":"https:\/\/www.pr-neu.de\/newsroom\/wp-json\/wp\/v2\/media\/7790"}],"wp:attachment":[{"href":"https:\/\/www.pr-neu.de\/newsroom\/wp-json\/wp\/v2\/media?parent=2774"}],"wp:term":[{"taxonomy":"category","embeddable":true,"href":"https:\/\/www.pr-neu.de\/newsroom\/wp-json\/wp\/v2\/categories?post=2774"},{"taxonomy":"post_tag","embeddable":true,"href":"https:\/\/www.pr-neu.de\/newsroom\/wp-json\/wp\/v2\/tags?post=2774"}],"curies":[{"name":"wp","href":"https:\/\/api.w.org\/{rel}","templated":true}]}}