{"id":276,"date":"2010-09-20T09:21:49","date_gmt":"2010-09-20T07:21:49","guid":{"rendered":"http:\/\/www.pr-nord.de\/newsroom\/?p=276"},"modified":"2020-05-28T16:19:39","modified_gmt":"2020-05-28T14:19:39","slug":"familien-nest","status":"publish","type":"post","link":"https:\/\/www.pr-neu.de\/newsroom\/familien-nest\/","title":{"rendered":"Familien-Nest"},"content":{"rendered":"<p>Wie ein Storchennest wirkt das Obergeschoss der Villa in Graz. Ein Nest zum Wohl- und Zuhause-F\u00fchlen ist jedoch das ganze Anwesen \u2013 hinaus bis zur Grundst\u00fccksgrenze. Die gro\u00dfz\u00fcgige ins Volumen eingeschnittene Veranda hebt den \u00dcbergang von innen nach au\u00dfen nahezu auf. Dazu passt die eigenst\u00e4ndige Putzfassade im hellen Gelbton, mit organisch wirkender Struktur.<\/p>\n","protected":false},"excerpt":{"rendered":"<p>Wie ein Storchennest wirkt das Obergeschoss der Villa in Graz. Ein Nest zum Wohl- und Zuhause-F\u00fchlen ist jedoch das ganze Anwesen \u2013 hinaus bis zur Grundst\u00fccksgrenze. Die gro\u00dfz\u00fcgige ins Volumen eingeschnittene Veranda hebt den \u00dcbergang von innen nach au\u00dfen nahezu auf. Dazu passt die eigenst\u00e4ndige Putzfassade im hellen Gelbton, mit organisch wirkender Struktur.<\/p>\n","protected":false},"author":6,"featured_media":0,"comment_status":"closed","ping_status":"open","sticky":false,"template":"","format":"standard","meta":{"footnotes":""},"categories":[3,15],"tags":[187,414,504],"class_list":["post-276","post","type-post","status-publish","format-standard","hentry","category-kundenmeldungen","category-sto","tag-fassade","tag-putz","tag-sto-2"],"_links":{"self":[{"href":"https:\/\/www.pr-neu.de\/newsroom\/wp-json\/wp\/v2\/posts\/276","targetHints":{"allow":["GET"]}}],"collection":[{"href":"https:\/\/www.pr-neu.de\/newsroom\/wp-json\/wp\/v2\/posts"}],"about":[{"href":"https:\/\/www.pr-neu.de\/newsroom\/wp-json\/wp\/v2\/types\/post"}],"author":[{"embeddable":true,"href":"https:\/\/www.pr-neu.de\/newsroom\/wp-json\/wp\/v2\/users\/6"}],"replies":[{"embeddable":true,"href":"https:\/\/www.pr-neu.de\/newsroom\/wp-json\/wp\/v2\/comments?post=276"}],"version-history":[{"count":3,"href":"https:\/\/www.pr-neu.de\/newsroom\/wp-json\/wp\/v2\/posts\/276\/revisions"}],"predecessor-version":[{"id":13043,"href":"https:\/\/www.pr-neu.de\/newsroom\/wp-json\/wp\/v2\/posts\/276\/revisions\/13043"}],"wp:attachment":[{"href":"https:\/\/www.pr-neu.de\/newsroom\/wp-json\/wp\/v2\/media?parent=276"}],"wp:term":[{"taxonomy":"category","embeddable":true,"href":"https:\/\/www.pr-neu.de\/newsroom\/wp-json\/wp\/v2\/categories?post=276"},{"taxonomy":"post_tag","embeddable":true,"href":"https:\/\/www.pr-neu.de\/newsroom\/wp-json\/wp\/v2\/tags?post=276"}],"curies":[{"name":"wp","href":"https:\/\/api.w.org\/{rel}","templated":true}]}}