{"id":268,"date":"2010-09-15T10:38:48","date_gmt":"2010-09-15T08:38:48","guid":{"rendered":"http:\/\/www.pr-nord.de\/newsroom\/?p=268"},"modified":"2020-05-28T16:19:49","modified_gmt":"2020-05-28T14:19:49","slug":"uberdurchschnittliches-engagement-in-der-ausbildung","status":"publish","type":"post","link":"https:\/\/www.pr-neu.de\/newsroom\/uberdurchschnittliches-engagement-in-der-ausbildung\/","title":{"rendered":"\u00dcberdurchschnittliches Engagement in der Ausbildung"},"content":{"rendered":"<p>Mit einer Ausbildungsquote \u00fcber dem Branchendurchschnitt und Pl\u00e4tzen f\u00fcr praxisintegrierte Studieng\u00e4nge (Kooperation mit der FH Bielefeld) sorgt der Tor- und T\u00fcrspezialist Teckentrup (Verl) f\u00fcr hochqualifizierten Nachwuchs in den eigenen Reihen. \u201eDurch dieses intensive Engagement ist der drohende Fachkr\u00e4ftemangel auf dem Arbeitsmarkt f\u00fcr uns kein Problem\u201c, erkl\u00e4rt Gesch\u00e4ftsf\u00fchrer Kai Teckentrup.<\/p>\n","protected":false},"excerpt":{"rendered":"<p>Mit einer Ausbildungsquote \u00fcber dem Branchendurchschnitt und Pl\u00e4tzen f\u00fcr praxisintegrierte Studieng\u00e4nge (Kooperation mit der FH Bielefeld) sorgt der Tor- und T\u00fcrspezialist Teckentrup (Verl) f\u00fcr hochqualifizierten Nachwuchs in den eigenen Reihen. \u201eDurch dieses intensive Engagement ist der drohende Fachkr\u00e4ftemangel auf dem Arbeitsmarkt f\u00fcr uns kein Problem\u201c, erkl\u00e4rt Gesch\u00e4ftsf\u00fchrer Kai Teckentrup.<\/p>\n","protected":false},"author":6,"featured_media":0,"comment_status":"closed","ping_status":"open","sticky":false,"template":"","format":"standard","meta":{"footnotes":""},"categories":[3,18],"tags":[57,67,174,548,565],"class_list":["post-268","post","type-post","status-publish","format-standard","hentry","category-kundenmeldungen","category-teckentrup","tag-arbeitsmarkt","tag-ausbildung","tag-fachkrafte","tag-studium","tag-teckentrup"],"_links":{"self":[{"href":"https:\/\/www.pr-neu.de\/newsroom\/wp-json\/wp\/v2\/posts\/268","targetHints":{"allow":["GET"]}}],"collection":[{"href":"https:\/\/www.pr-neu.de\/newsroom\/wp-json\/wp\/v2\/posts"}],"about":[{"href":"https:\/\/www.pr-neu.de\/newsroom\/wp-json\/wp\/v2\/types\/post"}],"author":[{"embeddable":true,"href":"https:\/\/www.pr-neu.de\/newsroom\/wp-json\/wp\/v2\/users\/6"}],"replies":[{"embeddable":true,"href":"https:\/\/www.pr-neu.de\/newsroom\/wp-json\/wp\/v2\/comments?post=268"}],"version-history":[{"count":3,"href":"https:\/\/www.pr-neu.de\/newsroom\/wp-json\/wp\/v2\/posts\/268\/revisions"}],"predecessor-version":[{"id":13044,"href":"https:\/\/www.pr-neu.de\/newsroom\/wp-json\/wp\/v2\/posts\/268\/revisions\/13044"}],"wp:attachment":[{"href":"https:\/\/www.pr-neu.de\/newsroom\/wp-json\/wp\/v2\/media?parent=268"}],"wp:term":[{"taxonomy":"category","embeddable":true,"href":"https:\/\/www.pr-neu.de\/newsroom\/wp-json\/wp\/v2\/categories?post=268"},{"taxonomy":"post_tag","embeddable":true,"href":"https:\/\/www.pr-neu.de\/newsroom\/wp-json\/wp\/v2\/tags?post=268"}],"curies":[{"name":"wp","href":"https:\/\/api.w.org\/{rel}","templated":true}]}}