{"id":263,"date":"2010-09-09T15:50:51","date_gmt":"2010-09-09T13:50:51","guid":{"rendered":"http:\/\/www.pr-nord.de\/newsroom\/?p=263"},"modified":"2020-05-28T16:18:00","modified_gmt":"2020-05-28T14:18:00","slug":"gut-beraten","status":"publish","type":"post","link":"https:\/\/www.pr-neu.de\/newsroom\/gut-beraten\/","title":{"rendered":"Gut beraten"},"content":{"rendered":"<p>Ungeeignete Baustoffe, unged\u00e4mmte R\u00e4ume, falsches Heiz- und L\u00fcftungsverhalten \u2013 drei Ursachen, die oft zu Schimmel f\u00fchren. Der neue achtseitige \u201eRatgeber Schimmelschutz\u201c informiert jetzt \u00fcber gesundes und schimmelfreies Wohnen.<\/p>\n","protected":false},"excerpt":{"rendered":"<p>Ungeeignete Baustoffe, unged\u00e4mmte R\u00e4ume, falsches Heiz- und L\u00fcftungsverhalten \u2013 drei Ursachen, die oft zu Schimmel f\u00fchren. Der neue achtseitige \u201eRatgeber Schimmelschutz\u201c informiert jetzt \u00fcber gesundes und schimmelfreies Wohnen.<\/p>\n","protected":false},"author":6,"featured_media":0,"comment_status":"closed","ping_status":"open","sticky":false,"template":"","format":"standard","meta":{"footnotes":""},"categories":[3,15],"tags":[422,445,447,504],"class_list":["post-263","post","type-post","status-publish","format-standard","hentry","category-kundenmeldungen","category-sto","tag-ratgeber","tag-schimmel","tag-schimmelschutz","tag-sto-2"],"_links":{"self":[{"href":"https:\/\/www.pr-neu.de\/newsroom\/wp-json\/wp\/v2\/posts\/263","targetHints":{"allow":["GET"]}}],"collection":[{"href":"https:\/\/www.pr-neu.de\/newsroom\/wp-json\/wp\/v2\/posts"}],"about":[{"href":"https:\/\/www.pr-neu.de\/newsroom\/wp-json\/wp\/v2\/types\/post"}],"author":[{"embeddable":true,"href":"https:\/\/www.pr-neu.de\/newsroom\/wp-json\/wp\/v2\/users\/6"}],"replies":[{"embeddable":true,"href":"https:\/\/www.pr-neu.de\/newsroom\/wp-json\/wp\/v2\/comments?post=263"}],"version-history":[{"count":3,"href":"https:\/\/www.pr-neu.de\/newsroom\/wp-json\/wp\/v2\/posts\/263\/revisions"}],"predecessor-version":[{"id":13033,"href":"https:\/\/www.pr-neu.de\/newsroom\/wp-json\/wp\/v2\/posts\/263\/revisions\/13033"}],"wp:attachment":[{"href":"https:\/\/www.pr-neu.de\/newsroom\/wp-json\/wp\/v2\/media?parent=263"}],"wp:term":[{"taxonomy":"category","embeddable":true,"href":"https:\/\/www.pr-neu.de\/newsroom\/wp-json\/wp\/v2\/categories?post=263"},{"taxonomy":"post_tag","embeddable":true,"href":"https:\/\/www.pr-neu.de\/newsroom\/wp-json\/wp\/v2\/tags?post=263"}],"curies":[{"name":"wp","href":"https:\/\/api.w.org\/{rel}","templated":true}]}}