{"id":258,"date":"2010-09-03T11:04:15","date_gmt":"2010-09-03T09:04:15","guid":{"rendered":"http:\/\/www.pr-nord.de\/newsroom\/?p=258"},"modified":"2020-05-28T16:18:19","modified_gmt":"2020-05-28T14:18:19","slug":"lotusan-fassadenpreis-ausgelobt","status":"publish","type":"post","link":"https:\/\/www.pr-neu.de\/newsroom\/lotusan-fassadenpreis-ausgelobt\/","title":{"rendered":"Lotusan-Fassadenpreis ausgelobt"},"content":{"rendered":"<p>Mit dem \u201eLotusan-Fassadenpreis 2010\u201c pr\u00e4miert Sto jetzt besonders gelungene Objekte, die mit der Hightech-Beschichtung umgesetzt wurden. Eine unabh\u00e4ngige Jury bewertet die Einsendungen mit Blick auf gestalterische Qualit\u00e4t, Alter, allgemeinen Zustand und D\u00e4mmstandard. Fachhandwerker k\u00f6nnen sich bis Jahresende online unter <a href=\"http:\/\/www.lotusan.de\/97543_DE-Lotusan-Fassadenpreis.htm\" target=\"_blank\" rel=\"noopener noreferrer\">lotusan.de<\/a> oder per Post bewerben. Die Preisvergabe erfolgt im Fr\u00fchjahr 2011.<\/p>\n","protected":false},"excerpt":{"rendered":"<p>Mit dem \u201eLotusan-Fassadenpreis 2010\u201c pr\u00e4miert Sto jetzt besonders gelungene Objekte, die mit der Hightech-Beschichtung umgesetzt wurden. Eine unabh\u00e4ngige Jury bewertet die Einsendungen mit Blick auf gestalterische Qualit\u00e4t, Alter, allgemeinen Zustand und D\u00e4mmstandard. Fachhandwerker k\u00f6nnen sich bis Jahresende online unter lotusan.de oder per Post bewerben. Die Preisvergabe erfolgt im Fr\u00fchjahr 2011.<\/p>\n","protected":false},"author":6,"featured_media":0,"comment_status":"closed","ping_status":"open","sticky":false,"template":"","format":"standard","meta":{"footnotes":""},"categories":[3,15],"tags":[187,190,345,504],"class_list":["post-258","post","type-post","status-publish","format-standard","hentry","category-kundenmeldungen","category-sto","tag-fassade","tag-fassadenpreis","tag-lotusan","tag-sto-2"],"_links":{"self":[{"href":"https:\/\/www.pr-neu.de\/newsroom\/wp-json\/wp\/v2\/posts\/258","targetHints":{"allow":["GET"]}}],"collection":[{"href":"https:\/\/www.pr-neu.de\/newsroom\/wp-json\/wp\/v2\/posts"}],"about":[{"href":"https:\/\/www.pr-neu.de\/newsroom\/wp-json\/wp\/v2\/types\/post"}],"author":[{"embeddable":true,"href":"https:\/\/www.pr-neu.de\/newsroom\/wp-json\/wp\/v2\/users\/6"}],"replies":[{"embeddable":true,"href":"https:\/\/www.pr-neu.de\/newsroom\/wp-json\/wp\/v2\/comments?post=258"}],"version-history":[{"count":3,"href":"https:\/\/www.pr-neu.de\/newsroom\/wp-json\/wp\/v2\/posts\/258\/revisions"}],"predecessor-version":[{"id":13038,"href":"https:\/\/www.pr-neu.de\/newsroom\/wp-json\/wp\/v2\/posts\/258\/revisions\/13038"}],"wp:attachment":[{"href":"https:\/\/www.pr-neu.de\/newsroom\/wp-json\/wp\/v2\/media?parent=258"}],"wp:term":[{"taxonomy":"category","embeddable":true,"href":"https:\/\/www.pr-neu.de\/newsroom\/wp-json\/wp\/v2\/categories?post=258"},{"taxonomy":"post_tag","embeddable":true,"href":"https:\/\/www.pr-neu.de\/newsroom\/wp-json\/wp\/v2\/tags?post=258"}],"curies":[{"name":"wp","href":"https:\/\/api.w.org\/{rel}","templated":true}]}}