{"id":253,"date":"2010-08-25T12:11:15","date_gmt":"2010-08-25T10:11:15","guid":{"rendered":"http:\/\/www.pr-nord.de\/newsroom\/?p=253"},"modified":"2020-05-28T16:18:33","modified_gmt":"2020-05-28T14:18:33","slug":"damit-sie-der-wetterbericht-kalt-lasst","status":"publish","type":"post","link":"https:\/\/www.pr-neu.de\/newsroom\/damit-sie-der-wetterbericht-kalt-lasst\/","title":{"rendered":"Damit Sie der Wetterbericht kalt l\u00e4sst"},"content":{"rendered":"<p>WDV-Systeme armieren trotz kalten oder regnerischen Wetters? Mit der von Sto entwickelten \u201eFastTechnology\u201c (FT) l\u00e4uft dies auch in den k\u00fchlen Herbst- und Fr\u00fchlingsmonaten weiter. FT-Produkte vertragen als bislang einzige mineralische M\u00f6rtel Temperaturen schon ab einem Grad Celsius und trocknen besonders schnell \u2013 unabh\u00e4ngig von der Luftfeuchtigkeit.<\/p>\n","protected":false},"excerpt":{"rendered":"<p>WDV-Systeme armieren trotz kalten oder regnerischen Wetters? Mit der von Sto entwickelten \u201eFastTechnology\u201c (FT) l\u00e4uft dies auch in den k\u00fchlen Herbst- und Fr\u00fchlingsmonaten weiter. FT-Produkte vertragen als bislang einzige mineralische M\u00f6rtel Temperaturen schon ab einem Grad Celsius und trocknen besonders schnell \u2013 unabh\u00e4ngig von der Luftfeuchtigkeit.<\/p>\n","protected":false},"author":6,"featured_media":0,"comment_status":"closed","ping_status":"open","sticky":false,"template":"","format":"standard","meta":{"footnotes":""},"categories":[3,15],"tags":[187,193,210,414,504],"class_list":["post-253","post","type-post","status-publish","format-standard","hentry","category-kundenmeldungen","category-sto","tag-fassade","tag-fasttechnology","tag-ft","tag-putz","tag-sto-2"],"_links":{"self":[{"href":"https:\/\/www.pr-neu.de\/newsroom\/wp-json\/wp\/v2\/posts\/253","targetHints":{"allow":["GET"]}}],"collection":[{"href":"https:\/\/www.pr-neu.de\/newsroom\/wp-json\/wp\/v2\/posts"}],"about":[{"href":"https:\/\/www.pr-neu.de\/newsroom\/wp-json\/wp\/v2\/types\/post"}],"author":[{"embeddable":true,"href":"https:\/\/www.pr-neu.de\/newsroom\/wp-json\/wp\/v2\/users\/6"}],"replies":[{"embeddable":true,"href":"https:\/\/www.pr-neu.de\/newsroom\/wp-json\/wp\/v2\/comments?post=253"}],"version-history":[{"count":3,"href":"https:\/\/www.pr-neu.de\/newsroom\/wp-json\/wp\/v2\/posts\/253\/revisions"}],"predecessor-version":[{"id":13039,"href":"https:\/\/www.pr-neu.de\/newsroom\/wp-json\/wp\/v2\/posts\/253\/revisions\/13039"}],"wp:attachment":[{"href":"https:\/\/www.pr-neu.de\/newsroom\/wp-json\/wp\/v2\/media?parent=253"}],"wp:term":[{"taxonomy":"category","embeddable":true,"href":"https:\/\/www.pr-neu.de\/newsroom\/wp-json\/wp\/v2\/categories?post=253"},{"taxonomy":"post_tag","embeddable":true,"href":"https:\/\/www.pr-neu.de\/newsroom\/wp-json\/wp\/v2\/tags?post=253"}],"curies":[{"name":"wp","href":"https:\/\/api.w.org\/{rel}","templated":true}]}}