{"id":2442,"date":"2014-02-18T15:35:54","date_gmt":"2014-02-18T15:35:54","guid":{"rendered":"http:\/\/www.pr-nord.de\/newsroom\/?p=2442"},"modified":"2020-05-28T16:58:37","modified_gmt":"2020-05-28T14:58:37","slug":"weg-mit-den-problemzonen","status":"publish","type":"post","link":"https:\/\/www.pr-neu.de\/newsroom\/weg-mit-den-problemzonen\/","title":{"rendered":"Weg mit den Problemzonen"},"content":{"rendered":"<table border=\"0\" width=\"520\" cellspacing=\"0\" cellpadding=\"0\">\n<tbody>\n<tr>\n<td><span style=\"text-decoration: underline;\">Armierungsmasse StoPrefa Levell 500 schwindet kaum<\/span><\/p>\n<p><strong>Weg mit den Problemzonen<\/strong><\/p>\n<p><strong>Mit der neuen, besonders schwindarmen Klebe- und Armierungsmasse StoPrefa Levell 500 lassen sich Fassadend\u00e4mmsysteme (StoTherm Classic) jetzt noch sicherer verarbeiten: Durch das geringe Schwindma\u00df bleiben Klebe- und Armierungsschicht sehr dimensionsstabil. Damit sinkt die Gefahr, dass sich sp\u00e4ter an der Fassade Geschossdecken\u00fcberg\u00e4nge oder Elementst\u00f6\u00dfe aufgrund minimaler Niveau-Unterschiede abzeichnen. Sto pr\u00e4sentierte die Produktneuheit zur Dach + Holz in K\u00f6ln.<\/strong><\/p>\n<p>An Fassadenbereichen, die vor Ort geklebt oder armiert werden, kann es nach vollst\u00e4ndiger Trocknung zu wenig wahrnehmbaren Niveauunterschieden kommen. Das sogenannte \u201eEinfallen\u201c l\u00e4sst sich aber minimieren. Vorausgesetzt, man greift zum richtigen Material. Die organische Klebe- und Armierungsmasse StoPrefa Levell 500 ist hoch dehnf\u00e4hig und zeichnet sich durch ein minimales Schwindverhalten aus. Eine zehn Millimeter dicke Schicht schwindet w\u00e4hrend der Trocknung lediglich um 1,15 Millimeter \u2013 ein Wert, der fast 50 Prozent unter den bisher \u00fcblichen Materialspezifikationen liegt.<\/p>\n<p>StoPrefa Levell 500 \u00fcberzeugt durch gute Standfestigkeit, ist einfach zu verarbeiten, schleifbar und im Nullzonenbereich sehr gut ausziehbar. Optimiert f\u00fcr StoTherm Classic, das W\u00e4rmed\u00e4mm-Verbundsystem mit dem D\u00e4mmstoff Polystyrol-Hartschaum, \u00fcbernimmt es sowohl die Klebe- wie auch die Armierungsfunktion \u2013 ein weiterer Vorteil des bereits verarbeitungsfertig gelieferten Produktes.<\/p>\n<hr noshade=\"noshade\" size=\"1\" \/>\n<p>Abdruck honorarfrei, Belegexemplar erbeten<\/td>\n<\/tr>\n<tr>\n<td><\/td>\n<\/tr>\n<\/tbody>\n<\/table>\n","protected":false},"excerpt":{"rendered":"<p>Armierungsmasse StoPrefa Levell 500 schwindet kaum Weg mit den Problemzonen Mit der neuen, besonders schwindarmen Klebe- und Armierungsmasse StoPrefa Levell 500 lassen sich Fassadend\u00e4mmsysteme (StoTherm Classic) jetzt noch sicherer verarbeiten: Durch das geringe Schwindma\u00df bleiben Klebe- und Armierungsschicht sehr dimensionsstabil. Damit sinkt die Gefahr, dass sich sp\u00e4ter an der Fassade Geschossdecken\u00fcberg\u00e4nge oder Elementst\u00f6\u00dfe aufgrund minimaler [&hellip;]<\/p>\n","protected":false},"author":6,"featured_media":0,"comment_status":"closed","ping_status":"open","sticky":false,"template":"","format":"standard","meta":{"footnotes":""},"categories":[3,15],"tags":[],"class_list":["post-2442","post","type-post","status-publish","format-standard","hentry","category-kundenmeldungen","category-sto"],"_links":{"self":[{"href":"https:\/\/www.pr-neu.de\/newsroom\/wp-json\/wp\/v2\/posts\/2442","targetHints":{"allow":["GET"]}}],"collection":[{"href":"https:\/\/www.pr-neu.de\/newsroom\/wp-json\/wp\/v2\/posts"}],"about":[{"href":"https:\/\/www.pr-neu.de\/newsroom\/wp-json\/wp\/v2\/types\/post"}],"author":[{"embeddable":true,"href":"https:\/\/www.pr-neu.de\/newsroom\/wp-json\/wp\/v2\/users\/6"}],"replies":[{"embeddable":true,"href":"https:\/\/www.pr-neu.de\/newsroom\/wp-json\/wp\/v2\/comments?post=2442"}],"version-history":[{"count":3,"href":"https:\/\/www.pr-neu.de\/newsroom\/wp-json\/wp\/v2\/posts\/2442\/revisions"}],"predecessor-version":[{"id":13257,"href":"https:\/\/www.pr-neu.de\/newsroom\/wp-json\/wp\/v2\/posts\/2442\/revisions\/13257"}],"wp:attachment":[{"href":"https:\/\/www.pr-neu.de\/newsroom\/wp-json\/wp\/v2\/media?parent=2442"}],"wp:term":[{"taxonomy":"category","embeddable":true,"href":"https:\/\/www.pr-neu.de\/newsroom\/wp-json\/wp\/v2\/categories?post=2442"},{"taxonomy":"post_tag","embeddable":true,"href":"https:\/\/www.pr-neu.de\/newsroom\/wp-json\/wp\/v2\/tags?post=2442"}],"curies":[{"name":"wp","href":"https:\/\/api.w.org\/{rel}","templated":true}]}}