{"id":2436,"date":"2014-02-18T15:22:06","date_gmt":"2014-02-18T15:22:06","guid":{"rendered":"http:\/\/www.pr-nord.de\/newsroom\/?p=2436"},"modified":"2020-05-28T17:01:24","modified_gmt":"2020-05-28T15:01:24","slug":"die-freiheit-der-vielfalt","status":"publish","type":"post","link":"https:\/\/www.pr-neu.de\/newsroom\/die-freiheit-der-vielfalt\/","title":{"rendered":"Die Freiheit der Vielfalt"},"content":{"rendered":"<table border=\"0\" width=\"520\" cellspacing=\"0\" cellpadding=\"0\">\n<tbody>\n<tr>\n<td><span style=\"text-decoration: underline;\">Holzbaufassaden mit Stein, Glas, Putz oder PV-Modulen<\/span><\/p>\n<p><strong>Die Freiheit der Vielfalt<\/strong><\/p>\n<p><strong>Mit vorgeh\u00e4ngten hinterl\u00fcfteten Fassadensystemen (VHF) wie StoVentec bekommt der Holzbau eine breite Oberfl\u00e4chenvielfalt. Diese umfasst Putz-Oberfl\u00e4chen bis hin zum Schwarz, Glas-, Keramik- oder Steinfassaden. Sto bietet mit Photovoltaik-Paneelen auch die Option, \u00fcber die Fassade des Holzbaus Strom zu erzeugen. Allen Varianten gemein ist die einfache und wirtschaftliche Montage.<\/strong><\/p>\n<p>Glas in matt, bunt oder verspiegelt, diverse Natursteine oder Solar-Elemente zur Stromgewinnung \u2013 durch VHF-Systeme steht auch im Holzbau eine breite Auswahl an Fassadenl\u00f6sungen bereit.<\/p>\n<p>Mit StoVentec steht ein universell einsetzbares und besonders leichtes System zur Verf\u00fcgung. Die Tr\u00e4gerplatte aus Bl\u00e4hglasgranulat \u2013 der Rohstoff stammt zu 96 Prozent aus Recyclingglas \u2013 wiegt in einer St\u00e4rke von 12 Millimetern nur sechs Kilogramm pro Quadratmeter. Mit einem nicht brennbaren Plattenwerkstoff und einer Aluminium-Unterkonstruktion erreicht das System die Brandschutzklasse B1 (schwer entflammbar).<\/p>\n<p>Zu den Systemvarianten, die jetzt auf der DACH + HOLZ gezeigt werden, geh\u00f6ren werkseitig vormontierte Paneele: Auf das Grundmodul (die Bl\u00e4hglas-Platte) wird die stilpr\u00e4gende Au\u00dfenschicht aufgebracht.<\/p>\n<p>\u2022 StoVentec Stone Massive kommt ohne Tr\u00e4gerplatte aus und steht in 21 Basisvarianten zur Verf\u00fcgung: Sand- oder Kalkstein und andere Natursteine k\u00f6nnen individuell poliert, geschliffen, gestrahlt oder geb\u00fcrstet werden. Damit entstehen extrem strapazierf\u00e4hige Fassaden, die aufgrund des Unikat-Charakters eines jeden Steins dem ganzen Haus Einzigartigkeit verleihen.<\/p>\n<p>\u2022 Mit StoVentec Glass entsteht eine fugenbetonte Paneelfassade, bei der eine Vielzahl an Farbt\u00f6nen m\u00f6glich ist. Das System ist bauaufsichtlich auch als \u00dcberkopf-Verglasung zugelassen.<\/p>\n<p>\u2022 StoVentec Photovoltaic eignet sich vor allem f\u00fcr S\u00fcdseiten und l\u00e4sst sich problemlos mit anderen Oberfl\u00e4chen-Systemen kombinieren. Wie der Name schon sagt, ist diese Variante ein kleines Kraftwerk an der Fassade, das einem energieeffizienten Bauk\u00f6rper ein hohes Ma\u00df an Autarkie verleiht.<\/p>\n<p>Die Montage aller Paneele erfolgt schnell und unkompliziert, sie werden mit ihren r\u00fcckseitig montierten Plattentragprofilen einfach in die Alu-Agraffen an der Unterkonstruktion eingeh\u00e4ngt, unabh\u00e4ngig von der Witterung. Diese Befestigung ist von au\u00dfen nicht sichtbar und f\u00fchrt daher zu einem ungest\u00f6rten, fugenbetonten Fassadenbild.<\/p>\n<p><strong>Putzfassade \u2013 auch in schwarz<\/strong><\/p>\n<p>Wird die Bl\u00e4hglasgranulat-Platte von StoVentec klassisch als Putztr\u00e4gerplatte eingesetzt, kann die Platte alternativ zur Montage mit den Agraffenprofilen auch direkt auf die Traglattung geklammert oder geschraubt werden. F\u00fcr den Zuschnitt der Platten reichen Cuttermesser oder Fuchsschwanz. Armierung und Auftrag des Oberputzes (Stolit, StoSilco oder StoLotusan) erfolgen dann auf der Baustelle. Es entsteht eine klassische fugenlose Putzfassade \u2013 mit allen Vorteilen eines vorgeh\u00e4ngten hinterl\u00fcfteten Systems; wie einem verbesserten Schalld\u00e4mmma\u00df um bis zu 10 dB und einer unbegrenzten Farbtonvielfalt \u2013 bis hin zu schwarzen Fassaden.<\/p>\n<hr noshade=\"noshade\" size=\"1\" \/>\n<table border=\"0\" width=\"520\" cellspacing=\"0\" cellpadding=\"0\">\n<tbody>\n<tr>\n<td valign=\"top\" width=\"370\" height=\"25\"><a href=\"http:\/\/www.pr-neu.de\/newsroom\/wordpress\/wp-content\/uploads\/2014\/02\/12-02-StoVentec_Glas_K.jpg\"><img loading=\"lazy\" decoding=\"async\" class=\"aligncenter size-medium wp-image-13260\" src=\"http:\/\/www.pr-neu.de\/newsroom\/wordpress\/wp-content\/uploads\/2014\/02\/12-02-StoVentec_Glas_K-300x201.jpg\" alt=\"\" width=\"300\" height=\"201\" srcset=\"https:\/\/www.pr-neu.de\/newsroom\/wordpress\/wp-content\/uploads\/2014\/02\/12-02-StoVentec_Glas_K-300x201.jpg 300w, https:\/\/www.pr-neu.de\/newsroom\/wordpress\/wp-content\/uploads\/2014\/02\/12-02-StoVentec_Glas_K-110x74.jpg 110w, https:\/\/www.pr-neu.de\/newsroom\/wordpress\/wp-content\/uploads\/2014\/02\/12-02-StoVentec_Glas_K-420x282.jpg 420w, https:\/\/www.pr-neu.de\/newsroom\/wordpress\/wp-content\/uploads\/2014\/02\/12-02-StoVentec_Glas_K.jpg 431w\" sizes=\"auto, (max-width: 300px) 100vw, 300px\" \/><\/a><\/td>\n<td colspan=\"3\" height=\"21\">Systemschnitte: Das vorgeh\u00e4ngte hinterl\u00fcftete Fassadend\u00e4mmsystem StoVentec bringt neue Oberfl\u00e4chen f\u00fcr den Holzbau \u2013 zum Beispiel Glas oder Naturstein.Foto: Sto AG, St\u00fchlingen<\/td>\n<\/tr>\n<\/tbody>\n<\/table>\n<table border=\"0\" width=\"520\" cellspacing=\"0\" cellpadding=\"0\">\n<tbody>\n<tr>\n<td valign=\"top\" width=\"370\" height=\"25\"><a href=\"http:\/\/www.pr-neu.de\/newsroom\/wordpress\/wp-content\/uploads\/2014\/02\/12-02-StoVentec_stone_K.jpg\"><img loading=\"lazy\" decoding=\"async\" class=\"aligncenter size-medium wp-image-13258\" src=\"http:\/\/www.pr-neu.de\/newsroom\/wordpress\/wp-content\/uploads\/2014\/02\/12-02-StoVentec_stone_K-300x201.jpg\" alt=\"\" width=\"300\" height=\"201\" srcset=\"https:\/\/www.pr-neu.de\/newsroom\/wordpress\/wp-content\/uploads\/2014\/02\/12-02-StoVentec_stone_K-300x201.jpg 300w, https:\/\/www.pr-neu.de\/newsroom\/wordpress\/wp-content\/uploads\/2014\/02\/12-02-StoVentec_stone_K-110x74.jpg 110w, https:\/\/www.pr-neu.de\/newsroom\/wordpress\/wp-content\/uploads\/2014\/02\/12-02-StoVentec_stone_K-420x282.jpg 420w, https:\/\/www.pr-neu.de\/newsroom\/wordpress\/wp-content\/uploads\/2014\/02\/12-02-StoVentec_stone_K.jpg 431w\" sizes=\"auto, (max-width: 300px) 100vw, 300px\" \/><\/a><\/td>\n<td colspan=\"3\" height=\"21\">Systemschnitte: Das vorgeh\u00e4ngte hinterl\u00fcftete Fassadend\u00e4mmsystem StoVentec bringt neue Oberfl\u00e4chen f\u00fcr den Holzbau \u2013 zum Beispiel Glas oder Naturstein.Foto: Sto AG, St\u00fchlingen<\/td>\n<\/tr>\n<\/tbody>\n<\/table>\n<table border=\"0\" width=\"520\" cellspacing=\"0\" cellpadding=\"0\">\n<tbody>\n<tr>\n<td valign=\"top\" width=\"370\" height=\"25\"><a href=\"http:\/\/www.pr-neu.de\/newsroom\/wordpress\/wp-content\/uploads\/2014\/02\/12-02-PV-EFH_K.jpg\"><img loading=\"lazy\" decoding=\"async\" class=\"size-medium wp-image-13259\" src=\"http:\/\/www.pr-neu.de\/newsroom\/wordpress\/wp-content\/uploads\/2014\/02\/12-02-PV-EFH_K-300x201.jpg\" alt=\"\" width=\"300\" height=\"201\" srcset=\"https:\/\/www.pr-neu.de\/newsroom\/wordpress\/wp-content\/uploads\/2014\/02\/12-02-PV-EFH_K-300x201.jpg 300w, https:\/\/www.pr-neu.de\/newsroom\/wordpress\/wp-content\/uploads\/2014\/02\/12-02-PV-EFH_K-110x74.jpg 110w, https:\/\/www.pr-neu.de\/newsroom\/wordpress\/wp-content\/uploads\/2014\/02\/12-02-PV-EFH_K-420x282.jpg 420w, https:\/\/www.pr-neu.de\/newsroom\/wordpress\/wp-content\/uploads\/2014\/02\/12-02-PV-EFH_K.jpg 431w\" sizes=\"auto, (max-width: 300px) 100vw, 300px\" \/><\/a><\/td>\n<td colspan=\"3\" height=\"21\">F\u00fcr die Fassadend\u00e4mmung dieses \u00d6kohauses in Hofheim wurde das W\u00e4rmed\u00e4mm-Verbundsystem StoTherm Wood mit einer Holzweichfaserd\u00e4mmplatte eingesetzt.Foto: Michael Meschede, Kaufungen \/ Sto AG, St\u00fchlingen<\/td>\n<\/tr>\n<\/tbody>\n<\/table>\n<hr noshade=\"noshade\" size=\"1\" \/>\n<p>Abdruck honorarfrei, Belegexemplar erbeten<\/td>\n<\/tr>\n<tr>\n<td><\/td>\n<\/tr>\n<\/tbody>\n<\/table>\n","protected":false},"excerpt":{"rendered":"<p>Holzbaufassaden mit Stein, Glas, Putz oder PV-Modulen Die Freiheit der Vielfalt Mit vorgeh\u00e4ngten hinterl\u00fcfteten Fassadensystemen (VHF) wie StoVentec bekommt der Holzbau eine breite Oberfl\u00e4chenvielfalt. Diese umfasst Putz-Oberfl\u00e4chen bis hin zum Schwarz, Glas-, Keramik- oder Steinfassaden. Sto bietet mit Photovoltaik-Paneelen auch die Option, \u00fcber die Fassade des Holzbaus Strom zu erzeugen. Allen Varianten gemein ist die [&hellip;]<\/p>\n","protected":false},"author":6,"featured_media":13259,"comment_status":"closed","ping_status":"open","sticky":false,"template":"","format":"standard","meta":{"footnotes":""},"categories":[3,15],"tags":[],"class_list":["post-2436","post","type-post","status-publish","format-standard","has-post-thumbnail","hentry","category-kundenmeldungen","category-sto"],"_links":{"self":[{"href":"https:\/\/www.pr-neu.de\/newsroom\/wp-json\/wp\/v2\/posts\/2436","targetHints":{"allow":["GET"]}}],"collection":[{"href":"https:\/\/www.pr-neu.de\/newsroom\/wp-json\/wp\/v2\/posts"}],"about":[{"href":"https:\/\/www.pr-neu.de\/newsroom\/wp-json\/wp\/v2\/types\/post"}],"author":[{"embeddable":true,"href":"https:\/\/www.pr-neu.de\/newsroom\/wp-json\/wp\/v2\/users\/6"}],"replies":[{"embeddable":true,"href":"https:\/\/www.pr-neu.de\/newsroom\/wp-json\/wp\/v2\/comments?post=2436"}],"version-history":[{"count":4,"href":"https:\/\/www.pr-neu.de\/newsroom\/wp-json\/wp\/v2\/posts\/2436\/revisions"}],"predecessor-version":[{"id":13262,"href":"https:\/\/www.pr-neu.de\/newsroom\/wp-json\/wp\/v2\/posts\/2436\/revisions\/13262"}],"wp:featuredmedia":[{"embeddable":true,"href":"https:\/\/www.pr-neu.de\/newsroom\/wp-json\/wp\/v2\/media\/13259"}],"wp:attachment":[{"href":"https:\/\/www.pr-neu.de\/newsroom\/wp-json\/wp\/v2\/media?parent=2436"}],"wp:term":[{"taxonomy":"category","embeddable":true,"href":"https:\/\/www.pr-neu.de\/newsroom\/wp-json\/wp\/v2\/categories?post=2436"},{"taxonomy":"post_tag","embeddable":true,"href":"https:\/\/www.pr-neu.de\/newsroom\/wp-json\/wp\/v2\/tags?post=2436"}],"curies":[{"name":"wp","href":"https:\/\/api.w.org\/{rel}","templated":true}]}}