{"id":243,"date":"2010-08-25T11:27:48","date_gmt":"2010-08-25T09:27:48","guid":{"rendered":"http:\/\/www.pr-nord.de\/newsroom\/?p=243"},"modified":"2020-05-28T16:17:14","modified_gmt":"2020-05-28T14:17:14","slug":"elektrochrome-beschichtungen-der-neuen-generation","status":"publish","type":"post","link":"https:\/\/www.pr-neu.de\/newsroom\/elektrochrome-beschichtungen-der-neuen-generation\/","title":{"rendered":"Elektrochrome Beschichtungen der neuen Generation"},"content":{"rendered":"<p><u>EControl auf der glasstec 2010<\/u><\/p>\n<p>Schaltbares Sonnenschutzglas gegen \u00dcberhitzung und Blendung<\/p>\n<p><strong>Die moderne Hightech-Alternative zu Jalousien und Rolll\u00e4den ist \u201eEControl\u201c: Das schaltbare Sonnenschutzglas l\u00e4sst sich auf Knopfdruck in fein justierten Stufen elektrochrom \u201eabdunkeln\u201c. So wird der Licht- und W\u00e4rmedurchgang individuell regelbar \u2013 je nach Jahreszeit und Wetterlage \u2013 und auf eine au\u00dfen liegende Verschattung kann verzichtet werden. Das innovative Produkt ist in B\u00fcrogeb\u00e4uden ebenso einsetzbar wie in Wohnbauten oder als \u00dcberkopfverglasung, denn es wird in handels\u00fcblichen Rahmenprofilen verbaut. Auf der glasstec 2010 in D\u00fcsseldorf (Halle 10: Stand H36) pr\u00e4sentiert die EControl Glas GmbH &amp; Co KG vom 28. September bis zum 1. Oktober 2010 seine intelligenten Produkte f\u00fcr Sonnen- und Blendschutz. <\/strong><\/p>\n<p>Glas ist heute ein multifunktionaler Baustoff: Schaltbare Sonnenschutzverglasung mit elektrochromer Beschichtung passt sich z.B. auf Knopfdruck individuell an die Tages- und Jahreszeit an. Entwickelt wurde sie speziell f\u00fcr modernes Wohnen mit gro\u00dfen Glasfl\u00e4chen in der Fassade sowie f\u00fcr moderne B\u00fcroarchitektur. \u201e\u00dcberall ist ein Maximum an Tageslicht erw\u00fcnscht. Paradoxerweise wird wegen der \u00dcberhitzungsgefahr von R\u00e4umen aber genau dann verschattet, wenn die Sonne am sch\u00f6nsten und intensivsten Licht spendet \u2013 n\u00e4mlich im Sommer. Dann schalten Hausbesitzer und B\u00fcroangestellte im Inneren die elektrische Beleuchtung an. Mit schaltbarem EControl Sonnenschutzglas gelangt weiterhin viel Licht in die R\u00e4ume, es reduziert die Blendung sp\u00fcrbar und die Hitze bleibt drau\u00dfen. Per Handschalter oder auch \u00fcber eine automatische Steuerung werden die Scheiben individuell geregelt\u201c, erl\u00e4utert Dr. Wittkopf.<\/p>\n<p><strong>Nanobeschichtung reagiert auf Spannungsver\u00e4nderungen<\/strong><\/p>\n<p>Das variable Sonnenschutzglas besteht aus einer \u201eSandwichscheibe\u201c mit innen liegender nanostrukturierter Beschichtung. Wird eine geringe Spannung angelegt (3 Volt), f\u00e4rbt sich die Beschichtung durch den so genannten elektrochromen Effekt ger\u00e4uschlos in ein angenehmes Blau ein. Dann l\u00e4sst das Glas \u2013 je nach Intensit\u00e4t der \u201eAbblendung\u201c \u2013 nur noch zwischen 38 und 12 Prozent der Sonnenenergie in den Raum. Vom Tageslicht gelangen zwischen 50 und 15 Prozent ins Innere. An hei\u00dfen Sommertagen kann sich die Au\u00dfenscheibe auf bis zu 70 Grad Celsius erhitzen \u2013 die Innenscheibe bleibt jedoch bei voller Einf\u00e4rbung mit 25 bis 30 Grad Celsius verh\u00e4ltnism\u00e4\u00dfig k\u00fchl.<\/p>\n<p><strong>Positiver Effekt: Gesundheit und Wohlbefinden <\/strong><\/p>\n<p>Das Glas bietet im dunklen Zustand einen UV-Schutz von 99,5 Prozent. Denn was wenige wissen: Herk\u00f6mmliches Fensterglas h\u00e4lt zwar einen erheblichen Teil der Sonnenbrand verursachenden UVB-Strahlen ab, ist aber f\u00fcr langwellige UVA-Strahlen, die z.B. Falten und Altersflecken hervorrufen k\u00f6nnen, weitestgehend durchl\u00e4ssig.<\/p>\n<p>Dagegen bleibt der f\u00fcr Menschen und Pflanzen wichtige \u201eBlaulichtanteil\u201c erhalten \u2013 er f\u00f6rdert die Vitalit\u00e4t und ist ein wichtiger Faktor f\u00fcr Pflanzenwachstum. Aufgrund seiner guten Abschirmwirkung wird durch EControl auch ein guter Schutz vor externem Elektrosmog gew\u00e4hrleistet.<\/p>\n<p>EControl-Glas ist standardm\u00e4\u00dfig mit einer hochwertigen W\u00e4rmeschutzbeschichtung ausgestattet und kann auch als modernes Dreifach-Isolierglas ausgef\u00fchrt werden \u2013 dann isoliert es mit einem U<sub>g<\/sub>-Wert von bis zu 0,5 W\/m<sup>2<\/sup>K erstklassig gegen Heizw\u00e4rmeverluste. Die maximale Scheibengr\u00f6\u00dfe von 125 x 240 cm wird Anfang 2011 auf 130 x 300 cm erh\u00f6ht.<\/p>\n<p>Weitere Informationen im Internet unter <a href=\"https:\/\/www.econtrol-glas.de\/\" target=\"_blank\" rel=\"noopener noreferrer\">www.econtrol-glas.de<\/a>.<\/p>\n<hr noshade=\"noshade\" size=\"1\" \/>\n<table style=\"height: 202px;\" border=\"0\" width=\"600\" cellspacing=\"0\" cellpadding=\"0\">\n<tbody>\n<tr>\n<td valign=\"top\" width=\"370\" height=\"200\"><a href=\"http:\/\/www.pr-neu.de\/newsroom\/wordpress\/wp-content\/uploads\/2010\/08\/10-05_Hightech_G-1.jpg\"><img loading=\"lazy\" decoding=\"async\" class=\"aligncenter size-medium wp-image-13029\" src=\"http:\/\/www.pr-neu.de\/newsroom\/wordpress\/wp-content\/uploads\/2010\/08\/10-05_Hightech_G-1-300x201.jpg\" alt=\"\" width=\"300\" height=\"201\" srcset=\"https:\/\/www.pr-neu.de\/newsroom\/wordpress\/wp-content\/uploads\/2010\/08\/10-05_Hightech_G-1-300x201.jpg 300w, https:\/\/www.pr-neu.de\/newsroom\/wordpress\/wp-content\/uploads\/2010\/08\/10-05_Hightech_G-1-1024x687.jpg 1024w, https:\/\/www.pr-neu.de\/newsroom\/wordpress\/wp-content\/uploads\/2010\/08\/10-05_Hightech_G-1-768x516.jpg 768w, https:\/\/www.pr-neu.de\/newsroom\/wordpress\/wp-content\/uploads\/2010\/08\/10-05_Hightech_G-1-1536x1031.jpg 1536w, https:\/\/www.pr-neu.de\/newsroom\/wordpress\/wp-content\/uploads\/2010\/08\/10-05_Hightech_G-1-110x74.jpg 110w, https:\/\/www.pr-neu.de\/newsroom\/wordpress\/wp-content\/uploads\/2010\/08\/10-05_Hightech_G-1-420x282.jpg 420w, https:\/\/www.pr-neu.de\/newsroom\/wordpress\/wp-content\/uploads\/2010\/08\/10-05_Hightech_G-1-641x430.jpg 641w, https:\/\/www.pr-neu.de\/newsroom\/wordpress\/wp-content\/uploads\/2010\/08\/10-05_Hightech_G-1.jpg 1795w\" sizes=\"auto, (max-width: 300px) 100vw, 300px\" \/><\/a><\/td>\n<td>Mit schaltbarem EControl Sonnenschutzglas sind Lichtdurchlass und Energietransmission individuell regelbar.<\/p>\n<p>Foto: EControl-Glas<\/td>\n<\/tr>\n<\/tbody>\n<\/table>\n<hr noshade=\"noshade\" size=\"1\" \/>\n<p>Abdruck honorarfrei, Belegexemplar erbeten<\/p>\n<p><strong>R\u00fcckfragen beantwortet gern<\/strong><\/p>\n<table width=\"532\">\n<tbody>\n<tr>\n<td valign=\"top\" width=\"260\" height=\"25\"><strong>EControl-Glas<\/strong> GmbH &amp; Co. KG<br \/>\nNadine Witt<br \/>\nTel.: +49(0)3741\/14820-116<br \/>\nFax: +49(0)3741\/14820-150<br \/>\nE-Mail: <a href=\"&#109;&#x61;i&#x6c;&#x74;&#111;&#x3a;p&#x72;&#x65;&#115;&#x73;e&#x40;&#x65;&#99;&#x6f;n&#x74;&#x72;&#111;&#x6c;-&#x67;&#x6c;&#97;&#x73;&#46;&#x64;&#x65;\">&#x70;&#114;&#x65;&#x73;s&#x65;&#64;e&#x63;&#111;n&#x74;&#114;&#x6f;&#x6c;-&#x67;&#108;a&#x73;&#46;d&#x65;<\/a><\/td>\n<td colspan=\"3\" valign=\"top\" width=\"260\" height=\"21\"><\/td>\n<\/tr>\n<\/tbody>\n<\/table>\n","protected":false},"excerpt":{"rendered":"<p>EControl auf der glasstec 2010 Schaltbares Sonnenschutzglas gegen \u00dcberhitzung und Blendung Die moderne Hightech-Alternative zu Jalousien und Rolll\u00e4den ist \u201eEControl\u201c: Das schaltbare Sonnenschutzglas l\u00e4sst sich auf Knopfdruck in fein justierten Stufen elektrochrom \u201eabdunkeln\u201c. So wird der Licht- und W\u00e4rmedurchgang individuell regelbar \u2013 je nach Jahreszeit und Wetterlage \u2013 und auf eine au\u00dfen liegende Verschattung kann [&hellip;]<\/p>\n","protected":false},"author":6,"featured_media":7906,"comment_status":"closed","ping_status":"open","sticky":false,"template":"","format":"standard","meta":{"footnotes":""},"categories":[25,3,6],"tags":[147,194,230,238,354,492,493],"class_list":["post-243","post","type-post","status-publish","format-standard","has-post-thumbnail","hentry","category-econtrol","category-kundenmeldungen","category-messen","tag-econtrol-2","tag-fenster","tag-glas","tag-glasstec","tag-messe","tag-sonnenschutz","tag-sonnenschutzglas"],"_links":{"self":[{"href":"https:\/\/www.pr-neu.de\/newsroom\/wp-json\/wp\/v2\/posts\/243","targetHints":{"allow":["GET"]}}],"collection":[{"href":"https:\/\/www.pr-neu.de\/newsroom\/wp-json\/wp\/v2\/posts"}],"about":[{"href":"https:\/\/www.pr-neu.de\/newsroom\/wp-json\/wp\/v2\/types\/post"}],"author":[{"embeddable":true,"href":"https:\/\/www.pr-neu.de\/newsroom\/wp-json\/wp\/v2\/users\/6"}],"replies":[{"embeddable":true,"href":"https:\/\/www.pr-neu.de\/newsroom\/wp-json\/wp\/v2\/comments?post=243"}],"version-history":[{"count":4,"href":"https:\/\/www.pr-neu.de\/newsroom\/wp-json\/wp\/v2\/posts\/243\/revisions"}],"predecessor-version":[{"id":13030,"href":"https:\/\/www.pr-neu.de\/newsroom\/wp-json\/wp\/v2\/posts\/243\/revisions\/13030"}],"wp:featuredmedia":[{"embeddable":true,"href":"https:\/\/www.pr-neu.de\/newsroom\/wp-json\/wp\/v2\/media\/7906"}],"wp:attachment":[{"href":"https:\/\/www.pr-neu.de\/newsroom\/wp-json\/wp\/v2\/media?parent=243"}],"wp:term":[{"taxonomy":"category","embeddable":true,"href":"https:\/\/www.pr-neu.de\/newsroom\/wp-json\/wp\/v2\/categories?post=243"},{"taxonomy":"post_tag","embeddable":true,"href":"https:\/\/www.pr-neu.de\/newsroom\/wp-json\/wp\/v2\/tags?post=243"}],"curies":[{"name":"wp","href":"https:\/\/api.w.org\/{rel}","templated":true}]}}