{"id":241,"date":"2010-08-18T10:05:00","date_gmt":"2010-08-18T08:05:00","guid":{"rendered":"http:\/\/www.pr-nord.de\/newsroom\/?p=241"},"modified":"2020-05-28T16:17:25","modified_gmt":"2020-05-28T14:17:25","slug":"massiv-gedammt","status":"publish","type":"post","link":"https:\/\/www.pr-neu.de\/newsroom\/massiv-gedammt\/","title":{"rendered":"Massiv ged\u00e4mmt"},"content":{"rendered":"<p>Schr\u00e4nkt das D\u00e4mmen die Zahl der m\u00f6glichen Fassadenoberfl\u00e4chen ein? Wer das denkt, irrt: Fassaden k\u00f6nnen unabh\u00e4ngig vom D\u00e4mmsystem neben Putz auch Glas, Holz, Metall, Keramik, Feinsteinzeug oder Naturwerkstein tragen. Allerdings erfordert die Auswahl und Verarbeitung unkonventioneller Werkstoffe besonderes Know-how. Ein Beispiel: ged\u00e4mmte Natursteinfassaden.<\/p>\n","protected":false},"excerpt":{"rendered":"<p>Schr\u00e4nkt das D\u00e4mmen die Zahl der m\u00f6glichen Fassadenoberfl\u00e4chen ein? Wer das denkt, irrt: Fassaden k\u00f6nnen unabh\u00e4ngig vom D\u00e4mmsystem neben Putz auch Glas, Holz, Metall, Keramik, Feinsteinzeug oder Naturwerkstein tragen. Allerdings erfordert die Auswahl und Verarbeitung unkonventioneller Werkstoffe besonderes Know-how. Ein Beispiel: ged\u00e4mmte Natursteinfassaden.<\/p>\n","protected":false},"author":6,"featured_media":0,"comment_status":"closed","ping_status":"open","sticky":false,"template":"","format":"standard","meta":{"footnotes":""},"categories":[3,15],"tags":[124,187,370,627],"class_list":["post-241","post","type-post","status-publish","format-standard","hentry","category-kundenmeldungen","category-sto","tag-dammung","tag-fassade","tag-naturstein","tag-wdvs"],"_links":{"self":[{"href":"https:\/\/www.pr-neu.de\/newsroom\/wp-json\/wp\/v2\/posts\/241","targetHints":{"allow":["GET"]}}],"collection":[{"href":"https:\/\/www.pr-neu.de\/newsroom\/wp-json\/wp\/v2\/posts"}],"about":[{"href":"https:\/\/www.pr-neu.de\/newsroom\/wp-json\/wp\/v2\/types\/post"}],"author":[{"embeddable":true,"href":"https:\/\/www.pr-neu.de\/newsroom\/wp-json\/wp\/v2\/users\/6"}],"replies":[{"embeddable":true,"href":"https:\/\/www.pr-neu.de\/newsroom\/wp-json\/wp\/v2\/comments?post=241"}],"version-history":[{"count":3,"href":"https:\/\/www.pr-neu.de\/newsroom\/wp-json\/wp\/v2\/posts\/241\/revisions"}],"predecessor-version":[{"id":13031,"href":"https:\/\/www.pr-neu.de\/newsroom\/wp-json\/wp\/v2\/posts\/241\/revisions\/13031"}],"wp:attachment":[{"href":"https:\/\/www.pr-neu.de\/newsroom\/wp-json\/wp\/v2\/media?parent=241"}],"wp:term":[{"taxonomy":"category","embeddable":true,"href":"https:\/\/www.pr-neu.de\/newsroom\/wp-json\/wp\/v2\/categories?post=241"},{"taxonomy":"post_tag","embeddable":true,"href":"https:\/\/www.pr-neu.de\/newsroom\/wp-json\/wp\/v2\/tags?post=241"}],"curies":[{"name":"wp","href":"https:\/\/api.w.org\/{rel}","templated":true}]}}