{"id":2372,"date":"2014-02-12T08:49:40","date_gmt":"2014-02-12T08:49:40","guid":{"rendered":"http:\/\/www.pr-nord.de\/newsroom\/?p=2372"},"modified":"2020-05-29T10:52:30","modified_gmt":"2020-05-29T08:52:30","slug":"dimmbares-glas-sommerlicher-waermeschutz-ohne-verschattung","status":"publish","type":"post","link":"https:\/\/www.pr-neu.de\/newsroom\/dimmbares-glas-sommerlicher-waermeschutz-ohne-verschattung\/","title":{"rendered":"Dimmbares Glas: Sommerlicher W\u00e4rmeschutz \u2013 ohne Verschattung"},"content":{"rendered":"<hr noshade=\"noshade\" size=\"1\" \/>\n<p><img loading=\"lazy\" decoding=\"async\" title=\"Doc\" src=\"http:\/\/www.pr-neu.de\/newsroom\/wordpress\/wp-content\/uploads\/2010\/12\/Doc.png\" alt=\"\" width=\"19\" height=\"20\" \/>Die Meldung steht f\u00fcr Sie auch als Textdokument zum <a href=\"http:\/\/www.pr-neu.de\/newsroom\/wordpress\/wp-content\/uploads\/2013\/11\/13-07_BurgStoermede.doc\">Download<\/a> bereit.<\/p>\n<hr noshade=\"noshade\" size=\"1\" \/>\n<p><span style=\"text-decoration: underline;\">EControl-Glas: fensterbau\/frontale, Halle 7A\/101<\/span><\/p>\n<p>EnEV 2104 ohne Verschattung \u2013 dimmbares Glas statt Jalousien oder Rolll\u00e4den \/ ECONTROL 55\/12 f\u00fcr sommerlichen W\u00e4rmeschutz<\/p>\n<p><strong>Gestylte Glasfassaden pr\u00e4gen international die Stadtbilder: Sie erzeugen transparente Leichtigkeit, lassen viel Licht in den Raum und schaffen \u00fcber Sonnen- und W\u00e4rmeschutzbeschichtungen ein ganzj\u00e4hrig angenehmes Raumklima. Durch die EnEV 2014 wird in Deutschland unter anderem der sommerliche W\u00e4rmeschutz versch\u00e4rft \u2013 normalerweise kommt man an mechanischen Verschattungsanlagen wie Rolll\u00e4den oder Jalousien nicht vorbei. Eine intelligente Alternative ist dimmbares Sonnenschutzglas, denn es macht Verschattungsanlagen \u00fcberfl\u00fcssig. Die Plauener Spezialisten von EControl-Glas zeigen die neueste Produktgeneration des dimmbaren Sonnenschutzglases ECONTROL vom 26. bis 29. M\u00e4rz auf der fensterbau\/frontale (N\u00fcrnberg) in Halle 7A, Stand 101.<\/strong><\/p>\n<p>EControl-Glas investierte in den letzten f\u00fcnf Jahren rund 14 Millionen Euro in den neuen Standort in Plauen und in die Weiterentwicklung von ECONTROL, mit dem Planer und Architekten die neuen EnEV-Forderungen ohne Verschattung erf\u00fcllen. Als Zweifach-Isolierglas kann der g-Wert zwischen 12 und 40 Prozent individuell eingestellt werden. Im Dreifach-Aufbau blockt das Glas maximal sogar mehr als 90 Prozent der Sonnenenergie. Weitere Vorteile: Die Fassaden-Architektur bleibt durch den Wegfall von Verschattungsanlagen gewahrt, jederzeit freie Sicht nach Drau\u00dfen und trotzdem guter Blendschutz, geringere Klimatisierungskosten und auch die Kosten f\u00fcr die Wartung von Verschattungsanlagen entfallen. \u201eDimmbares Sonnenschutzglas trifft den Nerv der Zeit, erf\u00fcllt die hohen Anforderungen der EnEV 2014 und liefert exzellenten sommerlichen W\u00e4rmeschutz, ohne st\u00f6rende Verschattung\u201c, erl\u00e4utert EControl-Glas Entwicklungschef Dr. Dirk J\u00f6dicke.<\/p>\n<p>Der gr\u00f6\u00dfte Vorteil von ECONTROL ist aber die Flexibilit\u00e4t: Der Nutzer muss nicht ganzj\u00e4hrig hinter Standard-Sonnenschutzglas sitzen, sondern kann die strahlungstechnischen Werte der Verglasung stets exakt an seine Bed\u00fcrfnisse und die Wetterlage anpassen. Bei starker sommerlicher Einstrahlung sind die R\u00e4ume auf der st\u00e4rksten \u201eDimmstufe\u201c hervorragend gegen das Aufheizen gesch\u00fctzt, an dunkleren Tagen kommt, mit hell geschaltetem Glas, viel Tageslicht in die R\u00e4ume. Die moderne Touch-Panel-Steuerung \u201eEC Comfort\u201c dimmt die Verglasung \u00fcber Au\u00dfensensoren (Temperatur, Regen, Sonneneinstrahlung) auf Wunsch auch automatisch. Eingebunden in die Geb\u00e4udeleittechnik lassen sich so ganze Glasfassaden steuern.<\/p>\n<p>Weitere Informationen unter <a title=\"www.econtrol-glas.de\" href=\"www.econtrol-glas.de\">www.econtrol-glas.de<\/a> oder <a title=\"www.facebook.com\/econtrol.glas\" href=\"www.facebook.com\/econtrol.glas\">www.facebook.com\/econtrol.glas<\/a>.<\/p>\n<hr noshade=\"noshade\" size=\"1\" \/>\n<table style=\"height: 253px;\" border=\"0\" width=\"692\" cellspacing=\"0\" cellpadding=\"0\">\n<tbody>\n<tr>\n<td valign=\"top\" width=\"370\" height=\"200\"><a href=\"http:\/\/www.pr-neu.de\/newsroom\/wordpress\/wp-content\/uploads\/2014\/02\/14-01_Fassade_K.jpg\"><img loading=\"lazy\" decoding=\"async\" class=\"aligncenter size-medium wp-image-13441\" src=\"http:\/\/www.pr-neu.de\/newsroom\/wordpress\/wp-content\/uploads\/2014\/02\/14-01_Fassade_K-300x202.jpg\" alt=\"\" width=\"300\" height=\"202\" srcset=\"https:\/\/www.pr-neu.de\/newsroom\/wordpress\/wp-content\/uploads\/2014\/02\/14-01_Fassade_K-300x202.jpg 300w, https:\/\/www.pr-neu.de\/newsroom\/wordpress\/wp-content\/uploads\/2014\/02\/14-01_Fassade_K-110x74.jpg 110w, https:\/\/www.pr-neu.de\/newsroom\/wordpress\/wp-content\/uploads\/2014\/02\/14-01_Fassade_K.jpg 360w\" sizes=\"auto, (max-width: 300px) 100vw, 300px\" \/><\/a><\/td>\n<td valign=\"top\" height=\"200\">Die EnEV 2014 kommt und in vielen Fassaden werden durch versch\u00e4rfte Auflagen an den sommerlichen W\u00e4rmeschutz Verschattungsanlagen notwendig. Die intelligente Alternative ist dimmbares Sonnenschutzglas von EControl \u2013 es macht Rolll\u00e4den und Jalousien \u00fcberfl\u00fcssig.<\/p>\n<p>Foto: EControl-Glas<\/td>\n<\/tr>\n<\/tbody>\n<\/table>\n<hr noshade=\"noshade\" size=\"1\" \/>\n<p>Abdruck honorarfrei, Belegexemplar erbeten<\/p>\n<p><strong>R\u00fcckfragen beantwortet gern<\/strong><\/p>\n<table width=\"532\">\n<tbody>\n<tr>\n<td valign=\"top\" width=\"260\" height=\"25\"><strong>EControl-Glas<\/strong> GmbH &amp; Co. KG<br \/>\nNadine Witt<br \/>\nTel.: +49(0)3741\/14820-116<br \/>\nFax: +49(0)3741\/14820-150<br \/>\nE-Mail: <a href=\"&#x6d;a&#x69;&#108;&#x74;&#111;:&#x70;&#114;&#x65;&#115;s&#x65;&#64;&#x65;&#99;o&#x6e;t&#x72;&#111;&#x6c;&#x2d;g&#x6c;&#97;&#x73;&#46;d&#x65;\">&#x70;&#x72;&#101;s&#x73;&#x65;&#64;ec&#x6f;&#x6e;&#116;r&#x6f;&#x6c;&#45;&#103;l&#x61;&#x73;&#46;d&#x65;<\/a><\/td>\n<td colspan=\"3\" valign=\"top\" width=\"260\" height=\"21\"><\/td>\n<\/tr>\n<\/tbody>\n<\/table>\n","protected":false},"excerpt":{"rendered":"<p>Die Meldung steht f\u00fcr Sie auch als Textdokument zum Download bereit. EControl-Glas: fensterbau\/frontale, Halle 7A\/101 EnEV 2104 ohne Verschattung \u2013 dimmbares Glas statt Jalousien oder Rolll\u00e4den \/ ECONTROL 55\/12 f\u00fcr sommerlichen W\u00e4rmeschutz Gestylte Glasfassaden pr\u00e4gen international die Stadtbilder: Sie erzeugen transparente Leichtigkeit, lassen viel Licht in den Raum und schaffen \u00fcber Sonnen- und W\u00e4rmeschutzbeschichtungen ein [&hellip;]<\/p>\n","protected":false},"author":6,"featured_media":7784,"comment_status":"closed","ping_status":"open","sticky":false,"template":"","format":"standard","meta":{"footnotes":""},"categories":[25,3],"tags":[],"class_list":["post-2372","post","type-post","status-publish","format-standard","has-post-thumbnail","hentry","category-econtrol","category-kundenmeldungen"],"_links":{"self":[{"href":"https:\/\/www.pr-neu.de\/newsroom\/wp-json\/wp\/v2\/posts\/2372","targetHints":{"allow":["GET"]}}],"collection":[{"href":"https:\/\/www.pr-neu.de\/newsroom\/wp-json\/wp\/v2\/posts"}],"about":[{"href":"https:\/\/www.pr-neu.de\/newsroom\/wp-json\/wp\/v2\/types\/post"}],"author":[{"embeddable":true,"href":"https:\/\/www.pr-neu.de\/newsroom\/wp-json\/wp\/v2\/users\/6"}],"replies":[{"embeddable":true,"href":"https:\/\/www.pr-neu.de\/newsroom\/wp-json\/wp\/v2\/comments?post=2372"}],"version-history":[{"count":3,"href":"https:\/\/www.pr-neu.de\/newsroom\/wp-json\/wp\/v2\/posts\/2372\/revisions"}],"predecessor-version":[{"id":13442,"href":"https:\/\/www.pr-neu.de\/newsroom\/wp-json\/wp\/v2\/posts\/2372\/revisions\/13442"}],"wp:featuredmedia":[{"embeddable":true,"href":"https:\/\/www.pr-neu.de\/newsroom\/wp-json\/wp\/v2\/media\/7784"}],"wp:attachment":[{"href":"https:\/\/www.pr-neu.de\/newsroom\/wp-json\/wp\/v2\/media?parent=2372"}],"wp:term":[{"taxonomy":"category","embeddable":true,"href":"https:\/\/www.pr-neu.de\/newsroom\/wp-json\/wp\/v2\/categories?post=2372"},{"taxonomy":"post_tag","embeddable":true,"href":"https:\/\/www.pr-neu.de\/newsroom\/wp-json\/wp\/v2\/tags?post=2372"}],"curies":[{"name":"wp","href":"https:\/\/api.w.org\/{rel}","templated":true}]}}