{"id":236,"date":"2010-08-18T09:46:59","date_gmt":"2010-08-18T07:46:59","guid":{"rendered":"http:\/\/www.pr-nord.de\/newsroom\/?p=236"},"modified":"2020-05-28T16:17:35","modified_gmt":"2020-05-28T14:17:35","slug":"das-virtuelle-industrietor-einfach-schnell-und-online-eingebaut","status":"publish","type":"post","link":"https:\/\/www.pr-neu.de\/newsroom\/das-virtuelle-industrietor-einfach-schnell-und-online-eingebaut\/","title":{"rendered":"Das virtuelle Industrietor einfach, schnell und online eingebaut"},"content":{"rendered":"<p>Fehlerfrei planen und sofort wissen, wie es aussieht \u2013 f\u00fcr den Einbau von Industrie-Sectionaltoren ist das jetzt mit einer neuen Web-Applikation m\u00f6glich. Unter <a href=\"www.industrietor-konfigurator.de\" target=\"_blank\" rel=\"noopener noreferrer\">www.industrietor-konfigurator.de<\/a> k\u00f6nnen Oberfl\u00e4chen und Farbt\u00f6ne ausgew\u00e4hlt, Tore mit Verglasung und Schlupft\u00fcr ausgestattet und die Dachneigung ber\u00fccksichtigt werden. Die unterschiedlichen Tor-Typen passen sich mit den verschiedenen Ausstattungsvarianten der individuellen Wahl an.<\/p>\n","protected":false},"excerpt":{"rendered":"<p>Fehlerfrei planen und sofort wissen, wie es aussieht \u2013 f\u00fcr den Einbau von Industrie-Sectionaltoren ist das jetzt mit einer neuen Web-Applikation m\u00f6glich. Unter www.industrietor-konfigurator.de k\u00f6nnen Oberfl\u00e4chen und Farbt\u00f6ne ausgew\u00e4hlt, Tore mit Verglasung und Schlupft\u00fcr ausgestattet und die Dachneigung ber\u00fccksichtigt werden. Die unterschiedlichen Tor-Typen passen sich mit den verschiedenen Ausstattungsvarianten der individuellen Wahl an.<\/p>\n","protected":false},"author":6,"featured_media":0,"comment_status":"closed","ping_status":"open","sticky":false,"template":"","format":"standard","meta":{"footnotes":""},"categories":[3,18],"tags":[],"class_list":["post-236","post","type-post","status-publish","format-standard","hentry","category-kundenmeldungen","category-teckentrup"],"_links":{"self":[{"href":"https:\/\/www.pr-neu.de\/newsroom\/wp-json\/wp\/v2\/posts\/236","targetHints":{"allow":["GET"]}}],"collection":[{"href":"https:\/\/www.pr-neu.de\/newsroom\/wp-json\/wp\/v2\/posts"}],"about":[{"href":"https:\/\/www.pr-neu.de\/newsroom\/wp-json\/wp\/v2\/types\/post"}],"author":[{"embeddable":true,"href":"https:\/\/www.pr-neu.de\/newsroom\/wp-json\/wp\/v2\/users\/6"}],"replies":[{"embeddable":true,"href":"https:\/\/www.pr-neu.de\/newsroom\/wp-json\/wp\/v2\/comments?post=236"}],"version-history":[{"count":3,"href":"https:\/\/www.pr-neu.de\/newsroom\/wp-json\/wp\/v2\/posts\/236\/revisions"}],"predecessor-version":[{"id":13032,"href":"https:\/\/www.pr-neu.de\/newsroom\/wp-json\/wp\/v2\/posts\/236\/revisions\/13032"}],"wp:attachment":[{"href":"https:\/\/www.pr-neu.de\/newsroom\/wp-json\/wp\/v2\/media?parent=236"}],"wp:term":[{"taxonomy":"category","embeddable":true,"href":"https:\/\/www.pr-neu.de\/newsroom\/wp-json\/wp\/v2\/categories?post=236"},{"taxonomy":"post_tag","embeddable":true,"href":"https:\/\/www.pr-neu.de\/newsroom\/wp-json\/wp\/v2\/tags?post=236"}],"curies":[{"name":"wp","href":"https:\/\/api.w.org\/{rel}","templated":true}]}}