{"id":2352,"date":"2014-02-07T13:16:46","date_gmt":"2014-02-07T13:16:46","guid":{"rendered":"http:\/\/www.pr-nord.de\/newsroom\/?p=2352"},"modified":"2020-05-29T10:54:24","modified_gmt":"2020-05-29T08:54:24","slug":"neues-handwerker-angebot-sanieren-finanzieren","status":"publish","type":"post","link":"https:\/\/www.pr-neu.de\/newsroom\/neues-handwerker-angebot-sanieren-finanzieren\/","title":{"rendered":"Neues Handwerker-Angebot: Sanieren + Finanzieren"},"content":{"rendered":"<table border=\"0\" width=\"520\" cellspacing=\"0\" cellpadding=\"0\">\n<tbody>\n<tr>\n<td><span style=\"text-decoration: underline;\">Gut beraten: StoF\u00f6rderplanplus liefert <\/span> <span style=\"text-decoration: underline;\">ma\u00dfgeschneiderte F\u00f6rderempfehlungen f\u00fcr Bauherren<\/span><\/p>\n<p><strong>Neues Handwerker-Angebot: Sanieren + Finanzieren<\/strong><\/p>\n<p><strong>Jetzt beginnt wieder die Zeit f\u00fcr Au\u00dfen-Arbeiten am Haus. Bei vielen Eigenheimen wird das eine Fassadensanierung sein: Sie wertet das Haus optisch auf und f\u00fchrt vor allem bei bislang unged\u00e4mmten Geb\u00e4uden zu hoher Energieersparnis und verbessertem Wohnklima. Doch sie ist meist auch mit einer hohen Investition verbunden. Weitsichtige Handwerker bieten daher neben der baufachlichen Beratung auch Hilfe bei der Suche nach dem optimalen F\u00f6rdermittel-Mix an. Mit StoF\u00f6rderplanplus erh\u00e4lt der Bauherr gleich die kompletten, f\u00fcr sein Haus ma\u00dfgeschneiderten Antr\u00e4ge f\u00fcr \u00f6ffentliche F\u00f6rdergelder.<\/strong><\/p>\n<p>Derzeit sind die Rahmenbedingungen zum Sanieren besonders gut. Kredite sind g\u00fcnstig und einfach zu bekommen, F\u00f6rderangebote gibt es in H\u00fclle und F\u00fclle. \u00dcber die KfW gibt es zum Beispiel Darlehen mit Zinsen unter zwei Prozent, zum Teil sogar mit Teilschuldenerlass. Bei mehr als 6.000 Programmen von Bund, L\u00e4ndern und Kommunen ist allerdings ohne genaue Kenntnisse kaum m\u00f6glich, diese Angebote optimal zu nutzen. Erfahrene Maler und Stuckateure kennen heute aber Wege, ihre Kunden auch auf diesem Feld zu beraten. Ein besonders weitreichend konzipiertes Programm ist StoF\u00f6rderplanplus. Es stellt die F\u00f6rdermittel bestm\u00f6glich und individuell zusammen \u2013 und liefert die Antr\u00e4ge gleich dazu. So geht\u2019s: Hausbesitzer und Fachhandwerker f\u00fcllen gemeinsam einen \u201eObjektaufnahmebogen\u201c aus und senden diesen an StoF\u00f6rderplanplus. Binnen f\u00fcnf Arbeitstagen erh\u00e4lt der Bauherr eine professionell zusammen gestellte Mappe mit individueller F\u00f6rdermittelberatung. Er braucht die bereits vollst\u00e4ndig vorbereiteten Antr\u00e4ge nur noch zu unterschreiben und abzusenden. So sichert er sich die optimale staatliche Unterst\u00fctzung. Mehr Infos: www.stofoerderplanplus.de.<\/p>\n<hr noshade=\"noshade\" size=\"1\" \/>\n<table border=\"0\" width=\"520\" cellspacing=\"0\" cellpadding=\"0\">\n<tbody>\n<tr>\n<td valign=\"top\" width=\"370\" height=\"25\"><a href=\"http:\/\/www.pr-neu.de\/newsroom\/wordpress\/wp-content\/uploads\/2014\/02\/14-02-FPP_K.jpg\"><img loading=\"lazy\" decoding=\"async\" class=\"size-medium wp-image-13449\" src=\"http:\/\/www.pr-neu.de\/newsroom\/wordpress\/wp-content\/uploads\/2014\/02\/14-02-FPP_K-300x202.jpg\" alt=\"\" width=\"300\" height=\"202\" srcset=\"https:\/\/www.pr-neu.de\/newsroom\/wordpress\/wp-content\/uploads\/2014\/02\/14-02-FPP_K-300x202.jpg 300w, https:\/\/www.pr-neu.de\/newsroom\/wordpress\/wp-content\/uploads\/2014\/02\/14-02-FPP_K-110x74.jpg 110w, https:\/\/www.pr-neu.de\/newsroom\/wordpress\/wp-content\/uploads\/2014\/02\/14-02-FPP_K.jpg 360w\" sizes=\"auto, (max-width: 300px) 100vw, 300px\" \/><\/a><\/td>\n<td colspan=\"3\" height=\"21\">Mit dem richtigen Handwerker und StoF\u00f6rderplanplus bekommen Bauherren jetzt Durchblick im F\u00f6rdermittel-Dschungel.Bild: Sto AG<\/td>\n<\/tr>\n<\/tbody>\n<\/table>\n<table border=\"0\" width=\"520\" cellspacing=\"0\" cellpadding=\"0\">\n<tbody>\n<tr>\n<td valign=\"top\" width=\"370\" height=\"25\"><a href=\"http:\/\/www.pr-neu.de\/newsroom\/wordpress\/wp-content\/uploads\/2014\/02\/14-02-Startseite_K.jpg\"><img loading=\"lazy\" decoding=\"async\" class=\"aligncenter size-medium wp-image-13448\" src=\"http:\/\/www.pr-neu.de\/newsroom\/wordpress\/wp-content\/uploads\/2014\/02\/14-02-Startseite_K-300x220.jpg\" alt=\"\" width=\"300\" height=\"220\" srcset=\"https:\/\/www.pr-neu.de\/newsroom\/wordpress\/wp-content\/uploads\/2014\/02\/14-02-Startseite_K-300x220.jpg 300w, https:\/\/www.pr-neu.de\/newsroom\/wordpress\/wp-content\/uploads\/2014\/02\/14-02-Startseite_K-110x81.jpg 110w, https:\/\/www.pr-neu.de\/newsroom\/wordpress\/wp-content\/uploads\/2014\/02\/14-02-Startseite_K.jpg 360w\" sizes=\"auto, (max-width: 300px) 100vw, 300px\" \/><\/a><\/td>\n<td colspan=\"3\" height=\"21\">Startseite \u201ewww.stofoerderplanplus.de\u201cBild: Sto AG<\/td>\n<\/tr>\n<\/tbody>\n<\/table>\n<hr noshade=\"noshade\" size=\"1\" \/>\n<p>Abdruck honorarfrei, Belegexemplar erbeten<\/td>\n<\/tr>\n<tr>\n<td><\/td>\n<\/tr>\n<\/tbody>\n<\/table>\n","protected":false},"excerpt":{"rendered":"<p>Gut beraten: StoF\u00f6rderplanplus liefert ma\u00dfgeschneiderte F\u00f6rderempfehlungen f\u00fcr Bauherren Neues Handwerker-Angebot: Sanieren + Finanzieren Jetzt beginnt wieder die Zeit f\u00fcr Au\u00dfen-Arbeiten am Haus. Bei vielen Eigenheimen wird das eine Fassadensanierung sein: Sie wertet das Haus optisch auf und f\u00fchrt vor allem bei bislang unged\u00e4mmten Geb\u00e4uden zu hoher Energieersparnis und verbessertem Wohnklima. Doch sie ist meist auch [&hellip;]<\/p>\n","protected":false},"author":6,"featured_media":0,"comment_status":"closed","ping_status":"open","sticky":false,"template":"","format":"standard","meta":{"footnotes":""},"categories":[3,15],"tags":[],"class_list":["post-2352","post","type-post","status-publish","format-standard","hentry","category-kundenmeldungen","category-sto"],"_links":{"self":[{"href":"https:\/\/www.pr-neu.de\/newsroom\/wp-json\/wp\/v2\/posts\/2352","targetHints":{"allow":["GET"]}}],"collection":[{"href":"https:\/\/www.pr-neu.de\/newsroom\/wp-json\/wp\/v2\/posts"}],"about":[{"href":"https:\/\/www.pr-neu.de\/newsroom\/wp-json\/wp\/v2\/types\/post"}],"author":[{"embeddable":true,"href":"https:\/\/www.pr-neu.de\/newsroom\/wp-json\/wp\/v2\/users\/6"}],"replies":[{"embeddable":true,"href":"https:\/\/www.pr-neu.de\/newsroom\/wp-json\/wp\/v2\/comments?post=2352"}],"version-history":[{"count":4,"href":"https:\/\/www.pr-neu.de\/newsroom\/wp-json\/wp\/v2\/posts\/2352\/revisions"}],"predecessor-version":[{"id":13452,"href":"https:\/\/www.pr-neu.de\/newsroom\/wp-json\/wp\/v2\/posts\/2352\/revisions\/13452"}],"wp:attachment":[{"href":"https:\/\/www.pr-neu.de\/newsroom\/wp-json\/wp\/v2\/media?parent=2352"}],"wp:term":[{"taxonomy":"category","embeddable":true,"href":"https:\/\/www.pr-neu.de\/newsroom\/wp-json\/wp\/v2\/categories?post=2352"},{"taxonomy":"post_tag","embeddable":true,"href":"https:\/\/www.pr-neu.de\/newsroom\/wp-json\/wp\/v2\/tags?post=2352"}],"curies":[{"name":"wp","href":"https:\/\/api.w.org\/{rel}","templated":true}]}}