{"id":2292,"date":"2013-12-12T13:45:20","date_gmt":"2013-12-12T13:45:20","guid":{"rendered":"http:\/\/www.pr-nord.de\/newsroom\/?p=2292"},"modified":"2020-05-29T10:55:43","modified_gmt":"2020-05-29T08:55:43","slug":"instandsetzung-auf-sieben-parkebenen","status":"publish","type":"post","link":"https:\/\/www.pr-neu.de\/newsroom\/instandsetzung-auf-sieben-parkebenen\/","title":{"rendered":"Instandsetzung auf sieben Parkebenen"},"content":{"rendered":"<table border=\"0\" width=\"520\" cellspacing=\"0\" cellpadding=\"0\">\n<tbody>\n<tr>\n<td width=\"520\"><span style=\"text-decoration: underline;\"> Sanierung Parkhaus-West in \u00dcberlingen<\/span><\/p>\n<p><strong>I<\/strong><strong>nstandsetzung auf sieben Parkebenen<\/strong><\/p>\n<p><strong>Nur 14 Jahre nach dem Bau des Parkhauses in \u00dcberlingen musste der jetzt Boden komplett saniert werden. Abwasser, im Winter gemischt mit Tausalz, konnte nicht abflie\u00dfen und setzte dem Stahlbeton schwer zu. Rund 8.000 Quadratmeter schadhafter Boden wurde in nur sechs Monaten instand gesetzt. Dabei entschied sich das Bau-Unternehmen Geiger f\u00fcr Spezialprodukte von StoCretec.<\/strong><\/p>\n<p>Das Parkhaus West in \u00dcberlingen, 1999 in Stahlbetonbauweise gebaut, bietet 290 Parkpl\u00e4tze auf sieben Ebenen. J\u00e4hrlich nutzen es 250.000 bis 300.000 Autofahrer. Obwohl das Parkhaus noch vergleichsweise jung ist, war jetzt eine umfangreiche Instandsetzung erforderlich.<\/p>\n<p>Das Parkhaus hatte weder Gef\u00e4lle noch Abl\u00e4ufe, es fehlten also Abflussm\u00f6glichkeiten. Man ging davon aus, das eingefahrene Wasser w\u00fcrde verdunsten. Bei starkem Wasseranfall im Winter bildeten sich jedoch tiefe und ausufernde Pf\u00fctzen. Das Gemisch aus Tausalz und Wasser sch\u00e4digte den Parkdeckboden zunehmend, so das die Sanierung unumg\u00e4nglich war.<\/p>\n<p>Zur Sanierung fr\u00e4ste das Team der Geiger Bauwerksanierung die alten, schadhaften Parkdeckfl\u00e4chen ab \u2013 etwa 8.000 Quadratmeter \u2013 und verarbeitete rund 1.200 Tonnen StoCrete TG 114 und StoCrete TG 118 als mineralischen Gef\u00e4llestrich. Das Salzwasser wird zuk\u00fcnftig in nachtr\u00e4glich eingebauten Edelstahlentw\u00e4sserungsrinnen gesammelt und \u00fcber die neu installierten Entw\u00e4sserungsleitungen abgef\u00fchrt. So flie\u00dft das Oberfl\u00e4chenwasser problemlos \u00fcber ein Gef\u00e4lle von 1,5 bis 2 Prozent in die Kanalisation.<\/p>\n<p>Auf das Gef\u00e4lle kam eine Dichtungsschicht nach ZTV-BEL B1 mit einer Schwei\u00dfbahn und Gussasphalt. Um das zus\u00e4tzliche Gewicht aus rund sieben Zentimetern Gef\u00e4lleestrich und f\u00fcnf Zentimetern Gussasphalt aufnehmen zu k\u00f6nnen, erhielten die Zwischendecken eine statische Verst\u00e4rkung mit dem Sto S&amp;P CFK-System \u2013 insgesamt rund 1,5 Kilometer Kohlefaser-Lamellen. Systeme dieser Art sparen durch einfaches Anbringen Montage-Zeit und sind sicher. Die Lamellen sind \u00e4u\u00dferst leicht und trotzdem extrem stabil. Sie haften durch den verwendeten EP Kleber StoPox SK 41.<\/p>\n<p>Von den sieben Etagen des Geb\u00e4udes liegen drei unterirdisch. Das Untergeschoss ist aufgrund der N\u00e4he zum Bodensee und der Baugrundsituation als Wei\u00dfe Wanne ausgebildet. Wegen des hohen Grundwasserspiegels an manchen Stellen wurde f\u00fcr das Untergeschoss eine dampfdiffusionsf\u00e4hige OS-8.5-Beschichtung gew\u00e4hlt. Hier dienten StoPox WG 100 als Grundierung und StoPox WL 100 als Deckversiegelung des Oberfl\u00e4chenschutzsystems.<\/p>\n<p>Die gesamte Bauzeit betrug ein halbes Jahr. Die Vollsperrung des Parkhauses beschr\u00e4nkte sich auf nur neun Wochen, in denen die Ein- und Ausfahrten indstand gesetzt wurden.<\/p>\n<hr noshade=\"noshade\" size=\"1\" \/>\n<table border=\"0\" width=\"520\" cellspacing=\"0\" cellpadding=\"0\">\n<tbody>\n<tr>\n<td valign=\"top\" width=\"370\" height=\"200\"><a href=\"http:\/\/www.pr-neu.de\/newsroom\/wordpress\/wp-content\/uploads\/2013\/12\/13-05-Parkhaus-Ueberlingen_1_G.jpg\"><img loading=\"lazy\" decoding=\"async\" class=\"size-medium wp-image-13454\" src=\"http:\/\/www.pr-neu.de\/newsroom\/wordpress\/wp-content\/uploads\/2013\/12\/13-05-Parkhaus-Ueberlingen_1_G-300x201.jpg\" alt=\"\" width=\"300\" height=\"201\" srcset=\"https:\/\/www.pr-neu.de\/newsroom\/wordpress\/wp-content\/uploads\/2013\/12\/13-05-Parkhaus-Ueberlingen_1_G-300x201.jpg 300w, https:\/\/www.pr-neu.de\/newsroom\/wordpress\/wp-content\/uploads\/2013\/12\/13-05-Parkhaus-Ueberlingen_1_G-1024x687.jpg 1024w, https:\/\/www.pr-neu.de\/newsroom\/wordpress\/wp-content\/uploads\/2013\/12\/13-05-Parkhaus-Ueberlingen_1_G-768x516.jpg 768w, https:\/\/www.pr-neu.de\/newsroom\/wordpress\/wp-content\/uploads\/2013\/12\/13-05-Parkhaus-Ueberlingen_1_G-1536x1031.jpg 1536w, https:\/\/www.pr-neu.de\/newsroom\/wordpress\/wp-content\/uploads\/2013\/12\/13-05-Parkhaus-Ueberlingen_1_G-110x74.jpg 110w, https:\/\/www.pr-neu.de\/newsroom\/wordpress\/wp-content\/uploads\/2013\/12\/13-05-Parkhaus-Ueberlingen_1_G-420x282.jpg 420w, https:\/\/www.pr-neu.de\/newsroom\/wordpress\/wp-content\/uploads\/2013\/12\/13-05-Parkhaus-Ueberlingen_1_G-641x430.jpg 641w, https:\/\/www.pr-neu.de\/newsroom\/wordpress\/wp-content\/uploads\/2013\/12\/13-05-Parkhaus-Ueberlingen_1_G.jpg 1795w\" sizes=\"auto, (max-width: 300px) 100vw, 300px\" \/><\/a><\/td>\n<td colspan=\"3\" height=\"200\">Der Boden nach der Instandsetzung: Sicher gesch\u00fctzt vor stehendem Wasser und Tausalz.Bild: StoCretec GmbH<\/td>\n<td valign=\"top\" width=\"12\" height=\"200\"><\/td>\n<\/tr>\n<tr>\n<td valign=\"top\" width=\"370\" height=\"200\"><a href=\"http:\/\/www.pr-neu.de\/newsroom\/wordpress\/wp-content\/uploads\/2013\/12\/13-05-Parkhaus-Ueberlingen_2_G.jpg\"><img loading=\"lazy\" decoding=\"async\" class=\"size-medium wp-image-13455\" src=\"http:\/\/www.pr-neu.de\/newsroom\/wordpress\/wp-content\/uploads\/2013\/12\/13-05-Parkhaus-Ueberlingen_2_G-300x201.jpg\" alt=\"\" width=\"300\" height=\"201\" srcset=\"https:\/\/www.pr-neu.de\/newsroom\/wordpress\/wp-content\/uploads\/2013\/12\/13-05-Parkhaus-Ueberlingen_2_G-300x201.jpg 300w, https:\/\/www.pr-neu.de\/newsroom\/wordpress\/wp-content\/uploads\/2013\/12\/13-05-Parkhaus-Ueberlingen_2_G-1024x687.jpg 1024w, https:\/\/www.pr-neu.de\/newsroom\/wordpress\/wp-content\/uploads\/2013\/12\/13-05-Parkhaus-Ueberlingen_2_G-768x516.jpg 768w, https:\/\/www.pr-neu.de\/newsroom\/wordpress\/wp-content\/uploads\/2013\/12\/13-05-Parkhaus-Ueberlingen_2_G-1536x1031.jpg 1536w, https:\/\/www.pr-neu.de\/newsroom\/wordpress\/wp-content\/uploads\/2013\/12\/13-05-Parkhaus-Ueberlingen_2_G-110x74.jpg 110w, https:\/\/www.pr-neu.de\/newsroom\/wordpress\/wp-content\/uploads\/2013\/12\/13-05-Parkhaus-Ueberlingen_2_G-420x282.jpg 420w, https:\/\/www.pr-neu.de\/newsroom\/wordpress\/wp-content\/uploads\/2013\/12\/13-05-Parkhaus-Ueberlingen_2_G-641x430.jpg 641w, https:\/\/www.pr-neu.de\/newsroom\/wordpress\/wp-content\/uploads\/2013\/12\/13-05-Parkhaus-Ueberlingen_2_G.jpg 1795w\" sizes=\"auto, (max-width: 300px) 100vw, 300px\" \/><\/a><\/td>\n<td colspan=\"3\" height=\"200\">Die farbigen Fl\u00e4chen sind f\u00fcr E-Autos reserviert. Sie bieten die M\u00f6glichkeit, den Akku w\u00e4hrend des Shoppens aufzuladen.Bild: StoCretec GmbH<\/td>\n<td valign=\"top\" width=\"12\" height=\"200\"><\/td>\n<\/tr>\n<tr>\n<td valign=\"top\" width=\"370\" height=\"200\"><a href=\"http:\/\/www.pr-neu.de\/newsroom\/wordpress\/wp-content\/uploads\/2013\/12\/13-05-Parkhaus-Ueberlingen_3_G.jpg\"><img loading=\"lazy\" decoding=\"async\" class=\"size-medium wp-image-13456\" src=\"http:\/\/www.pr-neu.de\/newsroom\/wordpress\/wp-content\/uploads\/2013\/12\/13-05-Parkhaus-Ueberlingen_3_G-300x201.jpg\" alt=\"\" width=\"300\" height=\"201\" srcset=\"https:\/\/www.pr-neu.de\/newsroom\/wordpress\/wp-content\/uploads\/2013\/12\/13-05-Parkhaus-Ueberlingen_3_G-300x201.jpg 300w, https:\/\/www.pr-neu.de\/newsroom\/wordpress\/wp-content\/uploads\/2013\/12\/13-05-Parkhaus-Ueberlingen_3_G-1024x687.jpg 1024w, https:\/\/www.pr-neu.de\/newsroom\/wordpress\/wp-content\/uploads\/2013\/12\/13-05-Parkhaus-Ueberlingen_3_G-768x516.jpg 768w, https:\/\/www.pr-neu.de\/newsroom\/wordpress\/wp-content\/uploads\/2013\/12\/13-05-Parkhaus-Ueberlingen_3_G-1536x1031.jpg 1536w, https:\/\/www.pr-neu.de\/newsroom\/wordpress\/wp-content\/uploads\/2013\/12\/13-05-Parkhaus-Ueberlingen_3_G-110x74.jpg 110w, https:\/\/www.pr-neu.de\/newsroom\/wordpress\/wp-content\/uploads\/2013\/12\/13-05-Parkhaus-Ueberlingen_3_G-420x282.jpg 420w, https:\/\/www.pr-neu.de\/newsroom\/wordpress\/wp-content\/uploads\/2013\/12\/13-05-Parkhaus-Ueberlingen_3_G-641x430.jpg 641w, https:\/\/www.pr-neu.de\/newsroom\/wordpress\/wp-content\/uploads\/2013\/12\/13-05-Parkhaus-Ueberlingen_3_G.jpg 1795w\" sizes=\"auto, (max-width: 300px) 100vw, 300px\" \/><\/a><\/td>\n<td colspan=\"3\" height=\"200\">Um das zus\u00e4tzliche Gewicht abzufangen, erhielt die Zwischendecke eine statische Tragwerksverst\u00e4rkung mit Kohlefaser-Lamellen (Sto S&amp;P CFK-Lamellensystem).<br \/>\nBild: StoCretec GmbH<\/td>\n<td valign=\"top\" width=\"12\" height=\"200\"><\/td>\n<\/tr>\n<tr>\n<td valign=\"top\" width=\"370\" height=\"200\"><a href=\"http:\/\/www.pr-neu.de\/newsroom\/wordpress\/wp-content\/uploads\/2013\/12\/13-05-Parkhaus-Ueberlingen_4_G.jpg\"><img loading=\"lazy\" decoding=\"async\" class=\"size-medium wp-image-13457\" src=\"http:\/\/www.pr-neu.de\/newsroom\/wordpress\/wp-content\/uploads\/2013\/12\/13-05-Parkhaus-Ueberlingen_4_G-300x234.jpg\" alt=\"\" width=\"300\" height=\"234\" srcset=\"https:\/\/www.pr-neu.de\/newsroom\/wordpress\/wp-content\/uploads\/2013\/12\/13-05-Parkhaus-Ueberlingen_4_G-300x234.jpg 300w, https:\/\/www.pr-neu.de\/newsroom\/wordpress\/wp-content\/uploads\/2013\/12\/13-05-Parkhaus-Ueberlingen_4_G-1024x799.jpg 1024w, https:\/\/www.pr-neu.de\/newsroom\/wordpress\/wp-content\/uploads\/2013\/12\/13-05-Parkhaus-Ueberlingen_4_G-768x599.jpg 768w, https:\/\/www.pr-neu.de\/newsroom\/wordpress\/wp-content\/uploads\/2013\/12\/13-05-Parkhaus-Ueberlingen_4_G-1536x1198.jpg 1536w, https:\/\/www.pr-neu.de\/newsroom\/wordpress\/wp-content\/uploads\/2013\/12\/13-05-Parkhaus-Ueberlingen_4_G-110x86.jpg 110w, https:\/\/www.pr-neu.de\/newsroom\/wordpress\/wp-content\/uploads\/2013\/12\/13-05-Parkhaus-Ueberlingen_4_G-420x328.jpg 420w, https:\/\/www.pr-neu.de\/newsroom\/wordpress\/wp-content\/uploads\/2013\/12\/13-05-Parkhaus-Ueberlingen_4_G-551x430.jpg 551w, https:\/\/www.pr-neu.de\/newsroom\/wordpress\/wp-content\/uploads\/2013\/12\/13-05-Parkhaus-Ueberlingen_4_G.jpg 1795w\" sizes=\"auto, (max-width: 300px) 100vw, 300px\" \/><\/a><\/td>\n<td colspan=\"3\" height=\"200\">Auch w\u00e4hrend der Instandsetzung blieb das hoch frequentierte Parkhaus West in \u00dcberlingen ge\u00f6ffnet.<br \/>\nBild: StoCretec GmbH<\/td>\n<td valign=\"top\" width=\"12\" height=\"200\"><\/td>\n<\/tr>\n<\/tbody>\n<\/table>\n<hr noshade=\"noshade\" size=\"1\" \/>\n<p>Abdruck honorarfrei, Belegexemplar erbeten<\/td>\n<\/tr>\n<\/tbody>\n<\/table>\n<table border=\"0\" width=\"95{ab9cb22b1639c68dfef7c1751c9d63405358944ce3964465eb35eb6b5b6beaaa}\">\n<tbody>\n<tr>\n<td><!-- AddThis Button BEGIN --><\/td>\n<\/tr>\n<\/tbody>\n<\/table>\n","protected":false},"excerpt":{"rendered":"<p>Sanierung Parkhaus-West in \u00dcberlingen Instandsetzung auf sieben Parkebenen Nur 14 Jahre nach dem Bau des Parkhauses in \u00dcberlingen musste der jetzt Boden komplett saniert werden. Abwasser, im Winter gemischt mit Tausalz, konnte nicht abflie\u00dfen und setzte dem Stahlbeton schwer zu. Rund 8.000 Quadratmeter schadhafter Boden wurde in nur sechs Monaten instand gesetzt. Dabei entschied sich [&hellip;]<\/p>\n","protected":false},"author":6,"featured_media":0,"comment_status":"closed","ping_status":"open","sticky":false,"template":"","format":"standard","meta":{"footnotes":""},"categories":[3,16],"tags":[],"class_list":["post-2292","post","type-post","status-publish","format-standard","hentry","category-kundenmeldungen","category-stocretec"],"_links":{"self":[{"href":"https:\/\/www.pr-neu.de\/newsroom\/wp-json\/wp\/v2\/posts\/2292","targetHints":{"allow":["GET"]}}],"collection":[{"href":"https:\/\/www.pr-neu.de\/newsroom\/wp-json\/wp\/v2\/posts"}],"about":[{"href":"https:\/\/www.pr-neu.de\/newsroom\/wp-json\/wp\/v2\/types\/post"}],"author":[{"embeddable":true,"href":"https:\/\/www.pr-neu.de\/newsroom\/wp-json\/wp\/v2\/users\/6"}],"replies":[{"embeddable":true,"href":"https:\/\/www.pr-neu.de\/newsroom\/wp-json\/wp\/v2\/comments?post=2292"}],"version-history":[{"count":4,"href":"https:\/\/www.pr-neu.de\/newsroom\/wp-json\/wp\/v2\/posts\/2292\/revisions"}],"predecessor-version":[{"id":13458,"href":"https:\/\/www.pr-neu.de\/newsroom\/wp-json\/wp\/v2\/posts\/2292\/revisions\/13458"}],"wp:attachment":[{"href":"https:\/\/www.pr-neu.de\/newsroom\/wp-json\/wp\/v2\/media?parent=2292"}],"wp:term":[{"taxonomy":"category","embeddable":true,"href":"https:\/\/www.pr-neu.de\/newsroom\/wp-json\/wp\/v2\/categories?post=2292"},{"taxonomy":"post_tag","embeddable":true,"href":"https:\/\/www.pr-neu.de\/newsroom\/wp-json\/wp\/v2\/tags?post=2292"}],"curies":[{"name":"wp","href":"https:\/\/api.w.org\/{rel}","templated":true}]}}