{"id":22,"date":"2010-04-30T15:40:43","date_gmt":"2010-04-30T13:40:43","guid":{"rendered":"http:\/\/www.pr-nord.de\/sm-newsroom\/wordpress\/?p=22"},"modified":"2020-05-28T16:04:00","modified_gmt":"2020-05-28T14:04:00","slug":"schaltbares-sonnenschutzglas-fur-den-klimaschutz","status":"publish","type":"post","link":"https:\/\/www.pr-neu.de\/newsroom\/schaltbares-sonnenschutzglas-fur-den-klimaschutz\/","title":{"rendered":"Schaltbares Sonnenschutzglas f\u00fcr den Klimaschutz"},"content":{"rendered":"<p><u>EControl-Glas auf der bautec 2010<\/u><\/p>\n<p>EControl-Glas pr\u00e4sentierte seine L\u00f6sungen f\u00fcr energieeffizientes Bauen und Wohnen<\/p>\n<p><strong>Das schaltbare Sonnenschutzglas EControl verbindet Funktionalit\u00e4t und Design. Vielseitig einsetzbar in B\u00fcrogeb\u00e4uden, Privathaushalten, Atrien und Winterg\u00e4rten \u2013 EControl Sonnenschutzglas l\u00e4sst sich problemlos in handels\u00fcbliche Rahmenprofile oder als \u00dcberkopfverglasung verbauen. Per Knopfdruck \u2013 oder voll automatisch \u2013 wird die Licht- und Energiedurchl\u00e4ssigkeit reguliert: Die Scheibe l\u00e4sst sich in f\u00fcnf Stufen abdunkeln, dadurch dringt weniger Sonnenw\u00e4rme und -licht in den Raum. Das ist Sonnenschutz der eleganten Art und die Sicht nach drau\u00dfen bleibt frei. Mit einer hochwertigen W\u00e4rmeschutzbeschichtung sch\u00fctzt das Glas im Winter vor W\u00e4rmeverlusten\u201c, erkl\u00e4rt Manfred Dittmar, EControl-Glas Gesellschafter und Vertriebsleiter. Auf der bautec 2010 stellte das Unternehmen verschiedene Aufbauvarianten vor. Jan M\u00fccke, Parlamentarischer Staatssekret\u00e4r im Bundesministerium f\u00fcr Verkehr, Bau und Stadtentwicklung (BMVBS), Dipl.-Ing Hans-Dieter Hegner, Baudirektor (BMVBS), G\u00fcnther Hoffmann, Leiter der Abteilung Bauwesen, Bauwirtschaft, Bundesbauten (BMVBS) und Dr. Christian G\u00f6ke, Gesch\u00e4ftsf\u00fchrer der Messe Berlin lie\u00dfen sich auf ihrem Er\u00f6ffnungsrundgang EControl Sonnenschutzglas von Manfred Dittmar am Messestand erl\u00e4utern.<\/strong><\/p>\n<p>Das schaltbare Sonnenschutzglas besteht aus einer elektrochromen Verbundglasscheibe mit einer\u00a0 dazwischenliegenden nanostrukturierten Beschichtung. Ein geringer elektrischer Impuls sorgt daf\u00fcr, dass sich das Glas verf\u00e4rbt \u2013 der sogenannte \u201eelektrochrome Effekt\u201c. Strom flie\u00dft also nur, um den Zustand zu \u00e4ndern. Um flexibel auch den Einfluss der Sonneneinstrahlung regulieren zu k\u00f6nnen, stehen bei manueller Schaltung f\u00fcnf Verdunklungsstufen zur Wahl. Entwicklungsarbeiten zum schaltbaren Sonnschutzglas wurden vom BMWi (FKZ: 0327233J) gef\u00f6rdert.<\/p>\n<p><strong>Vielfach kombinierbar: Dreifach-Isolierglas<\/strong><\/p>\n<p>EControl-Glas variiert den Lichttransmissionsgrad [\u03c4<sub>L<\/sub>] zwischen 50 und 15 Prozent. Damit ver\u00e4ndert sich auch der W\u00e4rmeeintrag. Der Gesamtenergiedurchlassgrad (g) liegt zwischen 38 und 12 Prozent. Vor allem in B\u00fcrogeb\u00e4uden sinken so auch die Klimatisierungskosten. Au\u00dferdem kann auf au\u00dfen liegende mechanische Sonnenschutzsysteme verzichtet werden und somit auch auf deren Wartungs- und Betriebskosten.<\/p>\n<p>Die EControl Technologie optimiert den Energieeinsatz in Geb\u00e4uden jeder Art. Das elektrochrome Verbundglas l\u00e4sst sich auch mit einer hochwertigen W\u00e4rmeschutzbeschichtung und als Dreifach-Isolierglas kombinieren.\u201c Der W\u00e4rmed\u00e4mmwert (Ug) entspricht mit 1,1 W\/m\u00b2K dem Standard heutiger W\u00e4rmeschutzverglasungen. Mit Dreifach-Isolierglas sind Ug-Werte bis 0,5 W\/m\u00b2K und g-Werte zwischen 10 und 32 Prozent m\u00f6glich. Die maximale Gr\u00f6\u00dfe: 120 x 220 cm, ab Ende 2010 auch Abmessungen bis 130 x 300 cm. Ein nachtr\u00e4glicher Einbau<br \/>\nist m\u00f6glich.<\/p>\n<hr noshade=\"noshade\" size=\"1\" \/>\n<table style=\"height: 1235px;\" border=\"0\" width=\"740\" cellspacing=\"0\" cellpadding=\"0\">\n<tbody>\n<tr>\n<td valign=\"top\" width=\"360\"><a href=\"http:\/\/www.pr-neu.de\/newsroom\/wordpress\/wp-content\/uploads\/2010\/04\/10-03a_Bautec_Messebesuch_G.jpg\"><img loading=\"lazy\" decoding=\"async\" class=\"aligncenter size-medium wp-image-12958\" src=\"http:\/\/www.pr-neu.de\/newsroom\/wordpress\/wp-content\/uploads\/2010\/04\/10-03a_Bautec_Messebesuch_G-300x201.jpg\" alt=\"\" width=\"300\" height=\"201\" srcset=\"https:\/\/www.pr-neu.de\/newsroom\/wordpress\/wp-content\/uploads\/2010\/04\/10-03a_Bautec_Messebesuch_G-300x201.jpg 300w, https:\/\/www.pr-neu.de\/newsroom\/wordpress\/wp-content\/uploads\/2010\/04\/10-03a_Bautec_Messebesuch_G-1024x687.jpg 1024w, https:\/\/www.pr-neu.de\/newsroom\/wordpress\/wp-content\/uploads\/2010\/04\/10-03a_Bautec_Messebesuch_G-768x516.jpg 768w, https:\/\/www.pr-neu.de\/newsroom\/wordpress\/wp-content\/uploads\/2010\/04\/10-03a_Bautec_Messebesuch_G-1536x1031.jpg 1536w, https:\/\/www.pr-neu.de\/newsroom\/wordpress\/wp-content\/uploads\/2010\/04\/10-03a_Bautec_Messebesuch_G-110x74.jpg 110w, https:\/\/www.pr-neu.de\/newsroom\/wordpress\/wp-content\/uploads\/2010\/04\/10-03a_Bautec_Messebesuch_G-420x282.jpg 420w, https:\/\/www.pr-neu.de\/newsroom\/wordpress\/wp-content\/uploads\/2010\/04\/10-03a_Bautec_Messebesuch_G-641x430.jpg 641w, https:\/\/www.pr-neu.de\/newsroom\/wordpress\/wp-content\/uploads\/2010\/04\/10-03a_Bautec_Messebesuch_G.jpg 1795w\" sizes=\"auto, (max-width: 300px) 100vw, 300px\" \/><\/a><\/td>\n<td>Energieoptimiertes Bauen mit hohem Nutzen f\u00fcr den Bauherrn und f\u00fcr den Klimaschutz &#8211; Jan M\u00fccke, Parlamentarischer Staatssekret\u00e4r im<br \/>\nBundesministerium f\u00fcr Verkehr, Bau und Stadtentwicklung (BMVBS), Dipl.-Ing Hans- Dieter Hegner, Baudirektor (BMVBS), G\u00fcnther Hoffmann, Leiter der Abteilung Bauwesen,<br \/>\nBauwirtschaft, Bundesbauten (BMVBS) und Dr. Christian G\u00f6ke, Gesch\u00e4ftsf\u00fchrer der Messe Berlin lie\u00dfen sich das Funktionsprinzip von EControl Sonnenschutzglas erl\u00e4utern und erkundigten sich nach internationalen Vermarktungsm\u00f6glichkeiten.Von l. nach r.: Jan M\u00fccke, Dr. Christian G\u00f6ke, Dipl.-Ing Hans-Dieter Hegner, Baudirektor (BMVBS) und Gesellschafter und Vertriebsleiter Manfred Dittmar (EControl-Glas)Foto: EControl-Glas<\/td>\n<\/tr>\n<tr>\n<td valign=\"top\" width=\"360\"><a href=\"http:\/\/www.pr-neu.de\/newsroom\/wordpress\/wp-content\/uploads\/2010\/04\/10-03b_Wintergarten_G.jpg\"><img loading=\"lazy\" decoding=\"async\" class=\"aligncenter size-medium wp-image-12959\" src=\"http:\/\/www.pr-neu.de\/newsroom\/wordpress\/wp-content\/uploads\/2010\/04\/10-03b_Wintergarten_G-201x300.jpg\" alt=\"\" width=\"201\" height=\"300\" srcset=\"https:\/\/www.pr-neu.de\/newsroom\/wordpress\/wp-content\/uploads\/2010\/04\/10-03b_Wintergarten_G-201x300.jpg 201w, https:\/\/www.pr-neu.de\/newsroom\/wordpress\/wp-content\/uploads\/2010\/04\/10-03b_Wintergarten_G-687x1024.jpg 687w, https:\/\/www.pr-neu.de\/newsroom\/wordpress\/wp-content\/uploads\/2010\/04\/10-03b_Wintergarten_G-768x1144.jpg 768w, https:\/\/www.pr-neu.de\/newsroom\/wordpress\/wp-content\/uploads\/2010\/04\/10-03b_Wintergarten_G-1031x1536.jpg 1031w, https:\/\/www.pr-neu.de\/newsroom\/wordpress\/wp-content\/uploads\/2010\/04\/10-03b_Wintergarten_G-74x110.jpg 74w, https:\/\/www.pr-neu.de\/newsroom\/wordpress\/wp-content\/uploads\/2010\/04\/10-03b_Wintergarten_G-282x420.jpg 282w, https:\/\/www.pr-neu.de\/newsroom\/wordpress\/wp-content\/uploads\/2010\/04\/10-03b_Wintergarten_G-289x430.jpg 289w, https:\/\/www.pr-neu.de\/newsroom\/wordpress\/wp-content\/uploads\/2010\/04\/10-03b_Wintergarten_G.jpg 1205w\" sizes=\"auto, (max-width: 201px) 100vw, 201px\" \/><\/a><\/td>\n<td>EControl schaltbares Sonnenschutzglas \u2013 die W\u00e4rme bleibt drau\u00dfen und drinnen ist es angenehm k\u00fchl.<\/p>\n<p>Foto: EControl-Glas<\/td>\n<\/tr>\n<tr>\n<td valign=\"top\" width=\"360\"><a href=\"http:\/\/www.pr-neu.de\/newsroom\/wordpress\/wp-content\/uploads\/2010\/04\/10-03c_Innen_Fenster_G-1.jpg\"><img loading=\"lazy\" decoding=\"async\" class=\"aligncenter size-medium wp-image-12960\" src=\"http:\/\/www.pr-neu.de\/newsroom\/wordpress\/wp-content\/uploads\/2010\/04\/10-03c_Innen_Fenster_G-1-300x225.jpg\" alt=\"\" width=\"300\" height=\"225\" srcset=\"https:\/\/www.pr-neu.de\/newsroom\/wordpress\/wp-content\/uploads\/2010\/04\/10-03c_Innen_Fenster_G-1-300x225.jpg 300w, https:\/\/www.pr-neu.de\/newsroom\/wordpress\/wp-content\/uploads\/2010\/04\/10-03c_Innen_Fenster_G-1-1024x768.jpg 1024w, https:\/\/www.pr-neu.de\/newsroom\/wordpress\/wp-content\/uploads\/2010\/04\/10-03c_Innen_Fenster_G-1-768x576.jpg 768w, https:\/\/www.pr-neu.de\/newsroom\/wordpress\/wp-content\/uploads\/2010\/04\/10-03c_Innen_Fenster_G-1-1536x1152.jpg 1536w, https:\/\/www.pr-neu.de\/newsroom\/wordpress\/wp-content\/uploads\/2010\/04\/10-03c_Innen_Fenster_G-1-2048x1536.jpg 2048w, https:\/\/www.pr-neu.de\/newsroom\/wordpress\/wp-content\/uploads\/2010\/04\/10-03c_Innen_Fenster_G-1-110x83.jpg 110w, https:\/\/www.pr-neu.de\/newsroom\/wordpress\/wp-content\/uploads\/2010\/04\/10-03c_Innen_Fenster_G-1-420x315.jpg 420w, https:\/\/www.pr-neu.de\/newsroom\/wordpress\/wp-content\/uploads\/2010\/04\/10-03c_Innen_Fenster_G-1-573x430.jpg 573w\" sizes=\"auto, (max-width: 300px) 100vw, 300px\" \/><\/a><\/td>\n<td>Ein Blick aus dem Fenster ohne Jalousien und Markisen \u2013 mit dem schaltbaren Spezialglas von EControl ist das kein Problem.<\/p>\n<p>Foto: EControl-Glas<\/td>\n<\/tr>\n<\/tbody>\n<\/table>\n<hr noshade=\"noshade\" size=\"1\" \/>\n<p>Abdruck honorarfrei, Belegexemplar erbeten<\/p>\n<p><strong>R\u00fcckfragen beantwortet gern<\/strong><\/p>\n<table width=\"532\">\n<tbody>\n<tr>\n<td valign=\"top\" width=\"260\" height=\"25\"><strong>EControl-Glas<\/strong> GmbH &amp; Co. KG<br \/>\nNadine Witt<br \/>\nTel.: +49(0)3741\/14820-116<br \/>\nFax: +49(0)3741\/14820-150<br \/>\nE-Mail: <a href=\"&#109;&#x61;i&#108;&#x74;o&#58;&#x70;r&#x65;&#x73;&#115;&#x65;&#64;&#101;&#x63;o&#110;&#x74;r&#x6f;&#x6c;&#45;&#x67;&#x6c;&#97;&#x73;&#46;&#100;&#x65;\">&#x70;&#x72;&#101;s&#x73;&#x65;&#64;ec&#x6f;&#x6e;&#116;r&#x6f;&#x6c;&#45;&#103;l&#x61;&#x73;&#46;d&#x65;<\/a><\/td>\n<td colspan=\"3\" valign=\"top\" width=\"260\" height=\"21\"><\/td>\n<\/tr>\n<\/tbody>\n<\/table>\n","protected":false},"excerpt":{"rendered":"<p>EControl-Glas auf der bautec 2010 EControl-Glas pr\u00e4sentierte seine L\u00f6sungen f\u00fcr energieeffizientes Bauen und Wohnen Das schaltbare Sonnenschutzglas EControl verbindet Funktionalit\u00e4t und Design. Vielseitig einsetzbar in B\u00fcrogeb\u00e4uden, Privathaushalten, Atrien und Winterg\u00e4rten \u2013 EControl Sonnenschutzglas l\u00e4sst sich problemlos in handels\u00fcbliche Rahmenprofile oder als \u00dcberkopfverglasung verbauen. Per Knopfdruck \u2013 oder voll automatisch \u2013 wird die Licht- und Energiedurchl\u00e4ssigkeit [&hellip;]<\/p>\n","protected":false},"author":6,"featured_media":7913,"comment_status":"closed","ping_status":"open","sticky":false,"template":"","format":"standard","meta":{"footnotes":""},"categories":[25,3],"tags":[230,322,493],"class_list":["post-22","post","type-post","status-publish","format-standard","has-post-thumbnail","hentry","category-econtrol","category-kundenmeldungen","tag-glas","tag-klimaschutz","tag-sonnenschutzglas"],"_links":{"self":[{"href":"https:\/\/www.pr-neu.de\/newsroom\/wp-json\/wp\/v2\/posts\/22","targetHints":{"allow":["GET"]}}],"collection":[{"href":"https:\/\/www.pr-neu.de\/newsroom\/wp-json\/wp\/v2\/posts"}],"about":[{"href":"https:\/\/www.pr-neu.de\/newsroom\/wp-json\/wp\/v2\/types\/post"}],"author":[{"embeddable":true,"href":"https:\/\/www.pr-neu.de\/newsroom\/wp-json\/wp\/v2\/users\/6"}],"replies":[{"embeddable":true,"href":"https:\/\/www.pr-neu.de\/newsroom\/wp-json\/wp\/v2\/comments?post=22"}],"version-history":[{"count":4,"href":"https:\/\/www.pr-neu.de\/newsroom\/wp-json\/wp\/v2\/posts\/22\/revisions"}],"predecessor-version":[{"id":12962,"href":"https:\/\/www.pr-neu.de\/newsroom\/wp-json\/wp\/v2\/posts\/22\/revisions\/12962"}],"wp:featuredmedia":[{"embeddable":true,"href":"https:\/\/www.pr-neu.de\/newsroom\/wp-json\/wp\/v2\/media\/7913"}],"wp:attachment":[{"href":"https:\/\/www.pr-neu.de\/newsroom\/wp-json\/wp\/v2\/media?parent=22"}],"wp:term":[{"taxonomy":"category","embeddable":true,"href":"https:\/\/www.pr-neu.de\/newsroom\/wp-json\/wp\/v2\/categories?post=22"},{"taxonomy":"post_tag","embeddable":true,"href":"https:\/\/www.pr-neu.de\/newsroom\/wp-json\/wp\/v2\/tags?post=22"}],"curies":[{"name":"wp","href":"https:\/\/api.w.org\/{rel}","templated":true}]}}