{"id":2194,"date":"2013-11-06T09:51:15","date_gmt":"2013-11-06T09:51:15","guid":{"rendered":"http:\/\/www.pr-nord.de\/newsroom\/?p=2194"},"modified":"2020-05-29T10:51:29","modified_gmt":"2020-05-29T08:51:29","slug":"historische-mauern-im-besten-licht","status":"publish","type":"post","link":"https:\/\/www.pr-neu.de\/newsroom\/historische-mauern-im-besten-licht\/","title":{"rendered":"Historische Mauern im besten Licht"},"content":{"rendered":"<p><span style=\"text-decoration: underline;\">EControl-Glas: Rittergut mit dimmbarem Glasdach<\/span><\/p>\n<p><strong>Historische Mauern im besten Licht <\/strong><\/p>\n<p><strong>170 Quadratmeter Tagungsfl\u00e4che unter einem Tonnendach aus dimmbarem Glas, ohne Verschattung \u2013 geht das? Den Beweis tritt jetzt die ehemalige Burg von St\u00f6rmede (Stadt Geseke, Nordrhein-Westfalen) an. Ihre bewegte Geschichte geht zur\u00fcck bis ins 13. Jahrhundert, lie\u00df sich bis vor kurzem jedoch nur noch anhand verwitterter Grundmauern erahnen. Mit f\u00fcnf Jahren Planung und zweieinhalb Jahren Bauzeit verwandelte Privatinvestor Hartmut Br\u00f6ggelwirth die dachlose Ruine in das \u201eRittergut St\u00f6rmede\u201c, einen exklusiven Veranstaltungsort. Er erhielt die historische Substanz und setzte sie neu in Szene: Ein gl\u00e4sernes Tonnendach \u00fcberspannt den zentralen Tagungssaal. Auf mechanische und wartungsintensive Verschattungsanlagen verzichtete er: Der Bauherr entschied sich f\u00fcr dimmbares Sonnenschutzglas der Firma EControl-Glas (Plauen). Damit werden g-Wert und Lichttransmission per Knopfdruck individuell je nach Sonneneinstrahlung angepasst.<\/strong><\/p>\n<p>Strategisch gut gelegen, diente die Burg St\u00f6rmede seit Beginn des Hohen Mittelalters als herrschaftliches Zentrum, wurde in kriegerischen Auseinandersetzungen mehrmals bis auf die Grundmauern zerst\u00f6rt und wieder aufgebaut. In den vergangenen Jahrzehnten blieb sie ungenutzt und verfiel. Die Investoren-Familie Br\u00f6ggelwirth beschloss, der Ruine neues Leben einzuhauchen und verwandelte sie in eine exklusive Tagungsst\u00e4tte mit Veranstaltungsgastronomie. Viel Wert legten sie bei dem millionenschweren Bauprojekt auf technisch und \u00e4sthetisch innovative Baukunst, bei gleichzeitigem Erhalt der historischen Bausubstanz. Damit das alte Mauerwerk auch von innen zu jeder Jahreszeit im besten Licht erstrahlt, konstruierten Architekt Markus Smolin und die Glasdach-Spezialisten von Mirotec Glas- und Metallbau GmbH (Wettringen) ein gl\u00e4sernes Tonnendach, das den Tagungsraum als filigrane Metall-Glas-Konstruktion \u00fcberspannt \u2013 ohne Verschattungsanlagen, damit weder aufwendige Wartungen noch hohe Betriebskosten anfallen.<\/p>\n<p><strong>High-Tech-Verglasung f\u00fcr ganzj\u00e4hrig bestes Klima <\/strong><\/p>\n<p>Als Verglasung kommen deshalb 14,7 x 4 Meter dimmbares Sonnenschutzglas \u201eEControl Smart\u201c zum Einsatz. Hiermit l\u00e4sst sich die Lichttransmission (TV) zwischen 50 und 10 Prozent per Knopfdruck regeln. Die innenliegende nanostrukturierte Beschichtung des Glases f\u00e4rbt sich durch den sogenannten \u201eelektrochromen Effekt\u201c blau, sobald eine geringe Spannung (3 Volt) angelegt wird. So wird eine gute Verschattungswirkung auch ohne aufw\u00e4ndige Markisen erreicht \u2013 sehr wichtig f\u00fcr den Sommer. Der Sonnenenergieeintrag betr\u00e4gt bei maximaler Einf\u00e4rbung nur noch 10 Prozent. Weitere Vorteile der Verglasung: Hoher Nutzerkomfort, niedrige Klimatisierungskosten, jederzeit ein beeindruckender Ausblick himmelw\u00e4rts und gleichzeitig guter Blendschutz, selbst wenn die Sonne im Zenit steht. In der kalten Jahreszeit wichtig: Mit einem Ug-Wert von 1,1 W\/(m\u00b2K) isoliert EControl Smart im Zweifach-Aufbau auch hervorragend gegen Heizw\u00e4rmeverluste.<\/p>\n<p><strong>Tagen und feiern unter dimmbarem Glas<\/strong><\/p>\n<p>Das elektrochrome Sonnenschutzglas garantiert fast hundertprozentigen UV-Schutz unter dem gro\u00dffl\u00e4chigen Glasdach. Der blaue \u201ek\u00fchle\u201c Lichtanteil des Sonnenlichtspektrums gelangt hingegen weiterhin in den Raum: Der blaue Ton harmoniert exzellent mit dem nat\u00fcrlichen Blau des Himmels und f\u00f6rdert gleichzeitig die Vitalit\u00e4t. EControl Smart erf\u00fcllt im VSG-Aufbau die Sicherheitsanforderungen f\u00fcr \u00dcberkopfverglasung. Das Stahlger\u00fcst mit T-Profilen segmentiert das Dach gewichtssparend, dennoch sichern zw\u00f6lf Befestigungspunkte mit jeweils 200 Kilogramm Tragkraft das Gewicht. In der Dachkonstruktion ist auch die Veranstaltungstechnik untergebracht: Lautsprecher und B\u00fchnenbeleuchtung sowie eine LED-Beleuchtung mit Farblichtsteuerung.<\/p>\n<p>Weitere Informationen auf <a href=\"http:\/\/www.econtrol-glas.de\" target=\"_blank\" rel=\"noopener noreferrer\">www.econtrol-glas.de<\/a> oder per E-Mail an <a href=\"&#x6d;&#97;i&#x6c;&#116;o&#x3a;&#105;n&#x66;&#x6f;&#64;&#x65;&#x63;&#111;n&#x74;&#114;o&#x6c;&#45;g&#x6c;&#x61;&#115;&#x2e;&#x64;&#101;\">i&#110;&#102;&#x6f;&#x40;ec&#111;&#110;&#x74;&#x72;ol&#45;&#103;&#x6c;&#x61;s&#46;&#100;&#x65;<\/a>.<\/p>\n<hr noshade=\"noshade\" size=\"1\" \/>\n<p><span style=\"text-decoration: underline;\"><strong>Bautafel <\/strong><\/span><\/p>\n<p><strong>Rittergut St\u00f6rmede<\/strong><\/p>\n<p><strong>Objektadresse<\/strong>:<br \/>\nAlbert-Brand-Stra\u00dfe 3, 59590 Geseke<\/p>\n<p><strong>Bauherr<\/strong>:<br \/>\nFamilie Hartmut Br\u00f6ggelwirth<\/p>\n<p><strong>Architekt<\/strong>:<br \/>\nMarkus Smolin, Geseke \/ St\u00f6rmede<\/p>\n<p><strong>Metallbauer<\/strong>:<br \/>\nMirotec Glas- und Metallbau GmbH, Wettringen<\/p>\n<p><strong>Glasprodukt Dachverglasung<\/strong>:<br \/>\nEControl Smart 50\/10<\/p>\n<p><strong>Glashersteller<\/strong>:<br \/>\nEControl-Glas GmbH, Plauen<\/p>\n<hr noshade=\"noshade\" size=\"1\" \/>\n<table style=\"height: 576px;\" border=\"0\" width=\"721\" cellspacing=\"0\" cellpadding=\"0\">\n<tbody>\n<tr>\n<td valign=\"top\" width=\"370\" height=\"200\"><a href=\"http:\/\/www.pr-neu.de\/newsroom\/wordpress\/wp-content\/uploads\/2013\/11\/13-07_Tonnendach_G-2.jpg\"><img loading=\"lazy\" decoding=\"async\" class=\"aligncenter size-medium wp-image-13434\" src=\"http:\/\/www.pr-neu.de\/newsroom\/wordpress\/wp-content\/uploads\/2013\/11\/13-07_Tonnendach_G-2-300x201.jpg\" alt=\"\" width=\"300\" height=\"201\" srcset=\"https:\/\/www.pr-neu.de\/newsroom\/wordpress\/wp-content\/uploads\/2013\/11\/13-07_Tonnendach_G-2-300x201.jpg 300w, https:\/\/www.pr-neu.de\/newsroom\/wordpress\/wp-content\/uploads\/2013\/11\/13-07_Tonnendach_G-2-1024x687.jpg 1024w, https:\/\/www.pr-neu.de\/newsroom\/wordpress\/wp-content\/uploads\/2013\/11\/13-07_Tonnendach_G-2-768x516.jpg 768w, https:\/\/www.pr-neu.de\/newsroom\/wordpress\/wp-content\/uploads\/2013\/11\/13-07_Tonnendach_G-2-1536x1031.jpg 1536w, https:\/\/www.pr-neu.de\/newsroom\/wordpress\/wp-content\/uploads\/2013\/11\/13-07_Tonnendach_G-2-110x74.jpg 110w, https:\/\/www.pr-neu.de\/newsroom\/wordpress\/wp-content\/uploads\/2013\/11\/13-07_Tonnendach_G-2-420x282.jpg 420w, https:\/\/www.pr-neu.de\/newsroom\/wordpress\/wp-content\/uploads\/2013\/11\/13-07_Tonnendach_G-2-641x430.jpg 641w, https:\/\/www.pr-neu.de\/newsroom\/wordpress\/wp-content\/uploads\/2013\/11\/13-07_Tonnendach_G-2.jpg 1795w\" sizes=\"auto, (max-width: 300px) 100vw, 300px\" \/><\/a><\/td>\n<td valign=\"top\" height=\"200\">Das gl\u00e4serne Tonnendach l\u00e4sst viel Tageslicht in den Raum und macht Verschattungsanlagen \u00fcberfl\u00fcssig, denn mit \u201eE-Control Smart\u201c l\u00e4sst sich die Tageslichttransmission (TV) zwischen 50 und 10 Prozent einstellen. In der Dachkonstruktion ist auch die Veranstaltungstechnik untergebracht.<\/p>\n<p>Foto: Rittergut St\u00f6rmede \/ EControl-Glas<\/td>\n<\/tr>\n<tr>\n<td valign=\"top\" width=\"370\" height=\"200\"><a href=\"http:\/\/www.pr-neu.de\/newsroom\/wordpress\/wp-content\/uploads\/2013\/11\/13-07_Rittergut_G.jpg\"><img loading=\"lazy\" decoding=\"async\" class=\"aligncenter size-medium wp-image-13435\" src=\"http:\/\/www.pr-neu.de\/newsroom\/wordpress\/wp-content\/uploads\/2013\/11\/13-07_Rittergut_G-300x170.jpg\" alt=\"\" width=\"300\" height=\"170\" srcset=\"https:\/\/www.pr-neu.de\/newsroom\/wordpress\/wp-content\/uploads\/2013\/11\/13-07_Rittergut_G-300x170.jpg 300w, https:\/\/www.pr-neu.de\/newsroom\/wordpress\/wp-content\/uploads\/2013\/11\/13-07_Rittergut_G-1024x580.jpg 1024w, https:\/\/www.pr-neu.de\/newsroom\/wordpress\/wp-content\/uploads\/2013\/11\/13-07_Rittergut_G-768x435.jpg 768w, https:\/\/www.pr-neu.de\/newsroom\/wordpress\/wp-content\/uploads\/2013\/11\/13-07_Rittergut_G-1536x871.jpg 1536w, https:\/\/www.pr-neu.de\/newsroom\/wordpress\/wp-content\/uploads\/2013\/11\/13-07_Rittergut_G-2048x1161.jpg 2048w, https:\/\/www.pr-neu.de\/newsroom\/wordpress\/wp-content\/uploads\/2013\/11\/13-07_Rittergut_G-110x62.jpg 110w, https:\/\/www.pr-neu.de\/newsroom\/wordpress\/wp-content\/uploads\/2013\/11\/13-07_Rittergut_G-420x238.jpg 420w, https:\/\/www.pr-neu.de\/newsroom\/wordpress\/wp-content\/uploads\/2013\/11\/13-07_Rittergut_G-759x430.jpg 759w\" sizes=\"auto, (max-width: 300px) 100vw, 300px\" \/><\/a><\/td>\n<td valign=\"top\" height=\"200\">Das Rittergut St\u00f6rmede wurde in zweieinhalb Jahren Bauzeit fertiggestellt \u2013 technisch innovative Architektur auf historischer Bausubstanz.<\/p>\n<p>Foto: Fotostudio Redeker, Geseke<\/td>\n<\/tr>\n<\/tbody>\n<\/table>\n<hr noshade=\"noshade\" size=\"1\" \/>\n<p>Abdruck honorarfrei, Belegexemplar erbeten<\/p>\n<p><strong>R\u00fcckfragen beantwortet gern<\/strong><\/p>\n<table width=\"532\">\n<tbody>\n<tr>\n<td valign=\"top\" width=\"260\" height=\"25\"><strong>EControl-Glas<\/strong> GmbH &amp; Co. KG<br \/>\nNadine Witt<br \/>\nTel.: +49(0)3741\/14820-116<br \/>\nFax: +49(0)3741\/14820-150<br \/>\nE-Mail: <a href=\"&#x6d;&#97;i&#x6c;&#116;o&#x3a;&#x70;&#114;&#x65;&#x73;&#115;e&#x40;&#101;c&#x6f;&#x6e;&#116;&#x72;&#x6f;&#108;-&#x67;&#108;a&#x73;&#x2e;&#100;&#x65;\">&#x70;&#x72;&#x65;&#115;&#115;&#101;&#64;e&#x63;&#x6f;&#x6e;&#x74;&#114;&#111;l-&#x67;&#x6c;&#x61;&#x73;&#46;&#100;e<\/a><\/td>\n<td colspan=\"3\" valign=\"top\" width=\"260\" height=\"21\"><\/td>\n<\/tr>\n<\/tbody>\n<\/table>\n","protected":false},"excerpt":{"rendered":"<p>EControl-Glas: Rittergut mit dimmbarem Glasdach Historische Mauern im besten Licht 170 Quadratmeter Tagungsfl\u00e4che unter einem Tonnendach aus dimmbarem Glas, ohne Verschattung \u2013 geht das? Den Beweis tritt jetzt die ehemalige Burg von St\u00f6rmede (Stadt Geseke, Nordrhein-Westfalen) an. Ihre bewegte Geschichte geht zur\u00fcck bis ins 13. Jahrhundert, lie\u00df sich bis vor kurzem jedoch nur noch anhand [&hellip;]<\/p>\n","protected":false},"author":6,"featured_media":7799,"comment_status":"closed","ping_status":"open","sticky":false,"template":"","format":"standard","meta":{"footnotes":""},"categories":[25,3],"tags":[],"class_list":["post-2194","post","type-post","status-publish","format-standard","has-post-thumbnail","hentry","category-econtrol","category-kundenmeldungen"],"_links":{"self":[{"href":"https:\/\/www.pr-neu.de\/newsroom\/wp-json\/wp\/v2\/posts\/2194","targetHints":{"allow":["GET"]}}],"collection":[{"href":"https:\/\/www.pr-neu.de\/newsroom\/wp-json\/wp\/v2\/posts"}],"about":[{"href":"https:\/\/www.pr-neu.de\/newsroom\/wp-json\/wp\/v2\/types\/post"}],"author":[{"embeddable":true,"href":"https:\/\/www.pr-neu.de\/newsroom\/wp-json\/wp\/v2\/users\/6"}],"replies":[{"embeddable":true,"href":"https:\/\/www.pr-neu.de\/newsroom\/wp-json\/wp\/v2\/comments?post=2194"}],"version-history":[{"count":4,"href":"https:\/\/www.pr-neu.de\/newsroom\/wp-json\/wp\/v2\/posts\/2194\/revisions"}],"predecessor-version":[{"id":13440,"href":"https:\/\/www.pr-neu.de\/newsroom\/wp-json\/wp\/v2\/posts\/2194\/revisions\/13440"}],"wp:featuredmedia":[{"embeddable":true,"href":"https:\/\/www.pr-neu.de\/newsroom\/wp-json\/wp\/v2\/media\/7799"}],"wp:attachment":[{"href":"https:\/\/www.pr-neu.de\/newsroom\/wp-json\/wp\/v2\/media?parent=2194"}],"wp:term":[{"taxonomy":"category","embeddable":true,"href":"https:\/\/www.pr-neu.de\/newsroom\/wp-json\/wp\/v2\/categories?post=2194"},{"taxonomy":"post_tag","embeddable":true,"href":"https:\/\/www.pr-neu.de\/newsroom\/wp-json\/wp\/v2\/tags?post=2194"}],"curies":[{"name":"wp","href":"https:\/\/api.w.org\/{rel}","templated":true}]}}