{"id":2143,"date":"2013-10-10T09:51:50","date_gmt":"2013-10-10T09:51:50","guid":{"rendered":"http:\/\/www.pr-nord.de\/newsroom\/?p=2143"},"modified":"2020-05-29T10:49:12","modified_gmt":"2020-05-29T08:49:12","slug":"immer-der-passende-rahmen-fuers-beratungsgespraech","status":"publish","type":"post","link":"https:\/\/www.pr-neu.de\/newsroom\/immer-der-passende-rahmen-fuers-beratungsgespraech\/","title":{"rendered":"Immer der passende Rahmen (f\u00fcrs Beratungsgespr\u00e4ch)"},"content":{"rendered":"<table border=\"0\" width=\"520\" cellspacing=\"0\" cellpadding=\"0\">\n<tbody>\n<tr>\n<td><u>Sto: Neue Musterbox mit Rahmenprofilen<\/u><\/p>\n<p><strong>Immer der passende Rahmen (f\u00fcrs Beratungsgespr\u00e4ch)<\/strong><\/p>\n<p>Fassaden \u00f6konomisch eine individuelle Note geben \u2013 daf\u00fcr steht die Profil-Serie StoDeco-Frame. T\u00fcr- und Fensterprofile stehen in f\u00fcnf Typen (A bis E) in jeweils zwei Ausf\u00fchrungsvarianten zur Verf\u00fcgung: \u201eL-Frame\u201c mit charakteristischen Fensterbank-Elementen f\u00fcr klassische Architektur, \u201eO-Frame\u201c f\u00fcr Fassaden mit dem modernem Akzent. Als Service f\u00fcr Handwerker bietet Sto nun eine Musterbox an. Sie enth\u00e4lt alle f\u00fcnf Profiltypen des StoDeco Frame-Sortiments. Das erleichtert die Beratung beim Bauherren. Mehr Infos gibt es auf www.sto.de oder direkt beim Sto-Verkaufsberater.<\/p>\n<hr noshade=\"noshade\" size=\"1\" \/>\n<p>&nbsp;<\/p>\n<table border=\"0\" width=\"520\" cellspacing=\"0\" cellpadding=\"0\">\n<tbody>\n<tr>\n<td valign=\"top\" height=\"25\"><a href=\"http:\/\/www.pr-neu.de\/newsroom\/wordpress\/wp-content\/uploads\/2013\/10\/13-30-DecoMusterbox_G.jpg\"><img loading=\"lazy\" decoding=\"async\" class=\"size-medium wp-image-13432\" src=\"http:\/\/www.pr-neu.de\/newsroom\/wordpress\/wp-content\/uploads\/2013\/10\/13-30-DecoMusterbox_G-300x224.jpg\" alt=\"\" width=\"300\" height=\"224\" srcset=\"https:\/\/www.pr-neu.de\/newsroom\/wordpress\/wp-content\/uploads\/2013\/10\/13-30-DecoMusterbox_G-300x224.jpg 300w, https:\/\/www.pr-neu.de\/newsroom\/wordpress\/wp-content\/uploads\/2013\/10\/13-30-DecoMusterbox_G-1024x764.jpg 1024w, https:\/\/www.pr-neu.de\/newsroom\/wordpress\/wp-content\/uploads\/2013\/10\/13-30-DecoMusterbox_G-768x573.jpg 768w, https:\/\/www.pr-neu.de\/newsroom\/wordpress\/wp-content\/uploads\/2013\/10\/13-30-DecoMusterbox_G-1536x1146.jpg 1536w, https:\/\/www.pr-neu.de\/newsroom\/wordpress\/wp-content\/uploads\/2013\/10\/13-30-DecoMusterbox_G-2048x1528.jpg 2048w, https:\/\/www.pr-neu.de\/newsroom\/wordpress\/wp-content\/uploads\/2013\/10\/13-30-DecoMusterbox_G-110x82.jpg 110w, https:\/\/www.pr-neu.de\/newsroom\/wordpress\/wp-content\/uploads\/2013\/10\/13-30-DecoMusterbox_G-420x313.jpg 420w, https:\/\/www.pr-neu.de\/newsroom\/wordpress\/wp-content\/uploads\/2013\/10\/13-30-DecoMusterbox_G-576x430.jpg 576w\" sizes=\"auto, (max-width: 300px) 100vw, 300px\" \/><\/a><\/td>\n<td colspan=\"3\" height=\"21\">&nbsp;<\/p>\n<p>Bild: Sto AG \/ Benedikt Astel<\/td>\n<\/tr>\n<\/tbody>\n<\/table>\n<hr noshade=\"noshade\" size=\"1\" \/>\n<p>Abdruck honorarfrei, Belegexemplar erbeten<\/p>\n<p>&nbsp;<\/td>\n<\/tr>\n<tr>\n<td><\/td>\n<\/tr>\n<\/tbody>\n<\/table>\n","protected":false},"excerpt":{"rendered":"<p>Sto: Neue Musterbox mit Rahmenprofilen Immer der passende Rahmen (f\u00fcrs Beratungsgespr\u00e4ch) Fassaden \u00f6konomisch eine individuelle Note geben \u2013 daf\u00fcr steht die Profil-Serie StoDeco-Frame. T\u00fcr- und Fensterprofile stehen in f\u00fcnf Typen (A bis E) in jeweils zwei Ausf\u00fchrungsvarianten zur Verf\u00fcgung: \u201eL-Frame\u201c mit charakteristischen Fensterbank-Elementen f\u00fcr klassische Architektur, \u201eO-Frame\u201c f\u00fcr Fassaden mit dem modernem Akzent. Als Service [&hellip;]<\/p>\n","protected":false},"author":6,"featured_media":0,"comment_status":"closed","ping_status":"open","sticky":false,"template":"","format":"standard","meta":{"footnotes":""},"categories":[3,15],"tags":[],"class_list":["post-2143","post","type-post","status-publish","format-standard","hentry","category-kundenmeldungen","category-sto"],"_links":{"self":[{"href":"https:\/\/www.pr-neu.de\/newsroom\/wp-json\/wp\/v2\/posts\/2143","targetHints":{"allow":["GET"]}}],"collection":[{"href":"https:\/\/www.pr-neu.de\/newsroom\/wp-json\/wp\/v2\/posts"}],"about":[{"href":"https:\/\/www.pr-neu.de\/newsroom\/wp-json\/wp\/v2\/types\/post"}],"author":[{"embeddable":true,"href":"https:\/\/www.pr-neu.de\/newsroom\/wp-json\/wp\/v2\/users\/6"}],"replies":[{"embeddable":true,"href":"https:\/\/www.pr-neu.de\/newsroom\/wp-json\/wp\/v2\/comments?post=2143"}],"version-history":[{"count":3,"href":"https:\/\/www.pr-neu.de\/newsroom\/wp-json\/wp\/v2\/posts\/2143\/revisions"}],"predecessor-version":[{"id":13433,"href":"https:\/\/www.pr-neu.de\/newsroom\/wp-json\/wp\/v2\/posts\/2143\/revisions\/13433"}],"wp:attachment":[{"href":"https:\/\/www.pr-neu.de\/newsroom\/wp-json\/wp\/v2\/media?parent=2143"}],"wp:term":[{"taxonomy":"category","embeddable":true,"href":"https:\/\/www.pr-neu.de\/newsroom\/wp-json\/wp\/v2\/categories?post=2143"},{"taxonomy":"post_tag","embeddable":true,"href":"https:\/\/www.pr-neu.de\/newsroom\/wp-json\/wp\/v2\/tags?post=2143"}],"curies":[{"name":"wp","href":"https:\/\/api.w.org\/{rel}","templated":true}]}}