{"id":2097,"date":"2013-08-27T07:12:36","date_gmt":"2013-08-27T07:12:36","guid":{"rendered":"http:\/\/www.pr-nord.de\/newsroom\/?p=2097"},"modified":"2020-05-29T10:48:27","modified_gmt":"2020-05-29T08:48:27","slug":"dimmbares-glas-macht-verschattung-uberflussig","status":"publish","type":"post","link":"https:\/\/www.pr-neu.de\/newsroom\/dimmbares-glas-macht-verschattung-uberflussig\/","title":{"rendered":"Dimmbares Glas macht Verschattung \u00fcberfl\u00fcssig"},"content":{"rendered":"<p><span style=\"text-decoration: underline;\">EControl-Glas auf der NordBau: Stand H-7-7121 <\/span><\/p>\n<p><strong>Dimmbares Glas macht Verschattung \u00fcberfl\u00fcssig<\/strong><\/p>\n<p>Dimmbares Glas f\u00fcr Fenster, Fassaden, Atrien und Winterg\u00e4rten \/ Mehr Licht mit ECONTROL 55\/12<\/p>\n<p><strong>Die neue Generation des dimmbaren Sonnenschutzglases, das die Verschattung von Fenstern mit Jalousien \u00fcberfl\u00fcssig macht, pr\u00e4sentiert EControl-Glas (Plauen) vom 12. bis 17. September auf der NordBau (Stand H-7-7121) in Neum\u00fcnster. ECONTROL 55\/12 l\u00e4sst im hell geschalteten Zustand jetzt noch mehr Tageslicht in den Raum, um die Verglasung f\u00fcr ein m\u00f6glichst gro\u00dfes Spektrum baulicher Anwendungen zu r\u00fcsten: Fenster, Fassaden, Dachverglasungen, Winterg\u00e4rten. <\/strong><\/p>\n<p>\u201eIn j\u00fcngster Zeit bringen einige namhafte Glashersteller ebenfalls elektrochrome Verglasungen auf den Markt. Das freut uns, denn es sch\u00e4rft den Blick der \u00d6ffentlichkeit daf\u00fcr, dass es sich nicht um ein Nischenprodukt handelt, sondern um eine Zukunftsinnovation mit hohem Mehrwert. Der Nutzer kann die Verglasung exakt an seine Bed\u00fcrfnisse und die Wetterlage anpassen\u201c, erl\u00e4utert EControl-Glas Vertriebsleiter Manfred Dittmar. Dimmbares Glas f\u00e4rbt sich per Knopfdruck von glasklar hin zu einem angenehmen Blau \u2013 so heizen sich R\u00e4ume im Sommer sp\u00fcrbar geringer auf und die freie Sicht nach drau\u00dfen bleibt jederzeit erhalten. Mechanische Verschattungssysteme (und deren Wartungs- und Betriebskosten) entfallen selbst bei gro\u00dfen Glasfl\u00e4chen. Durch die elektrisch gesteuerte Einf\u00e4rbung gew\u00e4hrleistet das Glas zudem einen guten Blendschutz. Strom verbraucht es kaum \u2013 nur f\u00fcr den Schaltvorgang wird eine geringe Spannung von 5 Volt angelegt. Als Zweifach-Isolierglas kann die Lichtdurchl\u00e4ssigkeit zwischen 15 und 55 Prozent und der Gesamtenergiedurchlassgrad (g-Wert) zwischen 12 und 40 Prozent justiert werden. Im Dreifach-Aufbau ist der g-Wert sogar auf 9 Prozent reduzierbar \u2013 das Glas blockt dann mehr als 90 Prozent der aufheizenden Sonnenenergie ab und ist somit selbst f\u00fcr gro\u00dffl\u00e4chige Fassaden geeignet.<\/p>\n<p>Das moderne Touch-Panel \u201eEC Comfort\u201c dimmt die Verglasung \u00fcber im Au\u00dfenbereich angebrachte Sensoren auf Wunsch auch automatisch \u2013 je nach den aktuellen Witterungsverh\u00e4ltnissen. Eingebunden in die Geb\u00e4udeleittechnik lassen sich so ganze Glasfassaden einstellen \u2013 besonders interessant \u00fcberall dort, wo angenehme Temperaturen gefordert sind und gleichzeitig so viel Tageslicht wie m\u00f6glich hereinkommen soll.<\/p>\n<p>Weitere Informationen unter <a href=\"http:\/\/www.econtrol-glas.de\" target=\"_blank\" rel=\"noopener noreferrer\">www.econtrol-glas.de<\/a> oder <a href=\"http:\/\/www.facebook.com\/econtrol.glas\" target=\"_blank\" rel=\"noopener noreferrer\">www.facebook.com\/econtrol.glas<\/a>.<\/p>\n<hr noshade=\"noshade\" size=\"1\" \/>\n<table style=\"height: 267px;\" border=\"0\" width=\"663\" cellspacing=\"0\" cellpadding=\"0\">\n<tbody>\n<tr>\n<td valign=\"top\" width=\"370\" height=\"200\"><a href=\"http:\/\/www.pr-neu.de\/newsroom\/wordpress\/wp-content\/uploads\/2013\/08\/13-06_Montage_G-1-scaled.jpg\"><img loading=\"lazy\" decoding=\"async\" class=\"aligncenter size-medium wp-image-13430\" src=\"http:\/\/www.pr-neu.de\/newsroom\/wordpress\/wp-content\/uploads\/2013\/08\/13-06_Montage_G-1-133x300.jpg\" alt=\"\" width=\"133\" height=\"300\" srcset=\"https:\/\/www.pr-neu.de\/newsroom\/wordpress\/wp-content\/uploads\/2013\/08\/13-06_Montage_G-1-133x300.jpg 133w, https:\/\/www.pr-neu.de\/newsroom\/wordpress\/wp-content\/uploads\/2013\/08\/13-06_Montage_G-1-455x1024.jpg 455w, https:\/\/www.pr-neu.de\/newsroom\/wordpress\/wp-content\/uploads\/2013\/08\/13-06_Montage_G-1-768x1728.jpg 768w, https:\/\/www.pr-neu.de\/newsroom\/wordpress\/wp-content\/uploads\/2013\/08\/13-06_Montage_G-1-683x1536.jpg 683w, https:\/\/www.pr-neu.de\/newsroom\/wordpress\/wp-content\/uploads\/2013\/08\/13-06_Montage_G-1-910x2048.jpg 910w, https:\/\/www.pr-neu.de\/newsroom\/wordpress\/wp-content\/uploads\/2013\/08\/13-06_Montage_G-1-49x110.jpg 49w, https:\/\/www.pr-neu.de\/newsroom\/wordpress\/wp-content\/uploads\/2013\/08\/13-06_Montage_G-1-187x420.jpg 187w, https:\/\/www.pr-neu.de\/newsroom\/wordpress\/wp-content\/uploads\/2013\/08\/13-06_Montage_G-1-191x430.jpg 191w, https:\/\/www.pr-neu.de\/newsroom\/wordpress\/wp-content\/uploads\/2013\/08\/13-06_Montage_G-1-scaled.jpg 1138w\" sizes=\"auto, (max-width: 133px) 100vw, 133px\" \/><\/a><\/td>\n<td colspan=\"3\" height=\"200\">Mit dimmbarem Glas von EControl werden Licht und solarer Energieeintrag regelbar: Im Bild: Ungedimmt (oben), 50 Prozent und 100 Prozent Dimmung (mittig), zweimal 100 Prozent (unten). Das Glas eignet sich gleicherma\u00dfen f\u00fcr Fenster, Fassaden, Dachverglasungen und Winterg\u00e4rten.<\/p>\n<p>Foto: EControl-Glas<\/td>\n<\/tr>\n<\/tbody>\n<\/table>\n<hr noshade=\"noshade\" size=\"1\" \/>\n<p>Abdruck honorarfrei, Belegexemplar erbeten<\/p>\n<p><strong>R\u00fcckfragen beantwortet gern<\/strong><\/p>\n<table width=\"532\">\n<tbody>\n<tr>\n<td valign=\"top\" width=\"260\" height=\"25\"><strong>EControl-Glas<\/strong> GmbH &amp; Co. KG<br \/>\nNadine Witt<br \/>\nTel.: +49(0)3741\/14820-116<br \/>\nFax: +49(0)3741\/14820-150<br \/>\nE-Mail: <a href=\"&#109;&#x61;i&#108;&#x74;o&#58;&#x70;r&#101;&#x73;s&#101;&#x40;&#101;&#x63;&#x6f;&#110;&#x74;&#x72;&#111;&#x6c;-&#103;&#x6c;a&#115;&#x2e;d&#101;\">&#112;&#x72;&#101;&#x73;s&#101;&#x40;&#101;&#x63;o&#x6e;t&#114;&#x6f;&#108;&#x2d;g&#x6c;&#x61;&#115;&#x2e;d&#x65;<\/a><\/td>\n<td colspan=\"3\" valign=\"top\" width=\"260\" height=\"21\"><\/td>\n<\/tr>\n<\/tbody>\n<\/table>\n","protected":false},"excerpt":{"rendered":"<p>EControl-Glas auf der NordBau: Stand H-7-7121 Dimmbares Glas macht Verschattung \u00fcberfl\u00fcssig Dimmbares Glas f\u00fcr Fenster, Fassaden, Atrien und Winterg\u00e4rten \/ Mehr Licht mit ECONTROL 55\/12 Die neue Generation des dimmbaren Sonnenschutzglases, das die Verschattung von Fenstern mit Jalousien \u00fcberfl\u00fcssig macht, pr\u00e4sentiert EControl-Glas (Plauen) vom 12. bis 17. September auf der NordBau (Stand H-7-7121) in Neum\u00fcnster. [&hellip;]<\/p>\n","protected":false},"author":6,"featured_media":7804,"comment_status":"closed","ping_status":"open","sticky":false,"template":"","format":"standard","meta":{"footnotes":""},"categories":[25,3],"tags":[],"class_list":["post-2097","post","type-post","status-publish","format-standard","has-post-thumbnail","hentry","category-econtrol","category-kundenmeldungen"],"_links":{"self":[{"href":"https:\/\/www.pr-neu.de\/newsroom\/wp-json\/wp\/v2\/posts\/2097","targetHints":{"allow":["GET"]}}],"collection":[{"href":"https:\/\/www.pr-neu.de\/newsroom\/wp-json\/wp\/v2\/posts"}],"about":[{"href":"https:\/\/www.pr-neu.de\/newsroom\/wp-json\/wp\/v2\/types\/post"}],"author":[{"embeddable":true,"href":"https:\/\/www.pr-neu.de\/newsroom\/wp-json\/wp\/v2\/users\/6"}],"replies":[{"embeddable":true,"href":"https:\/\/www.pr-neu.de\/newsroom\/wp-json\/wp\/v2\/comments?post=2097"}],"version-history":[{"count":3,"href":"https:\/\/www.pr-neu.de\/newsroom\/wp-json\/wp\/v2\/posts\/2097\/revisions"}],"predecessor-version":[{"id":13431,"href":"https:\/\/www.pr-neu.de\/newsroom\/wp-json\/wp\/v2\/posts\/2097\/revisions\/13431"}],"wp:featuredmedia":[{"embeddable":true,"href":"https:\/\/www.pr-neu.de\/newsroom\/wp-json\/wp\/v2\/media\/7804"}],"wp:attachment":[{"href":"https:\/\/www.pr-neu.de\/newsroom\/wp-json\/wp\/v2\/media?parent=2097"}],"wp:term":[{"taxonomy":"category","embeddable":true,"href":"https:\/\/www.pr-neu.de\/newsroom\/wp-json\/wp\/v2\/categories?post=2097"},{"taxonomy":"post_tag","embeddable":true,"href":"https:\/\/www.pr-neu.de\/newsroom\/wp-json\/wp\/v2\/tags?post=2097"}],"curies":[{"name":"wp","href":"https:\/\/api.w.org\/{rel}","templated":true}]}}