{"id":2060,"date":"2013-08-07T13:34:08","date_gmt":"2013-08-07T13:34:08","guid":{"rendered":"http:\/\/www.pr-nord.de\/newsroom\/?p=2060"},"modified":"2020-05-29T10:45:24","modified_gmt":"2020-05-29T08:45:24","slug":"sto-twizy-fahrt-durch-berlin","status":"publish","type":"post","link":"https:\/\/www.pr-neu.de\/newsroom\/sto-twizy-fahrt-durch-berlin\/","title":{"rendered":"\u201eSto-Twizy\u201c f\u00e4hrt durch Berlin"},"content":{"rendered":"<table border=\"0\" width=\"520\" cellspacing=\"0\" cellpadding=\"0\">\n<tbody>\n<tr>\n<td><span style=\"text-decoration: underline;\"><span style=\"text-decoration: underline;\">Sto AG verloste Elektro-Auto<\/span><\/span><\/p>\n<p><strong>\u201eSto-Twizy\u201c f\u00e4hrt durch Berlin<\/strong><\/p>\n<p>Klein, bunt, umweltfreundlich \u2013 das Elektroauto \u201eRenault Twizy\u201c mit dem bunten Aufdruck \u201eiQolor \u2013 INTELLIGENT COLOR Fassadenfarben\u201c animierte auf der Messe \u201eFarbe Ausbau &amp; Fassade\u201c im M\u00e4rz 2013 in K\u00f6ln tausende Besucher, am Gewinnspiel der Sto AG teilzunehmen. Auch auf der Website \u201eiqolor.de\u201c f\u00fcllten viele Teilnehmer ihren Coupon aus. Als Gewinner zog die Gl\u00fccksfee jetzt Sven Beer (rechts) vom Malerbetrieb Marotzke aus Berlin. Er f\u00e4hrt k\u00fcnftig in dem wendigen, auff\u00e4lligen und vor allem umweltfreundlichen Flitzer zum Kundengespr\u00e4ch. Mit ihm freuten sich sein Chef G\u00fcnter Marotzke (links), und J\u00fcrgen Lindner, Leiter Sto-Vertriebsregion Mitte.<\/p>\n<hr noshade=\"noshade\" size=\"1\" \/>\n<table border=\"0\" width=\"520\" cellspacing=\"0\" cellpadding=\"0\">\n<tbody>\n<tr>\n<td valign=\"top\" width=\"370\" height=\"263\"><a href=\"http:\/\/www.pr-neu.de\/newsroom\/wordpress\/wp-content\/uploads\/2013\/08\/13-28-Twizy_G.jpg\"><img loading=\"lazy\" decoding=\"async\" class=\"size-medium wp-image-13422\" src=\"http:\/\/www.pr-neu.de\/newsroom\/wordpress\/wp-content\/uploads\/2013\/08\/13-28-Twizy_G-300x201.jpg\" alt=\"\" width=\"300\" height=\"201\" srcset=\"https:\/\/www.pr-neu.de\/newsroom\/wordpress\/wp-content\/uploads\/2013\/08\/13-28-Twizy_G-300x201.jpg 300w, https:\/\/www.pr-neu.de\/newsroom\/wordpress\/wp-content\/uploads\/2013\/08\/13-28-Twizy_G-1024x687.jpg 1024w, https:\/\/www.pr-neu.de\/newsroom\/wordpress\/wp-content\/uploads\/2013\/08\/13-28-Twizy_G-768x516.jpg 768w, https:\/\/www.pr-neu.de\/newsroom\/wordpress\/wp-content\/uploads\/2013\/08\/13-28-Twizy_G-1536x1031.jpg 1536w, https:\/\/www.pr-neu.de\/newsroom\/wordpress\/wp-content\/uploads\/2013\/08\/13-28-Twizy_G-110x74.jpg 110w, https:\/\/www.pr-neu.de\/newsroom\/wordpress\/wp-content\/uploads\/2013\/08\/13-28-Twizy_G-420x282.jpg 420w, https:\/\/www.pr-neu.de\/newsroom\/wordpress\/wp-content\/uploads\/2013\/08\/13-28-Twizy_G-641x430.jpg 641w, https:\/\/www.pr-neu.de\/newsroom\/wordpress\/wp-content\/uploads\/2013\/08\/13-28-Twizy_G.jpg 1795w\" sizes=\"auto, (max-width: 300px) 100vw, 300px\" \/><\/a><\/td>\n<td>Foto: Sto AG<\/td>\n<\/tr>\n<\/tbody>\n<\/table>\n<hr noshade=\"noshade\" size=\"1\" \/>\n<p>&nbsp;<\/p>\n<p>&nbsp;<\/td>\n<\/tr>\n<tr>\n<td><\/td>\n<\/tr>\n<\/tbody>\n<\/table>\n<table border=\"0\" width=\"95{ab9cb22b1639c68dfef7c1751c9d63405358944ce3964465eb35eb6b5b6beaaa}\">\n<tbody>\n<tr>\n<td><!-- AddThis Button BEGIN --><\/p>\n<div class=\"addthis_toolbox addthis_default_style\"><\/div>\n<p>&nbsp;<\/td>\n<\/tr>\n<\/tbody>\n<\/table>\n","protected":false},"excerpt":{"rendered":"<p>Sto AG verloste Elektro-Auto \u201eSto-Twizy\u201c f\u00e4hrt durch Berlin Klein, bunt, umweltfreundlich \u2013 das Elektroauto \u201eRenault Twizy\u201c mit dem bunten Aufdruck \u201eiQolor \u2013 INTELLIGENT COLOR Fassadenfarben\u201c animierte auf der Messe \u201eFarbe Ausbau &amp; Fassade\u201c im M\u00e4rz 2013 in K\u00f6ln tausende Besucher, am Gewinnspiel der Sto AG teilzunehmen. Auch auf der Website \u201eiqolor.de\u201c f\u00fcllten viele Teilnehmer ihren [&hellip;]<\/p>\n","protected":false},"author":6,"featured_media":0,"comment_status":"closed","ping_status":"open","sticky":false,"template":"","format":"standard","meta":{"footnotes":""},"categories":[15],"tags":[],"class_list":["post-2060","post","type-post","status-publish","format-standard","hentry","category-sto"],"_links":{"self":[{"href":"https:\/\/www.pr-neu.de\/newsroom\/wp-json\/wp\/v2\/posts\/2060","targetHints":{"allow":["GET"]}}],"collection":[{"href":"https:\/\/www.pr-neu.de\/newsroom\/wp-json\/wp\/v2\/posts"}],"about":[{"href":"https:\/\/www.pr-neu.de\/newsroom\/wp-json\/wp\/v2\/types\/post"}],"author":[{"embeddable":true,"href":"https:\/\/www.pr-neu.de\/newsroom\/wp-json\/wp\/v2\/users\/6"}],"replies":[{"embeddable":true,"href":"https:\/\/www.pr-neu.de\/newsroom\/wp-json\/wp\/v2\/comments?post=2060"}],"version-history":[{"count":3,"href":"https:\/\/www.pr-neu.de\/newsroom\/wp-json\/wp\/v2\/posts\/2060\/revisions"}],"predecessor-version":[{"id":13423,"href":"https:\/\/www.pr-neu.de\/newsroom\/wp-json\/wp\/v2\/posts\/2060\/revisions\/13423"}],"wp:attachment":[{"href":"https:\/\/www.pr-neu.de\/newsroom\/wp-json\/wp\/v2\/media?parent=2060"}],"wp:term":[{"taxonomy":"category","embeddable":true,"href":"https:\/\/www.pr-neu.de\/newsroom\/wp-json\/wp\/v2\/categories?post=2060"},{"taxonomy":"post_tag","embeddable":true,"href":"https:\/\/www.pr-neu.de\/newsroom\/wp-json\/wp\/v2\/tags?post=2060"}],"curies":[{"name":"wp","href":"https:\/\/api.w.org\/{rel}","templated":true}]}}