{"id":2000,"date":"2013-07-15T13:34:35","date_gmt":"2013-07-15T13:34:35","guid":{"rendered":"http:\/\/www.pr-nord.de\/newsroom\/?p=2000"},"modified":"2020-05-29T10:39:28","modified_gmt":"2020-05-29T08:39:28","slug":"ausgezeichnete-innovation","status":"publish","type":"post","link":"https:\/\/www.pr-neu.de\/newsroom\/ausgezeichnete-innovation\/","title":{"rendered":"Ausgezeichnete Innovation"},"content":{"rendered":"<table border=\"0\" width=\"520\" cellspacing=\"0\" cellpadding=\"0\">\n<tbody>\n<tr>\n<td><u>Umwelttechnikpreis f\u00fcr StoTherm In Aevero <\/u><\/p>\n<p><strong>Ausgezeichnete Innovation<\/strong><\/p>\n<p><strong>(12. Juli 2013) Mit dem Innend\u00e4mmsystem StoTherm In Aevero belegte die Sto AG beim Umwelttechnikpreis des Landes Baden-W\u00fcrttemberg in der Kategorie \u201eEnergieeffizienz\u201c den 3. Platz. Der Preis unterstreicht erneut den hohen Innovationscharakter des Systems.<\/strong><\/p>\n<p>\u201eMaterialsparende und umweltvertr\u00e4gliche Produkte und Herstellungsverfahren verbessern die Marktchancen unserer Wirtschaft\u201c, sagte Franz Untersteller, Baden-W\u00fcrttembergischer Umweltminister, anl\u00e4sslich der Preisvergabe am 11. Juli 2013 in Stuttgart. Von 118 herausragenden Innovationen der vergangenen zwei Jahre wurden \u00fcber alle Hightech-Branchen hinweg 14 zu Siegern des seit 2009 verliehenen Preises erkl\u00e4rt \u2013 darunter StoTherm In Aevero. Herzst\u00fcck des diffusionsoffenen, kapillaraktiven Innend\u00e4mmsystems sind ein \u201eFeuchte managender\u201c Klebe- und Armierungsm\u00f6rtel sowie eine Aerogel-basierte D\u00e4mmplatte. Aufgrund ihrer extrem geringen W\u00e4rmeleitf\u00e4higkeit (0,016 W\/mK) erf\u00fcllen bereits sehr d\u00fcnne Platten (je nach Wandbildner ab 15 Millimeter) die Anforderungen der aktuellen Energieeinsparverordnung (EnEV). Das leicht zu verarbeitende System eignet sich f\u00fcr Geb\u00e4ude, bei denen eine D\u00e4mmung der Fassade nicht m\u00f6glich oder nicht gew\u00fcnscht ist, beispielsweise aus Gr\u00fcnden des Denkmalschutzes.<\/p>\n<hr noshade=\"noshade\" size=\"1\" \/>\n<p>&nbsp;<\/p>\n<table border=\"0\" width=\"520\" cellspacing=\"0\" cellpadding=\"0\">\n<tbody>\n<tr>\n<td valign=\"top\" width=\"370\" height=\"25\"><a href=\"http:\/\/www.pr-neu.de\/newsroom\/wordpress\/wp-content\/uploads\/2013\/07\/13-23-Umwelttechnikpreis087_G.jpg\"><img loading=\"lazy\" decoding=\"async\" class=\"aligncenter size-medium wp-image-13417\" src=\"http:\/\/www.pr-neu.de\/newsroom\/wordpress\/wp-content\/uploads\/2013\/07\/13-23-Umwelttechnikpreis087_G-300x201.jpg\" alt=\"\" width=\"300\" height=\"201\" srcset=\"https:\/\/www.pr-neu.de\/newsroom\/wordpress\/wp-content\/uploads\/2013\/07\/13-23-Umwelttechnikpreis087_G-300x201.jpg 300w, https:\/\/www.pr-neu.de\/newsroom\/wordpress\/wp-content\/uploads\/2013\/07\/13-23-Umwelttechnikpreis087_G-1024x687.jpg 1024w, https:\/\/www.pr-neu.de\/newsroom\/wordpress\/wp-content\/uploads\/2013\/07\/13-23-Umwelttechnikpreis087_G-768x516.jpg 768w, https:\/\/www.pr-neu.de\/newsroom\/wordpress\/wp-content\/uploads\/2013\/07\/13-23-Umwelttechnikpreis087_G-1536x1031.jpg 1536w, https:\/\/www.pr-neu.de\/newsroom\/wordpress\/wp-content\/uploads\/2013\/07\/13-23-Umwelttechnikpreis087_G-110x74.jpg 110w, https:\/\/www.pr-neu.de\/newsroom\/wordpress\/wp-content\/uploads\/2013\/07\/13-23-Umwelttechnikpreis087_G-420x282.jpg 420w, https:\/\/www.pr-neu.de\/newsroom\/wordpress\/wp-content\/uploads\/2013\/07\/13-23-Umwelttechnikpreis087_G-641x430.jpg 641w, https:\/\/www.pr-neu.de\/newsroom\/wordpress\/wp-content\/uploads\/2013\/07\/13-23-Umwelttechnikpreis087_G.jpg 1795w\" sizes=\"auto, (max-width: 300px) 100vw, 300px\" \/><\/a><\/td>\n<td colspan=\"3\" height=\"21\">\u00dcber die Auszeichnung durch Umweltminister Franz Untersteller (rechts) freuten sich f\u00fcr die Sto AG Dr. Andreas Weier, Leiter Forschung und Entwicklung, (Mitte) sowie G\u00fcnter Rudolph, Produktmanager Funktionale Wandsysteme.<\/p>\n<p>Bild: Martin Stollberg \/ Sto AG<\/td>\n<\/tr>\n<\/tbody>\n<\/table>\n<hr noshade=\"noshade\" size=\"1\" \/>\n<p>Abdruck honorarfrei, Belegexemplar erbeten<\/p>\n<p>&nbsp;<\/td>\n<\/tr>\n<tr>\n<td><\/td>\n<\/tr>\n<\/tbody>\n<\/table>\n","protected":false},"excerpt":{"rendered":"<p>Umwelttechnikpreis f\u00fcr StoTherm In Aevero Ausgezeichnete Innovation (12. Juli 2013) Mit dem Innend\u00e4mmsystem StoTherm In Aevero belegte die Sto AG beim Umwelttechnikpreis des Landes Baden-W\u00fcrttemberg in der Kategorie \u201eEnergieeffizienz\u201c den 3. Platz. Der Preis unterstreicht erneut den hohen Innovationscharakter des Systems. \u201eMaterialsparende und umweltvertr\u00e4gliche Produkte und Herstellungsverfahren verbessern die Marktchancen unserer Wirtschaft\u201c, sagte Franz Untersteller, [&hellip;]<\/p>\n","protected":false},"author":6,"featured_media":0,"comment_status":"closed","ping_status":"open","sticky":false,"template":"","format":"standard","meta":{"footnotes":""},"categories":[3,15],"tags":[],"class_list":["post-2000","post","type-post","status-publish","format-standard","hentry","category-kundenmeldungen","category-sto"],"_links":{"self":[{"href":"https:\/\/www.pr-neu.de\/newsroom\/wp-json\/wp\/v2\/posts\/2000","targetHints":{"allow":["GET"]}}],"collection":[{"href":"https:\/\/www.pr-neu.de\/newsroom\/wp-json\/wp\/v2\/posts"}],"about":[{"href":"https:\/\/www.pr-neu.de\/newsroom\/wp-json\/wp\/v2\/types\/post"}],"author":[{"embeddable":true,"href":"https:\/\/www.pr-neu.de\/newsroom\/wp-json\/wp\/v2\/users\/6"}],"replies":[{"embeddable":true,"href":"https:\/\/www.pr-neu.de\/newsroom\/wp-json\/wp\/v2\/comments?post=2000"}],"version-history":[{"count":4,"href":"https:\/\/www.pr-neu.de\/newsroom\/wp-json\/wp\/v2\/posts\/2000\/revisions"}],"predecessor-version":[{"id":13418,"href":"https:\/\/www.pr-neu.de\/newsroom\/wp-json\/wp\/v2\/posts\/2000\/revisions\/13418"}],"wp:attachment":[{"href":"https:\/\/www.pr-neu.de\/newsroom\/wp-json\/wp\/v2\/media?parent=2000"}],"wp:term":[{"taxonomy":"category","embeddable":true,"href":"https:\/\/www.pr-neu.de\/newsroom\/wp-json\/wp\/v2\/categories?post=2000"},{"taxonomy":"post_tag","embeddable":true,"href":"https:\/\/www.pr-neu.de\/newsroom\/wp-json\/wp\/v2\/tags?post=2000"}],"curies":[{"name":"wp","href":"https:\/\/api.w.org\/{rel}","templated":true}]}}