{"id":200,"date":"2010-07-27T14:14:26","date_gmt":"2010-07-27T12:14:26","guid":{"rendered":"http:\/\/www.pr-nord.de\/newsroom\/?p=200"},"modified":"2020-05-28T16:14:51","modified_gmt":"2020-05-28T14:14:51","slug":"sechs-schritte-zur-gedammten-naturstein-fassade","status":"publish","type":"post","link":"https:\/\/www.pr-neu.de\/newsroom\/sechs-schritte-zur-gedammten-naturstein-fassade\/","title":{"rendered":"Sechs Schritte zur ged\u00e4mmten Naturstein-Fassade"},"content":{"rendered":"<p>Eine Naturstein-Fassade l\u00e4sst sich auch mit modernen D\u00e4mmsystemen realisieren. Sto bietet bauaufsichtlich zugelassene Systeme f\u00fcr WDVS- und VHF-Fassaden. In nur sechs Schritten entsteht eine attraktive Oberfl\u00e4che auf einer energiesparende Geb\u00e4udeh\u00fclle.<\/p>\n","protected":false},"excerpt":{"rendered":"<p>Eine Naturstein-Fassade l\u00e4sst sich auch mit modernen D\u00e4mmsystemen realisieren. Sto bietet bauaufsichtlich zugelassene Systeme f\u00fcr WDVS- und VHF-Fassaden. In nur sechs Schritten entsteht eine attraktive Oberfl\u00e4che auf einer energiesparende Geb\u00e4udeh\u00fclle.<\/p>\n","protected":false},"author":6,"featured_media":0,"comment_status":"closed","ping_status":"open","sticky":false,"template":"","format":"standard","meta":{"footnotes":""},"categories":[3,15],"tags":[124,187,370,501,504,612,621,627],"class_list":["post-200","post","type-post","status-publish","format-standard","hentry","category-kundenmeldungen","category-sto","tag-dammung","tag-fassade","tag-naturstein","tag-stein","tag-sto-2","tag-vhf","tag-warmedammung","tag-wdvs"],"_links":{"self":[{"href":"https:\/\/www.pr-neu.de\/newsroom\/wp-json\/wp\/v2\/posts\/200","targetHints":{"allow":["GET"]}}],"collection":[{"href":"https:\/\/www.pr-neu.de\/newsroom\/wp-json\/wp\/v2\/posts"}],"about":[{"href":"https:\/\/www.pr-neu.de\/newsroom\/wp-json\/wp\/v2\/types\/post"}],"author":[{"embeddable":true,"href":"https:\/\/www.pr-neu.de\/newsroom\/wp-json\/wp\/v2\/users\/6"}],"replies":[{"embeddable":true,"href":"https:\/\/www.pr-neu.de\/newsroom\/wp-json\/wp\/v2\/comments?post=200"}],"version-history":[{"count":3,"href":"https:\/\/www.pr-neu.de\/newsroom\/wp-json\/wp\/v2\/posts\/200\/revisions"}],"predecessor-version":[{"id":13021,"href":"https:\/\/www.pr-neu.de\/newsroom\/wp-json\/wp\/v2\/posts\/200\/revisions\/13021"}],"wp:attachment":[{"href":"https:\/\/www.pr-neu.de\/newsroom\/wp-json\/wp\/v2\/media?parent=200"}],"wp:term":[{"taxonomy":"category","embeddable":true,"href":"https:\/\/www.pr-neu.de\/newsroom\/wp-json\/wp\/v2\/categories?post=200"},{"taxonomy":"post_tag","embeddable":true,"href":"https:\/\/www.pr-neu.de\/newsroom\/wp-json\/wp\/v2\/tags?post=200"}],"curies":[{"name":"wp","href":"https:\/\/api.w.org\/{rel}","templated":true}]}}