{"id":197,"date":"2010-07-21T14:45:54","date_gmt":"2010-07-21T12:45:54","guid":{"rendered":"http:\/\/www.pr-nord.de\/newsroom\/?p=197"},"modified":"2020-05-28T16:15:04","modified_gmt":"2020-05-28T14:15:04","slug":"aufgestockt-und-ausgeglichen","status":"publish","type":"post","link":"https:\/\/www.pr-neu.de\/newsroom\/aufgestockt-und-ausgeglichen\/","title":{"rendered":"Aufgestockt und ausgeglichen"},"content":{"rendered":"<p>Vor zwei gro\u00dfen Herausforderungen standen Planer und Verarbeiter bei der Modernisierung eines Mehrfamilienhauses in M\u00fcnchen-Schwabing: Das 105 Jahre alte Geb\u00e4ude sollte um zwei Geschosse mit drei Wohnungen aufgestockt werden und die sehr unebene Fassade eine moderne Gestaltung mit effizienter W\u00e4rmed\u00e4mmung erhalten.<\/p>\n","protected":false},"excerpt":{"rendered":"<p>Vor zwei gro\u00dfen Herausforderungen standen Planer und Verarbeiter bei der Modernisierung eines Mehrfamilienhauses in M\u00fcnchen-Schwabing: Das 105 Jahre alte Geb\u00e4ude sollte um zwei Geschosse mit drei Wohnungen aufgestockt werden und die sehr unebene Fassade eine moderne Gestaltung mit effizienter W\u00e4rmed\u00e4mmung erhalten.<\/p>\n","protected":false},"author":6,"featured_media":0,"comment_status":"closed","ping_status":"open","sticky":false,"template":"","format":"standard","meta":{"footnotes":""},"categories":[3,15],"tags":[124,187,353,358,504,621],"class_list":["post-197","post","type-post","status-publish","format-standard","hentry","category-kundenmeldungen","category-sto","tag-dammung","tag-fassade","tag-mehrfamilienhaus","tag-modernisierung","tag-sto-2","tag-warmedammung"],"_links":{"self":[{"href":"https:\/\/www.pr-neu.de\/newsroom\/wp-json\/wp\/v2\/posts\/197","targetHints":{"allow":["GET"]}}],"collection":[{"href":"https:\/\/www.pr-neu.de\/newsroom\/wp-json\/wp\/v2\/posts"}],"about":[{"href":"https:\/\/www.pr-neu.de\/newsroom\/wp-json\/wp\/v2\/types\/post"}],"author":[{"embeddable":true,"href":"https:\/\/www.pr-neu.de\/newsroom\/wp-json\/wp\/v2\/users\/6"}],"replies":[{"embeddable":true,"href":"https:\/\/www.pr-neu.de\/newsroom\/wp-json\/wp\/v2\/comments?post=197"}],"version-history":[{"count":3,"href":"https:\/\/www.pr-neu.de\/newsroom\/wp-json\/wp\/v2\/posts\/197\/revisions"}],"predecessor-version":[{"id":13025,"href":"https:\/\/www.pr-neu.de\/newsroom\/wp-json\/wp\/v2\/posts\/197\/revisions\/13025"}],"wp:attachment":[{"href":"https:\/\/www.pr-neu.de\/newsroom\/wp-json\/wp\/v2\/media?parent=197"}],"wp:term":[{"taxonomy":"category","embeddable":true,"href":"https:\/\/www.pr-neu.de\/newsroom\/wp-json\/wp\/v2\/categories?post=197"},{"taxonomy":"post_tag","embeddable":true,"href":"https:\/\/www.pr-neu.de\/newsroom\/wp-json\/wp\/v2\/tags?post=197"}],"curies":[{"name":"wp","href":"https:\/\/api.w.org\/{rel}","templated":true}]}}