{"id":1945,"date":"2013-05-30T08:25:29","date_gmt":"2013-05-30T08:25:29","guid":{"rendered":"http:\/\/www.pr-nord.de\/newsroom\/?p=1945"},"modified":"2020-05-29T10:01:54","modified_gmt":"2020-05-29T08:01:54","slug":"180-grad-sonnenschutz","status":"publish","type":"post","link":"https:\/\/www.pr-neu.de\/newsroom\/180-grad-sonnenschutz\/","title":{"rendered":"180 Grad Sonnenschutz"},"content":{"rendered":"<p><span style=\"text-decoration: underline;\">EControl-Glas: Dimmbares Glas f\u00fcr neue Konzern-Zentrale der Eckert und Ziegler AG, Berlin<\/span><\/p>\n<p>Konferenzsaal mit Panoramablick ohne Verschattung<\/p>\n<p><strong>Der Forschungscampus Berlin-Buch ist einer der wichtigsten Wissenschafts- und Technologiestandorte Berlin-Brandenburgs. Auf rund 320.000 Quadratmetern haben sich mehr als 50 Forschungseinrichtungen, Kliniken und Biotechnologie-Unternehmen angesiedelt. Hier hat auch die weltweit agierende Eckert und Ziegler AG ihren Sitz. Im letzten Jahr \u2013 p\u00fcnktlich zum 20-j\u00e4hrigen Firmenjubil\u00e4um \u2013 weihte der Spezialist f\u00fcr medizinische Anwendungen von Radioisotopen seine neue Konzern-Zentrale ein. Diese ist dank ihrer einzigartigen Architektur ein echter Hingucker: Als ellipsenf\u00f6rmiger Dachaufbau ragt der Tagungsraum 4,50 Meter \u00fcber die Fassadenfront hinaus und ist gro\u00dffl\u00e4chig verglast. Um die au\u00dfergew\u00f6hnliche Optik des Geb\u00e4udeteils zu erhalten, entschieden sich Bauherr und Architekt gegen eine au\u00dfenliegende Verschattungsanlage und f\u00fcr dimmbares Sonnenschutzglas der Firma EControl-Glas (Plauen). Damit lassen sich g-Wert und Lichttransmission individuell an die Sonneneinstrahlung anpassen.<\/strong><\/p>\n<p>Die Eckert und Ziegler Gruppe ist einer der weltweit gr\u00f6\u00dften Hersteller von radioaktiven Komponenten f\u00fcr medizinische, wissenschaftliche und messtechnische Zwecke \u2013 mit Standorten in Gro\u00dfbritannien, Frankreich, Indien und den USA. Aufgrund steigender Umsatz- und Mitarbeiterzahlen lobte der Konzern 2011 einen Wettbewerb zur Erweiterung seiner Zentrale auf dem biomedizinischen Forschungscampus Berlin-Buch um 5.000 Quadratmeter Nutzfl\u00e4che aus. Wichtige Vorgabe durch den Bauherren: Das Firmenlogo \u2013 eine Ellipse, eingeschlossen von einem Rechteck \u2013 sollte baulich in den Entwurf integriert werden. Das Berliner B\u00fcro Hofmann Architekten \u00fcberzeugte mit einem energieeffizienten Geb\u00e4udeentwurf, der einen exponierten Konferenzsaal in der geometrischen Form des Logos vorsah. \u201eDurch den \u00fcberstehenden Dachaufbau und die rechteckigen, rot lackierten Dachelemente ist das Geb\u00e4ude weithin als Eckert und Ziegler-Zentrale erkennbar \u2013 sogar aus der Luft\u201c, erkl\u00e4rt Architekt Jan Hofmann. Aus dem Konferenzsaal bietet sich dank der ann\u00e4hernd raumhohen Rundum-Verglasung eine 180-Grad-Aussicht auf den Berliner Stadtteil Buch.<\/p>\n<p><strong> Variabel, \u00e4sthetisch, effektiv: Dimmbare Verglasung<\/strong><\/p>\n<p>Die W\u00f6lbung und die S\u00fcdausrichtung des Geb\u00e4udes bedeuten bei klarem Wetter jedoch fast ganzt\u00e4gig direkte Sonneneinstrahlung auf die circa 60 Quadratmeter gro\u00dfe Glasfl\u00e4che. Um das Aufheizen des Raums sowie st\u00f6rende Blendeffekte zu verhindern, war ein effektiver Sonnenschutz gefragt. \u201eEine variable, au\u00dfenliegende Verschattungsanlage ist aufgrund der Geb\u00e4udeform aufw\u00e4ndig zu installieren und wartungsintensiv. Ein starrer Sonnenschutz l\u00e4sst im Winter jedoch nicht gen\u00fcgend Licht ins Innere. Die solaren Energiegewinne sind dann nur minimal\u201c, erl\u00e4utert Hofmann. Eine wichtige Rolle spielten au\u00dferdem die \u00e4sthetischen Anspr\u00fcche des Bauherren: \u201eDie \u00e4u\u00dfere Geb\u00e4udeh\u00fclle sollte so glatt wie m\u00f6glich bleiben. Eine Verschattungsanlage h\u00e4tte die optische Anlehnung des Konferenzsaals an das Eckert und Ziegler-Logo zerst\u00f6rt. Wir haben uns deshalb f\u00fcr das dimmbare Sonnenschutzglas ECONTROL 48\/9 entschieden\u201c, so Hofmann. Hiermit l\u00e4sst sich der g-Wert zwischen 33 und 9 Prozent stufenlos variieren. Das macht einen zus\u00e4tzlichen Sonnenschutz \u00fcberfl\u00fcssig und die Aussicht aus dem Konferenzsaal bleibt frei. Die Lichttransmission betr\u00e4gt bei maximaler Einf\u00e4rbung immerhin noch 13 Prozent.<\/p>\n<p>Und so funktioniert die Technik: Die innenliegende nanostrukturierte Beschichtung der EControl-Verglasung f\u00e4rbt sich durch den sogenannten \u201eelektrochromen Effekt\u201c blau, sobald eine geringe Spannung (3 Volt) angelegt wird. Im hell geschalteten Zustand gelangen 48 Prozent des Tageslichts in den Raum \u2013 ein guter Wert f\u00fcr modernes Sonnenschutzglas. Mit einem U<sub>g<\/sub>-Wert von 0,7 W\/(m\u00b2K) isoliert ECONTROL 48\/9 au\u00dferdem hervorragend gegen Heizw\u00e4rmeverluste.<\/p>\n<p>\u201eEControl-Glas hat sich als perfekter Baustein f\u00fcr unser energieeffizientes und optisch anspruchsvolles Konzept erwiesen. Die innovative elektrochrome Technologie passt au\u00dferdem optimal zu einem modernen, zukunftsorientierten Konzern wie Eckert und Ziegler\u201c, erg\u00e4nzt Hofmann.<\/p>\n<p>Weitere Informationen im Internet unter <a href=\"https:\/\/www.econtrol-glas.de\/\" target=\"_blank\" rel=\"noopener noreferrer\">www.econtrol-glas.de<\/a>.<\/p>\n<hr noshade=\"noshade\" size=\"1\" \/>\n<p><span style=\"text-decoration: underline;\"><strong>Bautafel<\/strong><\/span><\/p>\n<p><strong>Eckert und Ziegler Konzern-Zentrale<\/strong><\/p>\n<p><strong>Objektadresse:<br \/>\n<\/strong>Robert-R\u00f6ssle-Str. 10, 13125 Berlin<\/p>\n<p><strong>Bauherr:<br \/>\n<\/strong>Eckert und Ziegler Strahlen- und Medizintechnik AG<\/p>\n<p><strong>Architekt:<br \/>\n<\/strong>Hofmann Architekten, Berlin<\/p>\n<p><strong>Metallbauer:<br \/>\n<\/strong>Hauk Metallbau und Sicherheitstechnik GmbH Nauen, Paul-Jerchel-Stra\u00dfe 2, 14641 Nauen<\/p>\n<p><strong>Glasprodukt:<br \/>\n<\/strong>ECONTROL 48\/9<\/p>\n<p><strong>Glashersteller:<br \/>\n<\/strong>EControl-Glas, Plauen<\/p>\n<hr noshade=\"noshade\" size=\"1\" \/>\n<table style=\"height: 631px;\" border=\"0\" width=\"660\" cellspacing=\"0\" cellpadding=\"0\">\n<tbody>\n<tr>\n<td valign=\"top\" width=\"370\" height=\"200\"><a href=\"http:\/\/www.pr-neu.de\/newsroom\/wordpress\/wp-content\/uploads\/2013\/05\/13-04_Zentrale_G.jpg\"><img loading=\"lazy\" decoding=\"async\" class=\"size-medium wp-image-13409\" src=\"http:\/\/www.pr-neu.de\/newsroom\/wordpress\/wp-content\/uploads\/2013\/05\/13-04_Zentrale_G-201x300.jpg\" alt=\"\" width=\"201\" height=\"300\" srcset=\"https:\/\/www.pr-neu.de\/newsroom\/wordpress\/wp-content\/uploads\/2013\/05\/13-04_Zentrale_G-201x300.jpg 201w, https:\/\/www.pr-neu.de\/newsroom\/wordpress\/wp-content\/uploads\/2013\/05\/13-04_Zentrale_G-687x1024.jpg 687w, https:\/\/www.pr-neu.de\/newsroom\/wordpress\/wp-content\/uploads\/2013\/05\/13-04_Zentrale_G-768x1144.jpg 768w, https:\/\/www.pr-neu.de\/newsroom\/wordpress\/wp-content\/uploads\/2013\/05\/13-04_Zentrale_G-1031x1536.jpg 1031w, https:\/\/www.pr-neu.de\/newsroom\/wordpress\/wp-content\/uploads\/2013\/05\/13-04_Zentrale_G-74x110.jpg 74w, https:\/\/www.pr-neu.de\/newsroom\/wordpress\/wp-content\/uploads\/2013\/05\/13-04_Zentrale_G-282x420.jpg 282w, https:\/\/www.pr-neu.de\/newsroom\/wordpress\/wp-content\/uploads\/2013\/05\/13-04_Zentrale_G-289x430.jpg 289w, https:\/\/www.pr-neu.de\/newsroom\/wordpress\/wp-content\/uploads\/2013\/05\/13-04_Zentrale_G.jpg 1205w\" sizes=\"auto, (max-width: 201px) 100vw, 201px\" \/><\/a><\/td>\n<td colspan=\"3\" height=\"200\">Die neue Konzern-Zentrale der Eckert und Ziegler AG: In der Geb\u00e4udeform des Konferenzsaals ist das Firmenlogo deutlich zu erkennen.<\/p>\n<p>Foto: Linus Lintner Fotografie \/ EControl-Glas<\/td>\n<\/tr>\n<tr>\n<td valign=\"top\" width=\"370\" height=\"200\"><a href=\"http:\/\/www.pr-neu.de\/newsroom\/wordpress\/wp-content\/uploads\/2013\/05\/13-04_Konferenzsaal_G-1.jpg\"><img loading=\"lazy\" decoding=\"async\" class=\"size-medium wp-image-13410\" src=\"http:\/\/www.pr-neu.de\/newsroom\/wordpress\/wp-content\/uploads\/2013\/05\/13-04_Konferenzsaal_G-1-300x201.jpg\" alt=\"\" width=\"300\" height=\"201\" srcset=\"https:\/\/www.pr-neu.de\/newsroom\/wordpress\/wp-content\/uploads\/2013\/05\/13-04_Konferenzsaal_G-1-300x201.jpg 300w, https:\/\/www.pr-neu.de\/newsroom\/wordpress\/wp-content\/uploads\/2013\/05\/13-04_Konferenzsaal_G-1-1024x687.jpg 1024w, https:\/\/www.pr-neu.de\/newsroom\/wordpress\/wp-content\/uploads\/2013\/05\/13-04_Konferenzsaal_G-1-768x516.jpg 768w, https:\/\/www.pr-neu.de\/newsroom\/wordpress\/wp-content\/uploads\/2013\/05\/13-04_Konferenzsaal_G-1-1536x1031.jpg 1536w, https:\/\/www.pr-neu.de\/newsroom\/wordpress\/wp-content\/uploads\/2013\/05\/13-04_Konferenzsaal_G-1-110x74.jpg 110w, https:\/\/www.pr-neu.de\/newsroom\/wordpress\/wp-content\/uploads\/2013\/05\/13-04_Konferenzsaal_G-1-420x282.jpg 420w, https:\/\/www.pr-neu.de\/newsroom\/wordpress\/wp-content\/uploads\/2013\/05\/13-04_Konferenzsaal_G-1-641x430.jpg 641w, https:\/\/www.pr-neu.de\/newsroom\/wordpress\/wp-content\/uploads\/2013\/05\/13-04_Konferenzsaal_G-1.jpg 1795w\" sizes=\"auto, (max-width: 300px) 100vw, 300px\" \/><\/a><\/td>\n<td colspan=\"3\" height=\"200\">180-Grad-Ausblick: Dank dem dimmbaren Sonnenschutzglas ECONTROL 48\/9 bleibt die Aussicht aus dem Konferenzsaal frei.<\/p>\n<p>Foto: Linus Lintner Fotografie \/ EControl-Glas<\/td>\n<\/tr>\n<\/tbody>\n<\/table>\n<hr noshade=\"noshade\" size=\"1\" \/>\n<p>Abdruck honorarfrei, Belegexemplar erbeten<\/p>\n<p><strong>R\u00fcckfragen beantwortet gern<\/strong><\/p>\n<table width=\"532\">\n<tbody>\n<tr>\n<td valign=\"top\" width=\"260\" height=\"25\"><strong>EControl-Glas<\/strong> GmbH &amp; Co. KG<br \/>\nNadine Witt<br \/>\nTel.: +49(0)3741\/14820-116<br \/>\nFax: +49(0)3741\/14820-150<br \/>\nE-Mail: <a href=\"mailto&#58;&#112;&#114;&#101;&#115;&#115;&#101;&#x40;&#x65;&#x63;&#x6f;&#x6e;&#x74;&#x72;&#x6f;&#x6c;&#x2d;&#x67;&#x6c;as&#46;de\">&#x70;&#114;e&#x73;&#115;e&#x40;&#101;c&#x6f;&#110;t&#x72;&#111;l&#x2d;&#x67;l&#x61;&#x73;&#46;&#x64;&#x65;<\/a><\/td>\n<td colspan=\"3\" valign=\"top\" width=\"260\" height=\"21\"><\/td>\n<\/tr>\n<\/tbody>\n<\/table>\n","protected":false},"excerpt":{"rendered":"<p>EControl-Glas: Dimmbares Glas f\u00fcr neue Konzern-Zentrale der Eckert und Ziegler AG, Berlin Konferenzsaal mit Panoramablick ohne Verschattung Der Forschungscampus Berlin-Buch ist einer der wichtigsten Wissenschafts- und Technologiestandorte Berlin-Brandenburgs. Auf rund 320.000 Quadratmetern haben sich mehr als 50 Forschungseinrichtungen, Kliniken und Biotechnologie-Unternehmen angesiedelt. Hier hat auch die weltweit agierende Eckert und Ziegler AG ihren Sitz. Im [&hellip;]<\/p>\n","protected":false},"author":6,"featured_media":7807,"comment_status":"closed","ping_status":"open","sticky":false,"template":"","format":"standard","meta":{"footnotes":""},"categories":[25,3],"tags":[],"class_list":["post-1945","post","type-post","status-publish","format-standard","has-post-thumbnail","hentry","category-econtrol","category-kundenmeldungen"],"_links":{"self":[{"href":"https:\/\/www.pr-neu.de\/newsroom\/wp-json\/wp\/v2\/posts\/1945","targetHints":{"allow":["GET"]}}],"collection":[{"href":"https:\/\/www.pr-neu.de\/newsroom\/wp-json\/wp\/v2\/posts"}],"about":[{"href":"https:\/\/www.pr-neu.de\/newsroom\/wp-json\/wp\/v2\/types\/post"}],"author":[{"embeddable":true,"href":"https:\/\/www.pr-neu.de\/newsroom\/wp-json\/wp\/v2\/users\/6"}],"replies":[{"embeddable":true,"href":"https:\/\/www.pr-neu.de\/newsroom\/wp-json\/wp\/v2\/comments?post=1945"}],"version-history":[{"count":4,"href":"https:\/\/www.pr-neu.de\/newsroom\/wp-json\/wp\/v2\/posts\/1945\/revisions"}],"predecessor-version":[{"id":13411,"href":"https:\/\/www.pr-neu.de\/newsroom\/wp-json\/wp\/v2\/posts\/1945\/revisions\/13411"}],"wp:featuredmedia":[{"embeddable":true,"href":"https:\/\/www.pr-neu.de\/newsroom\/wp-json\/wp\/v2\/media\/7807"}],"wp:attachment":[{"href":"https:\/\/www.pr-neu.de\/newsroom\/wp-json\/wp\/v2\/media?parent=1945"}],"wp:term":[{"taxonomy":"category","embeddable":true,"href":"https:\/\/www.pr-neu.de\/newsroom\/wp-json\/wp\/v2\/categories?post=1945"},{"taxonomy":"post_tag","embeddable":true,"href":"https:\/\/www.pr-neu.de\/newsroom\/wp-json\/wp\/v2\/tags?post=1945"}],"curies":[{"name":"wp","href":"https:\/\/api.w.org\/{rel}","templated":true}]}}