{"id":18285,"date":"2026-02-26T14:08:28","date_gmt":"2026-02-26T13:08:28","guid":{"rendered":"https:\/\/www.pr-neu.de\/newsroom\/?p=18285"},"modified":"2026-03-04T10:02:03","modified_gmt":"2026-03-04T09:02:03","slug":"innovation-in-bestaendigkeit","status":"publish","type":"post","link":"https:\/\/www.pr-neu.de\/newsroom\/innovation-in-bestaendigkeit\/","title":{"rendered":"Innovation in Best\u00e4ndigkeit"},"content":{"rendered":"<p>&nbsp;<\/p>\n<p><!--MBNHE--><u>Hanno auf der Fensterbau Frontale 2026: Stand 6-142<\/u><\/p>\n<p><strong>Unter dem Motto \u201eHidden Talents \u2013 Produkte f\u00fcr eine dauerhafte Fugenabdichtung\u201c zeigt Hanno auf der Fensterbau Frontale (Halle 6 \/ Stand 142) seine ausgereiften L\u00f6sungen f\u00fcr perfekte Fenster- und T\u00fcrendichtungen.<\/strong><\/p>\n<p>Seit 2024 optimiert Hanno sein Portfolio. Dazu geh\u00f6rt, Prozesse zu vereinfachen, die Lieferf\u00e4higkeit zu verbessern und die f\u00fchrende Produktqualit\u00e4t sicherzustellen und auszubauen.<\/p>\n<p>Klassenprimus bleibt in Sachen Fugendichtungsband das Hannoband-BG1. Seit seiner Einf\u00fchrung vor mehr als 25 Jahren stets verbessert, ist das Dichtband am Markt als Technologief\u00fchrer etabliert und fungiert als Universal-Abdichtung im Hochbau \u2013 bei Fugen im Fenster-, Holz- und Fertigbau wie f\u00fcr den Fachwerk-, Beton- und Mauerwerksbau.<\/p>\n<p>Mit der Infobrosch\u00fcre \u201eDer kleine Montagehelfer\u201c erkl\u00e4rt Hanno in einfachem Deutsch, wie Bauelemente abzudichten sind. Individuell abgestimmt auf das Hanno-Sortiment geht das Handbuch in den Abschnitten Planung, Vorbereitung und Umsetzung auf die spezifischen Aufgaben ein. Zur Messe stellt das Unternehmen eine aktualisierte Brosch\u00fcre vor \u2013 rund 50 Seiten Fachinfos im neuen Layout.<\/p>\n<p>Mit der redesignten Website \u2013 sie erschien zum 130. Firmenjubil\u00e4um im Jahr 2025 \u2013 ist auch die Online-Pr\u00e4senz von Hanno neu auf der Messe zu sehen: \u00fcbersichtlicher, optisch ansprechender und mit einem hohen Anteil Services.<\/p>\n<p>&nbsp;<\/p>\n<hr \/>\n<p>&nbsp;<\/p>\n<p><a href=\"http:\/\/www.pr-neu.de\/newsroom\/wordpress\/wp-content\/uploads\/2026\/02\/26-03_Volker_Brock_K.jpg\" target=\"_blank\" rel=\"noopener\"><img loading=\"lazy\" decoding=\"async\" class=\"aligncenter wp-image-18286 size-medium\" src=\"http:\/\/www.pr-neu.de\/newsroom\/wordpress\/wp-content\/uploads\/2026\/02\/26-03_Volker_Brock_K-200x300.jpg\" alt=\"\" width=\"200\" height=\"300\" srcset=\"https:\/\/www.pr-neu.de\/newsroom\/wordpress\/wp-content\/uploads\/2026\/02\/26-03_Volker_Brock_K-200x300.jpg 200w, https:\/\/www.pr-neu.de\/newsroom\/wordpress\/wp-content\/uploads\/2026\/02\/26-03_Volker_Brock_K-683x1024.jpg 683w, https:\/\/www.pr-neu.de\/newsroom\/wordpress\/wp-content\/uploads\/2026\/02\/26-03_Volker_Brock_K-768x1152.jpg 768w, https:\/\/www.pr-neu.de\/newsroom\/wordpress\/wp-content\/uploads\/2026\/02\/26-03_Volker_Brock_K-1024x1536.jpg 1024w, https:\/\/www.pr-neu.de\/newsroom\/wordpress\/wp-content\/uploads\/2026\/02\/26-03_Volker_Brock_K-1365x2048.jpg 1365w, https:\/\/www.pr-neu.de\/newsroom\/wordpress\/wp-content\/uploads\/2026\/02\/26-03_Volker_Brock_K-73x110.jpg 73w, https:\/\/www.pr-neu.de\/newsroom\/wordpress\/wp-content\/uploads\/2026\/02\/26-03_Volker_Brock_K-280x420.jpg 280w, https:\/\/www.pr-neu.de\/newsroom\/wordpress\/wp-content\/uploads\/2026\/02\/26-03_Volker_Brock_K-287x430.jpg 287w, https:\/\/www.pr-neu.de\/newsroom\/wordpress\/wp-content\/uploads\/2026\/02\/26-03_Volker_Brock_K.jpg 1600w\" sizes=\"auto, (max-width: 200px) 100vw, 200px\" \/><\/a><\/p>\n<p style=\"text-align: center;\"><!--MBNHE--><em>\u201eNeben unserem klassischen Portfolio werden wir unsere \u00f6kologischen Produkte kontinuierlich weiterentwickeln. Qualit\u00e4t ist nachhaltig und etwas Dauerhaftes. Damit haben wir 130 Jahre erfolgreich geschafft und ich freue mich, wenn wir noch mal 130 Jahre schaffen\u201c, prognostiziert Hanno-Gesch\u00e4ftsf\u00fchrer Volker Brock.<\/em><\/p>\n<p>&nbsp;<\/p>\n<p><a href=\"http:\/\/www.pr-neu.de\/newsroom\/wordpress\/wp-content\/uploads\/2026\/02\/26-03_Hannoband-BG1_Gruppe_K.jpg\" target=\"_blank\" rel=\"noopener\"><img loading=\"lazy\" decoding=\"async\" class=\"aligncenter wp-image-18287 size-medium\" src=\"http:\/\/www.pr-neu.de\/newsroom\/wordpress\/wp-content\/uploads\/2026\/02\/26-03_Hannoband-BG1_Gruppe_K-300x235.jpg\" alt=\"\" width=\"300\" height=\"235\" srcset=\"https:\/\/www.pr-neu.de\/newsroom\/wordpress\/wp-content\/uploads\/2026\/02\/26-03_Hannoband-BG1_Gruppe_K-300x235.jpg 300w, https:\/\/www.pr-neu.de\/newsroom\/wordpress\/wp-content\/uploads\/2026\/02\/26-03_Hannoband-BG1_Gruppe_K-1024x801.jpg 1024w, https:\/\/www.pr-neu.de\/newsroom\/wordpress\/wp-content\/uploads\/2026\/02\/26-03_Hannoband-BG1_Gruppe_K-768x601.jpg 768w, https:\/\/www.pr-neu.de\/newsroom\/wordpress\/wp-content\/uploads\/2026\/02\/26-03_Hannoband-BG1_Gruppe_K-1536x1202.jpg 1536w, https:\/\/www.pr-neu.de\/newsroom\/wordpress\/wp-content\/uploads\/2026\/02\/26-03_Hannoband-BG1_Gruppe_K-2048x1603.jpg 2048w, https:\/\/www.pr-neu.de\/newsroom\/wordpress\/wp-content\/uploads\/2026\/02\/26-03_Hannoband-BG1_Gruppe_K-110x86.jpg 110w, https:\/\/www.pr-neu.de\/newsroom\/wordpress\/wp-content\/uploads\/2026\/02\/26-03_Hannoband-BG1_Gruppe_K-420x329.jpg 420w, https:\/\/www.pr-neu.de\/newsroom\/wordpress\/wp-content\/uploads\/2026\/02\/26-03_Hannoband-BG1_Gruppe_K-550x430.jpg 550w\" sizes=\"auto, (max-width: 300px) 100vw, 300px\" \/><\/a><\/p>\n<p style=\"text-align: center;\"><!--MBNHE--><em>Hannoband-BG1: Der Klassiker \u00fcberzeugt seit mehr als 25 Jahren mit optimalen Eigenschaften.<\/em><\/p>\n<p>&nbsp;<\/p>\n<p><a href=\"http:\/\/www.pr-neu.de\/newsroom\/wordpress\/wp-content\/uploads\/2026\/02\/26-03_130_Jahre_Hanno_K.jpg\" target=\"_blank\" rel=\"noopener\"><img loading=\"lazy\" decoding=\"async\" class=\"aligncenter wp-image-18288 size-medium\" src=\"http:\/\/www.pr-neu.de\/newsroom\/wordpress\/wp-content\/uploads\/2026\/02\/26-03_130_Jahre_Hanno_K-300x169.jpg\" alt=\"\" width=\"300\" height=\"169\" srcset=\"https:\/\/www.pr-neu.de\/newsroom\/wordpress\/wp-content\/uploads\/2026\/02\/26-03_130_Jahre_Hanno_K-300x169.jpg 300w, https:\/\/www.pr-neu.de\/newsroom\/wordpress\/wp-content\/uploads\/2026\/02\/26-03_130_Jahre_Hanno_K-1024x578.jpg 1024w, https:\/\/www.pr-neu.de\/newsroom\/wordpress\/wp-content\/uploads\/2026\/02\/26-03_130_Jahre_Hanno_K-768x433.jpg 768w, https:\/\/www.pr-neu.de\/newsroom\/wordpress\/wp-content\/uploads\/2026\/02\/26-03_130_Jahre_Hanno_K-1536x867.jpg 1536w, https:\/\/www.pr-neu.de\/newsroom\/wordpress\/wp-content\/uploads\/2026\/02\/26-03_130_Jahre_Hanno_K-2048x1155.jpg 2048w, https:\/\/www.pr-neu.de\/newsroom\/wordpress\/wp-content\/uploads\/2026\/02\/26-03_130_Jahre_Hanno_K-110x62.jpg 110w, https:\/\/www.pr-neu.de\/newsroom\/wordpress\/wp-content\/uploads\/2026\/02\/26-03_130_Jahre_Hanno_K-420x237.jpg 420w, https:\/\/www.pr-neu.de\/newsroom\/wordpress\/wp-content\/uploads\/2026\/02\/26-03_130_Jahre_Hanno_K-770x430.jpg 770w, https:\/\/www.pr-neu.de\/newsroom\/wordpress\/wp-content\/uploads\/2026\/02\/26-03_130_Jahre_Hanno_K-762x430.jpg 762w\" sizes=\"auto, (max-width: 300px) 100vw, 300px\" \/><\/a><\/p>\n<p style=\"text-align: center;\"><!--MBNHE--><em>Neu zum 130. Jubil\u00e4um: die Hanno-Website in ansprechendem Design mit \u00fcbersichtlicher Men\u00fc-F\u00fchrung und neuen Services.<\/em><\/p>\n<p style=\"text-align: center;\">Bilder: Hanno Werk GmbH &amp; Co. KG<\/p>\n<p>&nbsp;<\/p>\n<hr \/>\n<p>Abdruck honorarfrei, Belegexemplar erbeten.<\/p>\n","protected":false},"excerpt":{"rendered":"<p>&nbsp; Hanno auf der Fensterbau Frontale 2026: Stand 6-142 Unter dem Motto \u201eHidden Talents \u2013 Produkte f\u00fcr eine dauerhafte Fugenabdichtung\u201c zeigt Hanno auf der Fensterbau Frontale (Halle 6 \/ Stand 142) seine ausgereiften L\u00f6sungen f\u00fcr perfekte Fenster- und T\u00fcrendichtungen. Seit 2024 optimiert Hanno sein Portfolio. Dazu geh\u00f6rt, Prozesse zu vereinfachen, die Lieferf\u00e4higkeit zu verbessern und [&hellip;]<\/p>\n","protected":false},"author":10,"featured_media":18287,"comment_status":"closed","ping_status":"open","sticky":false,"template":"","format":"standard","meta":{"footnotes":""},"categories":[655],"tags":[],"class_list":["post-18285","post","type-post","status-publish","format-standard","has-post-thumbnail","hentry","category-hanno"],"_links":{"self":[{"href":"https:\/\/www.pr-neu.de\/newsroom\/wp-json\/wp\/v2\/posts\/18285","targetHints":{"allow":["GET"]}}],"collection":[{"href":"https:\/\/www.pr-neu.de\/newsroom\/wp-json\/wp\/v2\/posts"}],"about":[{"href":"https:\/\/www.pr-neu.de\/newsroom\/wp-json\/wp\/v2\/types\/post"}],"author":[{"embeddable":true,"href":"https:\/\/www.pr-neu.de\/newsroom\/wp-json\/wp\/v2\/users\/10"}],"replies":[{"embeddable":true,"href":"https:\/\/www.pr-neu.de\/newsroom\/wp-json\/wp\/v2\/comments?post=18285"}],"version-history":[{"count":3,"href":"https:\/\/www.pr-neu.de\/newsroom\/wp-json\/wp\/v2\/posts\/18285\/revisions"}],"predecessor-version":[{"id":18291,"href":"https:\/\/www.pr-neu.de\/newsroom\/wp-json\/wp\/v2\/posts\/18285\/revisions\/18291"}],"wp:featuredmedia":[{"embeddable":true,"href":"https:\/\/www.pr-neu.de\/newsroom\/wp-json\/wp\/v2\/media\/18287"}],"wp:attachment":[{"href":"https:\/\/www.pr-neu.de\/newsroom\/wp-json\/wp\/v2\/media?parent=18285"}],"wp:term":[{"taxonomy":"category","embeddable":true,"href":"https:\/\/www.pr-neu.de\/newsroom\/wp-json\/wp\/v2\/categories?post=18285"},{"taxonomy":"post_tag","embeddable":true,"href":"https:\/\/www.pr-neu.de\/newsroom\/wp-json\/wp\/v2\/tags?post=18285"}],"curies":[{"name":"wp","href":"https:\/\/api.w.org\/{rel}","templated":true}]}}