{"id":18277,"date":"2026-02-26T09:50:26","date_gmt":"2026-02-26T08:50:26","guid":{"rendered":"https:\/\/www.pr-neu.de\/newsroom\/?p=18277"},"modified":"2026-02-26T09:50:45","modified_gmt":"2026-02-26T08:50:45","slug":"oben-ohne","status":"publish","type":"post","link":"https:\/\/www.pr-neu.de\/newsroom\/oben-ohne\/","title":{"rendered":"Oben ohne"},"content":{"rendered":"<p>&nbsp;<\/p>\n<p><!--MBNHE--><span style=\"font-size: medium;\"><u>Glas-Schiebe-Dach: TS Aluminium erweitert Portfolio<\/u><\/span><\/p>\n<p><!--MBNHE--><strong>Mit dem neuen Glas-Schiebe-Dach erweitert TS Aluminium sein Sortiment um eine perfekt abgestimmte Systemkomponente. Es ist optimal f\u00fcr Terrassend\u00e4cher und Sommerg\u00e4rten \u2013 vor allem in Gastronomie und Hotellerie. Auch auf gro\u00dfen Balkonen und Dachterrassen bietet der \u201eCabrio-Effekt\u201c die ideale Kombination aus Freiluft und Wetterschutz.<\/strong><\/p>\n<p>Das Glas-Schiebe-Dach ist die neuste Portfolioerg\u00e4nzung von TS Aluminium. Die Tiefe (inklusive Dach\u00fcberstand) kann bis 6.500 Millimeter betragen. Es ist geeignet f\u00fcr Pultd\u00e4cher mit Dachneigungen von drei bis sieben Grad. Somit lassen sich individuelle Gr\u00f6\u00dfen an nahezu jedem Geb\u00e4ude \u2013 und auch freistehend \u2013 realisieren.<\/p>\n<p><!--MBNHE--><strong>Fix montiert, punktgenau gel\u00fcftet<br \/>\n<\/strong>Passend zum durchdachten Baukastenprinzip von TS Aluminium sind f\u00fcr den Aufbau lediglich zwei Monteure vonn\u00f6ten: Die rund ein mal ein Meter gro\u00dfen Glasscheiben aus zehn Millimeter dickem Verbundsicherheitsglas (VSG) wiegen jeweils lediglich rund 25 Kilogramm. Steht das Grundger\u00fcst der hochwitterungsbest\u00e4ndigen Aluminium-Konstruktion, schieben sie die Glasscheiben von vorn in die F\u00fchrungsschienen der Systemsparren ein. Final schlie\u00dft die Blende ab. Das Dach ist wasserdicht, inklusive Entw\u00e4sserungssystem und statischem Nachweis.<\/p>\n<p><!--MBNHE--><strong>Mit Extras erweiterbar<\/strong><br \/>\nZur Beschattung empfehlen sich Oberglasmarkisen. Eine nahezu unbegrenzte Auswahl aller RAL-Farbvarianten (gegen Aufpreis) erm\u00f6glicht, die Pulverbeschichtung ansichtsgleich an die Aluminiumprofile des Terrassendaches oder Kaltwintergartens, die Fensterrahmen oder Hausfassade anzupassen. Regensensor, Wind- und Sonnenw\u00e4chter sorgen f\u00fcr automatisches \u00d6ffnen und Schlie\u00dfen der Glasscheiben, die mit vielen Extras, unter anderem Ganzglas-Schiebeanlagen, Fensterelementen und Leuchtmitteln, kombinierbar sind.<\/p>\n<p><!--MBNHE--><strong>Fazit<\/strong><br \/>\nDas Glas-Schiebe-Dach von TS Aluminium bietet bei einfacher Montage optimale L\u00fcftung bei gleichbleibender Helligkeit. Zielgruppe sind Kunden, die Komfort und Exklusivit\u00e4t sch\u00e4tzen, sowie Hotellerie und Gastronomie. Das verschlei\u00dfarme und wartungsfreie System besticht durch eine kinderleichte Reinigung und Bedienung sowie hohe Qualit\u00e4t.<\/p>\n<p>Im August 2025 \u00fcbernahm TS Aluminium das Produkt der Vitello-System GmbH, das seit 2007 am Markt ist und seitdem zum Technologief\u00fchrer f\u00fcr Glas-Schiebe-D\u00e4cher wurde.<\/p>\n<p>&nbsp;<\/p>\n<hr \/>\n<p>&nbsp;<\/p>\n<p><a href=\"http:\/\/www.pr-neu.de\/newsroom\/wordpress\/wp-content\/uploads\/2026\/02\/26-02_Glas-Schiebe-Dach_Titelbild_K.jpg\" target=\"_blank\" rel=\"noopener\"><img loading=\"lazy\" decoding=\"async\" class=\"aligncenter wp-image-18278 size-medium\" src=\"http:\/\/www.pr-neu.de\/newsroom\/wordpress\/wp-content\/uploads\/2026\/02\/26-02_Glas-Schiebe-Dach_Titelbild_K-210x300.jpg\" alt=\"\" width=\"210\" height=\"300\" srcset=\"https:\/\/www.pr-neu.de\/newsroom\/wordpress\/wp-content\/uploads\/2026\/02\/26-02_Glas-Schiebe-Dach_Titelbild_K-210x300.jpg 210w, https:\/\/www.pr-neu.de\/newsroom\/wordpress\/wp-content\/uploads\/2026\/02\/26-02_Glas-Schiebe-Dach_Titelbild_K-717x1024.jpg 717w, https:\/\/www.pr-neu.de\/newsroom\/wordpress\/wp-content\/uploads\/2026\/02\/26-02_Glas-Schiebe-Dach_Titelbild_K-768x1097.jpg 768w, https:\/\/www.pr-neu.de\/newsroom\/wordpress\/wp-content\/uploads\/2026\/02\/26-02_Glas-Schiebe-Dach_Titelbild_K-1075x1536.jpg 1075w, https:\/\/www.pr-neu.de\/newsroom\/wordpress\/wp-content\/uploads\/2026\/02\/26-02_Glas-Schiebe-Dach_Titelbild_K-1434x2048.jpg 1434w, https:\/\/www.pr-neu.de\/newsroom\/wordpress\/wp-content\/uploads\/2026\/02\/26-02_Glas-Schiebe-Dach_Titelbild_K-77x110.jpg 77w, https:\/\/www.pr-neu.de\/newsroom\/wordpress\/wp-content\/uploads\/2026\/02\/26-02_Glas-Schiebe-Dach_Titelbild_K-294x420.jpg 294w, https:\/\/www.pr-neu.de\/newsroom\/wordpress\/wp-content\/uploads\/2026\/02\/26-02_Glas-Schiebe-Dach_Titelbild_K-301x430.jpg 301w, https:\/\/www.pr-neu.de\/newsroom\/wordpress\/wp-content\/uploads\/2026\/02\/26-02_Glas-Schiebe-Dach_Titelbild_K.jpg 1680w\" sizes=\"auto, (max-width: 210px) 100vw, 210px\" \/><\/a><\/p>\n<p style=\"text-align: center;\"><!--MBNHE--><em>Das Glas-Schiebe-Dach eignet sich besonders f\u00fcr Kaltsysteme auf gro\u00dfen Dachterrassen.<\/em><\/p>\n<p>&nbsp;<\/p>\n<p style=\"text-align: center;\"><a href=\"http:\/\/www.pr-neu.de\/newsroom\/wordpress\/wp-content\/uploads\/2026\/02\/26-02_Glas-Schiebe-Dach_offen_K.jpg\" target=\"_blank\" rel=\"noopener\"><img loading=\"lazy\" decoding=\"async\" class=\"aligncenter wp-image-18279 size-medium\" src=\"http:\/\/www.pr-neu.de\/newsroom\/wordpress\/wp-content\/uploads\/2026\/02\/26-02_Glas-Schiebe-Dach_offen_K-300x225.jpg\" alt=\"\" width=\"300\" height=\"225\" srcset=\"https:\/\/www.pr-neu.de\/newsroom\/wordpress\/wp-content\/uploads\/2026\/02\/26-02_Glas-Schiebe-Dach_offen_K-300x225.jpg 300w, https:\/\/www.pr-neu.de\/newsroom\/wordpress\/wp-content\/uploads\/2026\/02\/26-02_Glas-Schiebe-Dach_offen_K-1024x768.jpg 1024w, https:\/\/www.pr-neu.de\/newsroom\/wordpress\/wp-content\/uploads\/2026\/02\/26-02_Glas-Schiebe-Dach_offen_K-768x576.jpg 768w, https:\/\/www.pr-neu.de\/newsroom\/wordpress\/wp-content\/uploads\/2026\/02\/26-02_Glas-Schiebe-Dach_offen_K-1536x1152.jpg 1536w, https:\/\/www.pr-neu.de\/newsroom\/wordpress\/wp-content\/uploads\/2026\/02\/26-02_Glas-Schiebe-Dach_offen_K-2048x1536.jpg 2048w, https:\/\/www.pr-neu.de\/newsroom\/wordpress\/wp-content\/uploads\/2026\/02\/26-02_Glas-Schiebe-Dach_offen_K-110x83.jpg 110w, https:\/\/www.pr-neu.de\/newsroom\/wordpress\/wp-content\/uploads\/2026\/02\/26-02_Glas-Schiebe-Dach_offen_K-420x315.jpg 420w, https:\/\/www.pr-neu.de\/newsroom\/wordpress\/wp-content\/uploads\/2026\/02\/26-02_Glas-Schiebe-Dach_offen_K-573x430.jpg 573w\" sizes=\"auto, (max-width: 300px) 100vw, 300px\" \/><\/a><\/p>\n<p style=\"text-align: center;\"><!--MBNHE--><em>Da die Luft durch die ge\u00f6ffneten Fenster darunter optimal zirkuliert, sind Oberglas-markisen empfehlenswert.<\/em><\/p>\n<p>&nbsp;<\/p>\n<p><a href=\"http:\/\/www.pr-neu.de\/newsroom\/wordpress\/wp-content\/uploads\/2026\/02\/26-02_Glas-Schiebe-Dach_innen_K.jpg\" target=\"_blank\" rel=\"noopener\"><img loading=\"lazy\" decoding=\"async\" class=\"aligncenter wp-image-18280 size-medium\" src=\"http:\/\/www.pr-neu.de\/newsroom\/wordpress\/wp-content\/uploads\/2026\/02\/26-02_Glas-Schiebe-Dach_innen_K-300x210.jpg\" alt=\"\" width=\"300\" height=\"210\" srcset=\"https:\/\/www.pr-neu.de\/newsroom\/wordpress\/wp-content\/uploads\/2026\/02\/26-02_Glas-Schiebe-Dach_innen_K-300x210.jpg 300w, https:\/\/www.pr-neu.de\/newsroom\/wordpress\/wp-content\/uploads\/2026\/02\/26-02_Glas-Schiebe-Dach_innen_K-1024x717.jpg 1024w, https:\/\/www.pr-neu.de\/newsroom\/wordpress\/wp-content\/uploads\/2026\/02\/26-02_Glas-Schiebe-Dach_innen_K-768x538.jpg 768w, https:\/\/www.pr-neu.de\/newsroom\/wordpress\/wp-content\/uploads\/2026\/02\/26-02_Glas-Schiebe-Dach_innen_K-1536x1075.jpg 1536w, https:\/\/www.pr-neu.de\/newsroom\/wordpress\/wp-content\/uploads\/2026\/02\/26-02_Glas-Schiebe-Dach_innen_K-2048x1434.jpg 2048w, https:\/\/www.pr-neu.de\/newsroom\/wordpress\/wp-content\/uploads\/2026\/02\/26-02_Glas-Schiebe-Dach_innen_K-110x77.jpg 110w, https:\/\/www.pr-neu.de\/newsroom\/wordpress\/wp-content\/uploads\/2026\/02\/26-02_Glas-Schiebe-Dach_innen_K-420x294.jpg 420w, https:\/\/www.pr-neu.de\/newsroom\/wordpress\/wp-content\/uploads\/2026\/02\/26-02_Glas-Schiebe-Dach_innen_K-614x430.jpg 614w\" sizes=\"auto, (max-width: 300px) 100vw, 300px\" \/><\/a><\/p>\n<p style=\"text-align: center;\"><!--MBNHE--><em>Oben ohne, untenrum verschlossen \u2013 oder auch andersrum: Mit seitlichen Schiebeanlagen sind den Kombinationen keine Grenzen gesetzt.<\/em><\/p>\n<p>&nbsp;<\/p>\n<p><a href=\"http:\/\/www.pr-neu.de\/newsroom\/wordpress\/wp-content\/uploads\/2026\/02\/26-02_Glas-Schiebe-Dach_Regen_K.jpg\" target=\"_blank\" rel=\"noopener\"><img loading=\"lazy\" decoding=\"async\" class=\"aligncenter wp-image-18281 size-medium\" src=\"http:\/\/www.pr-neu.de\/newsroom\/wordpress\/wp-content\/uploads\/2026\/02\/26-02_Glas-Schiebe-Dach_Regen_K-300x210.jpg\" alt=\"\" width=\"300\" height=\"210\" srcset=\"https:\/\/www.pr-neu.de\/newsroom\/wordpress\/wp-content\/uploads\/2026\/02\/26-02_Glas-Schiebe-Dach_Regen_K-300x210.jpg 300w, https:\/\/www.pr-neu.de\/newsroom\/wordpress\/wp-content\/uploads\/2026\/02\/26-02_Glas-Schiebe-Dach_Regen_K-1024x717.jpg 1024w, https:\/\/www.pr-neu.de\/newsroom\/wordpress\/wp-content\/uploads\/2026\/02\/26-02_Glas-Schiebe-Dach_Regen_K-768x538.jpg 768w, https:\/\/www.pr-neu.de\/newsroom\/wordpress\/wp-content\/uploads\/2026\/02\/26-02_Glas-Schiebe-Dach_Regen_K-1536x1075.jpg 1536w, https:\/\/www.pr-neu.de\/newsroom\/wordpress\/wp-content\/uploads\/2026\/02\/26-02_Glas-Schiebe-Dach_Regen_K-2048x1434.jpg 2048w, https:\/\/www.pr-neu.de\/newsroom\/wordpress\/wp-content\/uploads\/2026\/02\/26-02_Glas-Schiebe-Dach_Regen_K-110x77.jpg 110w, https:\/\/www.pr-neu.de\/newsroom\/wordpress\/wp-content\/uploads\/2026\/02\/26-02_Glas-Schiebe-Dach_Regen_K-420x294.jpg 420w, https:\/\/www.pr-neu.de\/newsroom\/wordpress\/wp-content\/uploads\/2026\/02\/26-02_Glas-Schiebe-Dach_Regen_K-614x430.jpg 614w\" sizes=\"auto, (max-width: 300px) 100vw, 300px\" \/><\/a><\/p>\n<p style=\"text-align: center;\"><!--MBNHE--><em>Der Wolkenbruch kann kommen: Dank (optionalem) Regensensor schlie\u00dfen die Scheiben bei Niederschlag automatisch.<\/em><\/p>\n<p style=\"text-align: center;\">Bilder: TS-Aluminium-Profilsysteme GmbH &amp; Co. KG<\/p>\n<p>&nbsp;<\/p>\n<hr \/>\n<p>Abdruch honorarfrei, Belegexemplar erbeten.<\/p>\n","protected":false},"excerpt":{"rendered":"<p>&nbsp; Glas-Schiebe-Dach: TS Aluminium erweitert Portfolio Mit dem neuen Glas-Schiebe-Dach erweitert TS Aluminium sein Sortiment um eine perfekt abgestimmte Systemkomponente. Es ist optimal f\u00fcr Terrassend\u00e4cher und Sommerg\u00e4rten \u2013 vor allem in Gastronomie und Hotellerie. Auch auf gro\u00dfen Balkonen und Dachterrassen bietet der \u201eCabrio-Effekt\u201c die ideale Kombination aus Freiluft und Wetterschutz. Das Glas-Schiebe-Dach ist die neuste [&hellip;]<\/p>\n","protected":false},"author":10,"featured_media":18279,"comment_status":"closed","ping_status":"open","sticky":false,"template":"","format":"standard","meta":{"footnotes":""},"categories":[661,1761],"tags":[],"class_list":["post-18277","post","type-post","status-publish","format-standard","has-post-thumbnail","hentry","category-allgemein","category-ts-aluminium"],"_links":{"self":[{"href":"https:\/\/www.pr-neu.de\/newsroom\/wp-json\/wp\/v2\/posts\/18277","targetHints":{"allow":["GET"]}}],"collection":[{"href":"https:\/\/www.pr-neu.de\/newsroom\/wp-json\/wp\/v2\/posts"}],"about":[{"href":"https:\/\/www.pr-neu.de\/newsroom\/wp-json\/wp\/v2\/types\/post"}],"author":[{"embeddable":true,"href":"https:\/\/www.pr-neu.de\/newsroom\/wp-json\/wp\/v2\/users\/10"}],"replies":[{"embeddable":true,"href":"https:\/\/www.pr-neu.de\/newsroom\/wp-json\/wp\/v2\/comments?post=18277"}],"version-history":[{"count":1,"href":"https:\/\/www.pr-neu.de\/newsroom\/wp-json\/wp\/v2\/posts\/18277\/revisions"}],"predecessor-version":[{"id":18282,"href":"https:\/\/www.pr-neu.de\/newsroom\/wp-json\/wp\/v2\/posts\/18277\/revisions\/18282"}],"wp:featuredmedia":[{"embeddable":true,"href":"https:\/\/www.pr-neu.de\/newsroom\/wp-json\/wp\/v2\/media\/18279"}],"wp:attachment":[{"href":"https:\/\/www.pr-neu.de\/newsroom\/wp-json\/wp\/v2\/media?parent=18277"}],"wp:term":[{"taxonomy":"category","embeddable":true,"href":"https:\/\/www.pr-neu.de\/newsroom\/wp-json\/wp\/v2\/categories?post=18277"},{"taxonomy":"post_tag","embeddable":true,"href":"https:\/\/www.pr-neu.de\/newsroom\/wp-json\/wp\/v2\/tags?post=18277"}],"curies":[{"name":"wp","href":"https:\/\/api.w.org\/{rel}","templated":true}]}}