{"id":18265,"date":"2026-02-17T10:36:25","date_gmt":"2026-02-17T09:36:25","guid":{"rendered":"https:\/\/www.pr-neu.de\/newsroom\/?p=18265"},"modified":"2026-02-17T10:38:40","modified_gmt":"2026-02-17T09:38:40","slug":"sportlich-saniert","status":"publish","type":"post","link":"https:\/\/www.pr-neu.de\/newsroom\/sportlich-saniert\/","title":{"rendered":"Sportlich saniert"},"content":{"rendered":"<p><u><br \/>\nSaniert nach Hochwasserschaden:<br \/>\nAuwald Sportzentrum in Grundremmingen<\/u><\/p>\n<p><strong>W\u00e4nde, B\u00f6den, T\u00fcren: Hochwasser hatte die Sporthalle in Grundremmingen stark gesch\u00e4digt. Der ortsans\u00e4ssige Malerbetrieb Kraus \u00fcbernahm die Sanierung \u2013 vollst\u00e4ndig. Farben und Lacke kamen ebenfalls aus einer Hand, der Fachmann w\u00e4hlte Profiprodukte von S\u00fcdwest.<\/strong><\/p>\n<p>Im Juni 2024 zerst\u00f6rte Hochwasser im Landkreis G\u00fcnzburg viel Bausubstanz, auch das Auwald Sportzentrum in Grundremmingen. Im November 2024 begann die Sanierung. Der Malerbetrieb W&amp;M Kraus \u2013 ebenfalls in Grundremmingen zu Hause \u2013 \u00fcbernahm die Instandsetzung von W\u00e4nden, und T\u00fcren.<\/p>\n<p>Die W\u00e4nde wurden im ersten Schritt gespachtelt und anschlie\u00dfend mit der Einschicht-Dispersionsfarbe \u201eProfi XXL\u201c gestrichen. \u201eDer geringe Verbrauch aufgrund der hohen Deckkraft und die gute Optik auch bei Streiflicht haben zur Wahl dieser Innenfarbe gef\u00fchrt\u201c, sagt Malermeister Martin Kraus. Ausschlaggebend war auch, dass die Farbe direkt, ohne Haftgrund, auf die sehr glatte Spachteloberfl\u00e4che gestrichen werden konnte. Bei den T\u00fcren galt es zu beachten, dass diese als Brandschutzt\u00fcren ausgef\u00fchrt waren (FSA), die urspr\u00fcngliche Beschichtung war zudem schlecht. Dahen erfolgte das Lackieren (mit der Grundierung All-Grund und dem All-Deck-Lack) manuell mit der Rolle.<\/p>\n<p>&nbsp;<\/p>\n<hr \/>\n<p>&nbsp;<\/p>\n<p><a href=\"http:\/\/www.pr-neu.de\/newsroom\/wordpress\/wp-content\/uploads\/2026\/02\/26_02_Auwald-Sportzentrum_Brandschutztuer_K.jpg\" target=\"_blank\" rel=\"noopener\"><img loading=\"lazy\" decoding=\"async\" class=\"aligncenter wp-image-18266 size-medium\" src=\"http:\/\/www.pr-neu.de\/newsroom\/wordpress\/wp-content\/uploads\/2026\/02\/26_02_Auwald-Sportzentrum_Brandschutztuer_K-200x300.jpg\" alt=\"\" width=\"200\" height=\"300\" srcset=\"https:\/\/www.pr-neu.de\/newsroom\/wordpress\/wp-content\/uploads\/2026\/02\/26_02_Auwald-Sportzentrum_Brandschutztuer_K-200x300.jpg 200w, https:\/\/www.pr-neu.de\/newsroom\/wordpress\/wp-content\/uploads\/2026\/02\/26_02_Auwald-Sportzentrum_Brandschutztuer_K-683x1024.jpg 683w, https:\/\/www.pr-neu.de\/newsroom\/wordpress\/wp-content\/uploads\/2026\/02\/26_02_Auwald-Sportzentrum_Brandschutztuer_K-768x1151.jpg 768w, https:\/\/www.pr-neu.de\/newsroom\/wordpress\/wp-content\/uploads\/2026\/02\/26_02_Auwald-Sportzentrum_Brandschutztuer_K-1025x1536.jpg 1025w, https:\/\/www.pr-neu.de\/newsroom\/wordpress\/wp-content\/uploads\/2026\/02\/26_02_Auwald-Sportzentrum_Brandschutztuer_K-1366x2048.jpg 1366w, https:\/\/www.pr-neu.de\/newsroom\/wordpress\/wp-content\/uploads\/2026\/02\/26_02_Auwald-Sportzentrum_Brandschutztuer_K-73x110.jpg 73w, https:\/\/www.pr-neu.de\/newsroom\/wordpress\/wp-content\/uploads\/2026\/02\/26_02_Auwald-Sportzentrum_Brandschutztuer_K-280x420.jpg 280w, https:\/\/www.pr-neu.de\/newsroom\/wordpress\/wp-content\/uploads\/2026\/02\/26_02_Auwald-Sportzentrum_Brandschutztuer_K-287x430.jpg 287w, https:\/\/www.pr-neu.de\/newsroom\/wordpress\/wp-content\/uploads\/2026\/02\/26_02_Auwald-Sportzentrum_Brandschutztuer_K.jpg 1601w\" sizes=\"auto, (max-width: 200px) 100vw, 200px\" \/><\/a><\/p>\n<p style=\"text-align: center;\"><em>Die Brandschutzt\u00fcren (Feuerschutzabschl\u00fcsse) sahen bereits vor dem Schaden nicht mehr sch\u00f6n aus. Das Team von Malermeister Kraus arbeitete hier h\u00e4ndisch mit der Rolle, um die T\u00fcren wieder ansehnlich zu gestalten.<\/em><\/p>\n<p>&nbsp;<\/p>\n<p><a href=\"http:\/\/www.pr-neu.de\/newsroom\/wordpress\/wp-content\/uploads\/2026\/02\/26_02_Auwald-Sportzentrum_Innenwaende_K.jpg\" target=\"_blank\" rel=\"noopener\"><img loading=\"lazy\" decoding=\"async\" class=\"aligncenter wp-image-18267 size-medium\" src=\"http:\/\/www.pr-neu.de\/newsroom\/wordpress\/wp-content\/uploads\/2026\/02\/26_02_Auwald-Sportzentrum_Innenwaende_K-200x300.jpg\" alt=\"\" width=\"200\" height=\"300\" srcset=\"https:\/\/www.pr-neu.de\/newsroom\/wordpress\/wp-content\/uploads\/2026\/02\/26_02_Auwald-Sportzentrum_Innenwaende_K-200x300.jpg 200w, https:\/\/www.pr-neu.de\/newsroom\/wordpress\/wp-content\/uploads\/2026\/02\/26_02_Auwald-Sportzentrum_Innenwaende_K-683x1024.jpg 683w, https:\/\/www.pr-neu.de\/newsroom\/wordpress\/wp-content\/uploads\/2026\/02\/26_02_Auwald-Sportzentrum_Innenwaende_K-768x1151.jpg 768w, https:\/\/www.pr-neu.de\/newsroom\/wordpress\/wp-content\/uploads\/2026\/02\/26_02_Auwald-Sportzentrum_Innenwaende_K-1025x1536.jpg 1025w, https:\/\/www.pr-neu.de\/newsroom\/wordpress\/wp-content\/uploads\/2026\/02\/26_02_Auwald-Sportzentrum_Innenwaende_K-1366x2048.jpg 1366w, https:\/\/www.pr-neu.de\/newsroom\/wordpress\/wp-content\/uploads\/2026\/02\/26_02_Auwald-Sportzentrum_Innenwaende_K-73x110.jpg 73w, https:\/\/www.pr-neu.de\/newsroom\/wordpress\/wp-content\/uploads\/2026\/02\/26_02_Auwald-Sportzentrum_Innenwaende_K-280x420.jpg 280w, https:\/\/www.pr-neu.de\/newsroom\/wordpress\/wp-content\/uploads\/2026\/02\/26_02_Auwald-Sportzentrum_Innenwaende_K-287x430.jpg 287w, https:\/\/www.pr-neu.de\/newsroom\/wordpress\/wp-content\/uploads\/2026\/02\/26_02_Auwald-Sportzentrum_Innenwaende_K.jpg 1601w\" sizes=\"auto, (max-width: 200px) 100vw, 200px\" \/><\/a><\/p>\n<p style=\"text-align: center;\"><em>Viel Fl\u00e4che bei den weitl\u00e4ufigen Erschlie\u00dfungszonen des Sportzentrums: Die Innenfarbe \u201eProfi XXL\u201c sorgt f\u00fcr harmonische W\u00e4nde auch im Streiflicht.<\/em><\/p>\n<p>&nbsp;<\/p>\n<p><a href=\"http:\/\/www.pr-neu.de\/newsroom\/wordpress\/wp-content\/uploads\/2026\/02\/26_02_Auwald-Sportzentrum_Maler_Kraus_K.jpg\" target=\"_blank\" rel=\"noopener\"><img loading=\"lazy\" decoding=\"async\" class=\"aligncenter wp-image-18268 size-medium\" src=\"http:\/\/www.pr-neu.de\/newsroom\/wordpress\/wp-content\/uploads\/2026\/02\/26_02_Auwald-Sportzentrum_Maler_Kraus_K-300x200.jpg\" alt=\"\" width=\"300\" height=\"200\" srcset=\"https:\/\/www.pr-neu.de\/newsroom\/wordpress\/wp-content\/uploads\/2026\/02\/26_02_Auwald-Sportzentrum_Maler_Kraus_K-300x200.jpg 300w, https:\/\/www.pr-neu.de\/newsroom\/wordpress\/wp-content\/uploads\/2026\/02\/26_02_Auwald-Sportzentrum_Maler_Kraus_K-1024x683.jpg 1024w, https:\/\/www.pr-neu.de\/newsroom\/wordpress\/wp-content\/uploads\/2026\/02\/26_02_Auwald-Sportzentrum_Maler_Kraus_K-768x512.jpg 768w, https:\/\/www.pr-neu.de\/newsroom\/wordpress\/wp-content\/uploads\/2026\/02\/26_02_Auwald-Sportzentrum_Maler_Kraus_K-1536x1025.jpg 1536w, https:\/\/www.pr-neu.de\/newsroom\/wordpress\/wp-content\/uploads\/2026\/02\/26_02_Auwald-Sportzentrum_Maler_Kraus_K-2048x1366.jpg 2048w, https:\/\/www.pr-neu.de\/newsroom\/wordpress\/wp-content\/uploads\/2026\/02\/26_02_Auwald-Sportzentrum_Maler_Kraus_K-110x73.jpg 110w, https:\/\/www.pr-neu.de\/newsroom\/wordpress\/wp-content\/uploads\/2026\/02\/26_02_Auwald-Sportzentrum_Maler_Kraus_K-420x280.jpg 420w, https:\/\/www.pr-neu.de\/newsroom\/wordpress\/wp-content\/uploads\/2026\/02\/26_02_Auwald-Sportzentrum_Maler_Kraus_K-645x430.jpg 645w\" sizes=\"auto, (max-width: 300px) 100vw, 300px\" \/><\/a><\/p>\n<p style=\"text-align: center;\"><em>Ein Projekt, zwei Malergenerationen: Martin und Michael Kraus vom M&amp;W Kraus aus Grundremmingen sanierten das durch Hochwasser gesch\u00e4digte Auwald Sportzentrum.<\/em><\/p>\n<p>&nbsp;<\/p>\n<p><a href=\"http:\/\/www.pr-neu.de\/newsroom\/wordpress\/wp-content\/uploads\/2026\/02\/26_02_Auwald-Sportzentrum_Sporthalle_K.jpg\" target=\"_blank\" rel=\"noopener\"><img loading=\"lazy\" decoding=\"async\" class=\"aligncenter wp-image-18269 size-medium\" src=\"http:\/\/www.pr-neu.de\/newsroom\/wordpress\/wp-content\/uploads\/2026\/02\/26_02_Auwald-Sportzentrum_Sporthalle_K-300x200.jpg\" alt=\"\" width=\"300\" height=\"200\" srcset=\"https:\/\/www.pr-neu.de\/newsroom\/wordpress\/wp-content\/uploads\/2026\/02\/26_02_Auwald-Sportzentrum_Sporthalle_K-300x200.jpg 300w, https:\/\/www.pr-neu.de\/newsroom\/wordpress\/wp-content\/uploads\/2026\/02\/26_02_Auwald-Sportzentrum_Sporthalle_K-1024x683.jpg 1024w, https:\/\/www.pr-neu.de\/newsroom\/wordpress\/wp-content\/uploads\/2026\/02\/26_02_Auwald-Sportzentrum_Sporthalle_K-768x512.jpg 768w, https:\/\/www.pr-neu.de\/newsroom\/wordpress\/wp-content\/uploads\/2026\/02\/26_02_Auwald-Sportzentrum_Sporthalle_K-1536x1025.jpg 1536w, https:\/\/www.pr-neu.de\/newsroom\/wordpress\/wp-content\/uploads\/2026\/02\/26_02_Auwald-Sportzentrum_Sporthalle_K-2048x1366.jpg 2048w, https:\/\/www.pr-neu.de\/newsroom\/wordpress\/wp-content\/uploads\/2026\/02\/26_02_Auwald-Sportzentrum_Sporthalle_K-110x73.jpg 110w, https:\/\/www.pr-neu.de\/newsroom\/wordpress\/wp-content\/uploads\/2026\/02\/26_02_Auwald-Sportzentrum_Sporthalle_K-420x280.jpg 420w, https:\/\/www.pr-neu.de\/newsroom\/wordpress\/wp-content\/uploads\/2026\/02\/26_02_Auwald-Sportzentrum_Sporthalle_K-645x430.jpg 645w\" sizes=\"auto, (max-width: 300px) 100vw, 300px\" \/><\/a><\/p>\n<p style=\"text-align: center;\"><a href=\"http:\/\/www.pr-neu.de\/newsroom\/wordpress\/wp-content\/uploads\/2026\/02\/26_02_Auwald-Sportzentrum_Eventraum_K.jpg\" target=\"_blank\" rel=\"noopener\"><img loading=\"lazy\" decoding=\"async\" class=\"aligncenter wp-image-18270 size-medium\" src=\"http:\/\/www.pr-neu.de\/newsroom\/wordpress\/wp-content\/uploads\/2026\/02\/26_02_Auwald-Sportzentrum_Eventraum_K-300x200.jpg\" alt=\"\" width=\"300\" height=\"200\" srcset=\"https:\/\/www.pr-neu.de\/newsroom\/wordpress\/wp-content\/uploads\/2026\/02\/26_02_Auwald-Sportzentrum_Eventraum_K-300x200.jpg 300w, https:\/\/www.pr-neu.de\/newsroom\/wordpress\/wp-content\/uploads\/2026\/02\/26_02_Auwald-Sportzentrum_Eventraum_K-1024x683.jpg 1024w, https:\/\/www.pr-neu.de\/newsroom\/wordpress\/wp-content\/uploads\/2026\/02\/26_02_Auwald-Sportzentrum_Eventraum_K-768x512.jpg 768w, https:\/\/www.pr-neu.de\/newsroom\/wordpress\/wp-content\/uploads\/2026\/02\/26_02_Auwald-Sportzentrum_Eventraum_K-1536x1025.jpg 1536w, https:\/\/www.pr-neu.de\/newsroom\/wordpress\/wp-content\/uploads\/2026\/02\/26_02_Auwald-Sportzentrum_Eventraum_K-2048x1366.jpg 2048w, https:\/\/www.pr-neu.de\/newsroom\/wordpress\/wp-content\/uploads\/2026\/02\/26_02_Auwald-Sportzentrum_Eventraum_K-110x73.jpg 110w, https:\/\/www.pr-neu.de\/newsroom\/wordpress\/wp-content\/uploads\/2026\/02\/26_02_Auwald-Sportzentrum_Eventraum_K-420x280.jpg 420w, https:\/\/www.pr-neu.de\/newsroom\/wordpress\/wp-content\/uploads\/2026\/02\/26_02_Auwald-Sportzentrum_Eventraum_K-645x430.jpg 645w\" sizes=\"auto, (max-width: 300px) 100vw, 300px\" \/><\/a><\/p>\n<p style=\"text-align: center;\"><em>Das Sportzentrum bietet Fl\u00e4chen f\u00fcr verschiedene Sportarten und Veranstaltungen.<\/em><\/p>\n<p style=\"text-align: center;\">Bilder: Guntram Schindler \/ S\u00fcdwest<\/p>\n","protected":false},"excerpt":{"rendered":"<p>Saniert nach Hochwasserschaden: Auwald Sportzentrum in Grundremmingen W\u00e4nde, B\u00f6den, T\u00fcren: Hochwasser hatte die Sporthalle in Grundremmingen stark gesch\u00e4digt. Der ortsans\u00e4ssige Malerbetrieb Kraus \u00fcbernahm die Sanierung \u2013 vollst\u00e4ndig. Farben und Lacke kamen ebenfalls aus einer Hand, der Fachmann w\u00e4hlte Profiprodukte von S\u00fcdwest. Im Juni 2024 zerst\u00f6rte Hochwasser im Landkreis G\u00fcnzburg viel Bausubstanz, auch das Auwald Sportzentrum [&hellip;]<\/p>\n","protected":false},"author":9,"featured_media":18270,"comment_status":"closed","ping_status":"open","sticky":false,"template":"","format":"standard","meta":{"footnotes":""},"categories":[661,17],"tags":[],"class_list":["post-18265","post","type-post","status-publish","format-standard","has-post-thumbnail","hentry","category-allgemein","category-sudwest"],"_links":{"self":[{"href":"https:\/\/www.pr-neu.de\/newsroom\/wp-json\/wp\/v2\/posts\/18265","targetHints":{"allow":["GET"]}}],"collection":[{"href":"https:\/\/www.pr-neu.de\/newsroom\/wp-json\/wp\/v2\/posts"}],"about":[{"href":"https:\/\/www.pr-neu.de\/newsroom\/wp-json\/wp\/v2\/types\/post"}],"author":[{"embeddable":true,"href":"https:\/\/www.pr-neu.de\/newsroom\/wp-json\/wp\/v2\/users\/9"}],"replies":[{"embeddable":true,"href":"https:\/\/www.pr-neu.de\/newsroom\/wp-json\/wp\/v2\/comments?post=18265"}],"version-history":[{"count":1,"href":"https:\/\/www.pr-neu.de\/newsroom\/wp-json\/wp\/v2\/posts\/18265\/revisions"}],"predecessor-version":[{"id":18271,"href":"https:\/\/www.pr-neu.de\/newsroom\/wp-json\/wp\/v2\/posts\/18265\/revisions\/18271"}],"wp:featuredmedia":[{"embeddable":true,"href":"https:\/\/www.pr-neu.de\/newsroom\/wp-json\/wp\/v2\/media\/18270"}],"wp:attachment":[{"href":"https:\/\/www.pr-neu.de\/newsroom\/wp-json\/wp\/v2\/media?parent=18265"}],"wp:term":[{"taxonomy":"category","embeddable":true,"href":"https:\/\/www.pr-neu.de\/newsroom\/wp-json\/wp\/v2\/categories?post=18265"},{"taxonomy":"post_tag","embeddable":true,"href":"https:\/\/www.pr-neu.de\/newsroom\/wp-json\/wp\/v2\/tags?post=18265"}],"curies":[{"name":"wp","href":"https:\/\/api.w.org\/{rel}","templated":true}]}}