{"id":18251,"date":"2026-02-05T10:17:14","date_gmt":"2026-02-05T09:17:14","guid":{"rendered":"https:\/\/www.pr-neu.de\/newsroom\/?p=18251"},"modified":"2026-02-05T10:17:24","modified_gmt":"2026-02-05T09:17:24","slug":"klare-kante-ohne-rechten-winkel","status":"publish","type":"post","link":"https:\/\/www.pr-neu.de\/newsroom\/klare-kante-ohne-rechten-winkel\/","title":{"rendered":"Klare Kante (ohne rechten Winkel)"},"content":{"rendered":"<p>&nbsp;<\/p>\n<p><!--MBNHE--><u>WDVS-Detail: Kantenschutzprofil Y-Flex<\/u><\/p>\n<p>Nicht jede Geb\u00e4udekante verl\u00e4uft im rechten Winkel, doch gerade solche Kanten pr\u00e4gen einen Bau besonders \u2013 wenn sie sauber ausgef\u00fchrt sind. Hier hilft das Sto-Kantenschutzprofil Y-Flex. Das wei\u00dfe, 250 cm lange Kunststoffprofil mit integriertem Glasfasergewebe ist speziell daf\u00fcr entwickelt, pr\u00e4gnante Kanten mit stumpfem oder spitzem Winkel auszubilden. Bei Au\u00dfenecken sind Winkel ab 60 Grad, bei Innenecken stumpfe Winkel ab 90 Grad m\u00f6glich. Unterhalb des Kantenprofils wird die Fassade durchgehend armiert und mit 6 Millimeter-Abzugskante in den Unterputz eingebettet. Anschlie\u00dfend erfolgt die Applikation des Oberputzes. Die Abzugskante des Profils soll aus dem Unterputz herausragen, damit sie nach dem Auftrag des Oberputzes noch leicht sichtbar bleibt.<\/p>\n<p>&nbsp;<\/p>\n<hr \/>\n<p>&nbsp;<\/p>\n<p style=\"text-align: center;\"><a href=\"http:\/\/www.pr-neu.de\/newsroom\/wordpress\/wp-content\/uploads\/2026\/02\/26_08_Sto_Y_Profil_K.jpg\" target=\"_blank\" rel=\"noopener\"><img loading=\"lazy\" decoding=\"async\" class=\"aligncenter wp-image-18252 size-medium\" src=\"http:\/\/www.pr-neu.de\/newsroom\/wordpress\/wp-content\/uploads\/2026\/02\/26_08_Sto_Y_Profil_K-300x225.jpg\" alt=\"\" width=\"300\" height=\"225\" srcset=\"https:\/\/www.pr-neu.de\/newsroom\/wordpress\/wp-content\/uploads\/2026\/02\/26_08_Sto_Y_Profil_K-300x225.jpg 300w, https:\/\/www.pr-neu.de\/newsroom\/wordpress\/wp-content\/uploads\/2026\/02\/26_08_Sto_Y_Profil_K-1024x768.jpg 1024w, https:\/\/www.pr-neu.de\/newsroom\/wordpress\/wp-content\/uploads\/2026\/02\/26_08_Sto_Y_Profil_K-768x576.jpg 768w, https:\/\/www.pr-neu.de\/newsroom\/wordpress\/wp-content\/uploads\/2026\/02\/26_08_Sto_Y_Profil_K-1536x1152.jpg 1536w, https:\/\/www.pr-neu.de\/newsroom\/wordpress\/wp-content\/uploads\/2026\/02\/26_08_Sto_Y_Profil_K-2048x1536.jpg 2048w, https:\/\/www.pr-neu.de\/newsroom\/wordpress\/wp-content\/uploads\/2026\/02\/26_08_Sto_Y_Profil_K-110x83.jpg 110w, https:\/\/www.pr-neu.de\/newsroom\/wordpress\/wp-content\/uploads\/2026\/02\/26_08_Sto_Y_Profil_K-420x315.jpg 420w, https:\/\/www.pr-neu.de\/newsroom\/wordpress\/wp-content\/uploads\/2026\/02\/26_08_Sto_Y_Profil_K-573x430.jpg 573w\" sizes=\"auto, (max-width: 300px) 100vw, 300px\" \/><\/a><\/p>\n<p style=\"text-align: center;\"><!--MBNHE--><em>Kanten au\u00dferhalb des rechten Winkels: Sauber mit dem \u201eSto-Kantenschutzprofil Y-Flex\u201c.<\/em><\/p>\n<p style=\"text-align: center;\">Bild: Martin Baitinger \/ Sto SE &amp; Co. KGaA<\/p>\n<p>&nbsp;<\/p>\n<hr \/>\n<p>Abdruck honorarfrei, Belegexemplar erbeten.<\/p>\n","protected":false},"excerpt":{"rendered":"<p>&nbsp; WDVS-Detail: Kantenschutzprofil Y-Flex Nicht jede Geb\u00e4udekante verl\u00e4uft im rechten Winkel, doch gerade solche Kanten pr\u00e4gen einen Bau besonders \u2013 wenn sie sauber ausgef\u00fchrt sind. Hier hilft das Sto-Kantenschutzprofil Y-Flex. Das wei\u00dfe, 250 cm lange Kunststoffprofil mit integriertem Glasfasergewebe ist speziell daf\u00fcr entwickelt, pr\u00e4gnante Kanten mit stumpfem oder spitzem Winkel auszubilden. Bei Au\u00dfenecken sind Winkel [&hellip;]<\/p>\n","protected":false},"author":9,"featured_media":18252,"comment_status":"closed","ping_status":"open","sticky":false,"template":"","format":"standard","meta":{"footnotes":""},"categories":[661,15],"tags":[3506,3508,3510,3416,3512,2189,627],"class_list":["post-18251","post","type-post","status-publish","format-standard","has-post-thumbnail","hentry","category-allgemein","category-sto","tag-ecken","tag-nichtrechtwinklig","tag-profil","tag-sto-de","tag-yflex","tag-stodeutschland","tag-wdvs"],"_links":{"self":[{"href":"https:\/\/www.pr-neu.de\/newsroom\/wp-json\/wp\/v2\/posts\/18251","targetHints":{"allow":["GET"]}}],"collection":[{"href":"https:\/\/www.pr-neu.de\/newsroom\/wp-json\/wp\/v2\/posts"}],"about":[{"href":"https:\/\/www.pr-neu.de\/newsroom\/wp-json\/wp\/v2\/types\/post"}],"author":[{"embeddable":true,"href":"https:\/\/www.pr-neu.de\/newsroom\/wp-json\/wp\/v2\/users\/9"}],"replies":[{"embeddable":true,"href":"https:\/\/www.pr-neu.de\/newsroom\/wp-json\/wp\/v2\/comments?post=18251"}],"version-history":[{"count":2,"href":"https:\/\/www.pr-neu.de\/newsroom\/wp-json\/wp\/v2\/posts\/18251\/revisions"}],"predecessor-version":[{"id":18254,"href":"https:\/\/www.pr-neu.de\/newsroom\/wp-json\/wp\/v2\/posts\/18251\/revisions\/18254"}],"wp:featuredmedia":[{"embeddable":true,"href":"https:\/\/www.pr-neu.de\/newsroom\/wp-json\/wp\/v2\/media\/18252"}],"wp:attachment":[{"href":"https:\/\/www.pr-neu.de\/newsroom\/wp-json\/wp\/v2\/media?parent=18251"}],"wp:term":[{"taxonomy":"category","embeddable":true,"href":"https:\/\/www.pr-neu.de\/newsroom\/wp-json\/wp\/v2\/categories?post=18251"},{"taxonomy":"post_tag","embeddable":true,"href":"https:\/\/www.pr-neu.de\/newsroom\/wp-json\/wp\/v2\/tags?post=18251"}],"curies":[{"name":"wp","href":"https:\/\/api.w.org\/{rel}","templated":true}]}}