{"id":18242,"date":"2026-01-27T10:16:05","date_gmt":"2026-01-27T09:16:05","guid":{"rendered":"https:\/\/www.pr-neu.de\/newsroom\/?p=18242"},"modified":"2026-01-27T10:16:45","modified_gmt":"2026-01-27T09:16:45","slug":"fdp-politiker-besuchen-sto-in-donaueschingen","status":"publish","type":"post","link":"https:\/\/www.pr-neu.de\/newsroom\/fdp-politiker-besuchen-sto-in-donaueschingen\/","title":{"rendered":"FDP-Politiker besuchen Sto in Donaueschingen"},"content":{"rendered":"<p>&nbsp;<\/p>\n<p><strong>Niko Reith, wirtschaftspolitischer Sprecher der FDP\/DVP-Landtagsfraktion in Baden-W\u00fcrttemberg, und Nico Weinmann, stellvertretender Vorsitzender der FDP\/DVP-Landtagsfraktion, tauschten sich zu wirtschaftspolitischen Themen mit dem Sto-Technikvorstand Jost Bendel am Produktionsstandort in Donaueschingen aus.<\/strong><\/p>\n<p><strong>St\u00fchlingen, 23. Januar 2026.<\/strong> Die beiden FDP-Mitglieder des baden-w\u00fcrttembergischen Landtags, Niko Reith und Nico Weinmann, haben im Vorfeld der Landtagswahl den Sto-Produktionsstandort in Donaueschingen besucht. Im Mittelpunkt des Treffens standen Gespr\u00e4che mit dem Sto-Technikvorstand Jost Bendel zur aktuellen konjunkturellen Lage in der Bauindustrie sowie den politischen Rahmenbedingungen.<\/p>\n<p>Bei einem Rundgang durch die Produktionsst\u00e4tten erhielten die beiden Abgeordneten Einblicke in das Produktportfolio von Sto sowie in die Abl\u00e4ufe am Standort. Im anschlie\u00dfenden Austausch wurden insbesondere die herausfordernden wirtschaftlichen und politischen Rahmenbedingungen f\u00fcr die Branche thematisiert. Bendel machte deutlich: \u201eTrotz des weiterhin schwierigen konjunkturellen Umfelds h\u00e4lt Sto am Standort Deutschland fest.<\/p>\n<p>Allerdings brauchen wir verl\u00e4ssliche Gesetze, die auch planm\u00e4\u00dfig umgesetzt werden. Ansonsten besteht eine Planungsunsicherheit, die zur Investitionszur\u00fcckhaltung f\u00fchrt, so auch bei uns. Ein bereits geplanter Innovations-Campus in St\u00fchlingen, mit einem Budget von rund 90 Millionen Euro, haben wir vorerst zur\u00fcckgestellt.\u201c Derzeit werden politische Debatten \u00fcber die Verschiebung von Gesetzesvorhaben wie beispielsweise zur EU-Geb\u00e4uderichtlinie (EPBD) gef\u00fchrt, die Planungen von Unternehmen infrage stellen k\u00f6nnen. Das Gesetzt zum Europ\u00e4ischen Emissionshandelssystem 2 wurde bereits um ein Jahr verschoben.<\/p>\n<p>Niko Reith betonte die Bedeutung von Sto f\u00fcr die regionale und bundesweite Wirtschaft: \u201eUns ist vollkommen klar, dass die hiesige Wirtschaft gest\u00e4rkt werden muss und sie daf\u00fcr verl\u00e4ssliche und klare Gesetzesvorgaben ben\u00f6tigt. Bei der Landtagswahl steht die FDP f\u00fcr Technologie- und Innovationsfreund-lichkeit sowie f\u00fcr den Abbau von unn\u00f6tigen Vorschriften. Der Mittelstand ist ein wichtiger Faktor f\u00fcr die deutsche Wirtschaft, der auch zuk\u00fcnftig Bestand haben muss.\u201c Nico Weinmann hob die Rolle der Baubranche hervor: \u201eDer Bausektor muss wieder in Schwung kommen, um der Wohnungsknappheit entgegenzutreten, Arbeitspl\u00e4tze zu sichern und die Wertsch\u00f6pfung in unserem Land zu st\u00fctzen. Dazu geh\u00f6rt sicherlich auch, die Unternehmen von \u00fcberbordender B\u00fcrokratie zu entlasten und ihnen gesetzgeberisch Planungssicherheit zu verschaffen.\u201c<\/p>\n<p>In den Gespr\u00e4chen wurde deutlich, wie eng wirtschaftliche Entwicklung und politische Verl\u00e4sslichkeit miteinander verkn\u00fcpft sind. Zudem waren sich alle einig, wie wichtig der kontinuierliche Dialog zwischen Industrie und Politik bleibt.<\/p>\n<p>&nbsp;<\/p>\n<hr \/>\n<p>&nbsp;<\/p>\n<p><a href=\"http:\/\/www.pr-neu.de\/newsroom\/wordpress\/wp-content\/uploads\/2026\/01\/26_07_FDP_Sto_Donaueschingen_K.jpg\" target=\"_blank\" rel=\"noopener\"><img loading=\"lazy\" decoding=\"async\" class=\"aligncenter wp-image-18243 size-medium\" src=\"http:\/\/www.pr-neu.de\/newsroom\/wordpress\/wp-content\/uploads\/2026\/01\/26_07_FDP_Sto_Donaueschingen_K-300x200.jpg\" alt=\"\" width=\"300\" height=\"200\" srcset=\"https:\/\/www.pr-neu.de\/newsroom\/wordpress\/wp-content\/uploads\/2026\/01\/26_07_FDP_Sto_Donaueschingen_K-300x200.jpg 300w, https:\/\/www.pr-neu.de\/newsroom\/wordpress\/wp-content\/uploads\/2026\/01\/26_07_FDP_Sto_Donaueschingen_K-1024x683.jpg 1024w, https:\/\/www.pr-neu.de\/newsroom\/wordpress\/wp-content\/uploads\/2026\/01\/26_07_FDP_Sto_Donaueschingen_K-768x512.jpg 768w, https:\/\/www.pr-neu.de\/newsroom\/wordpress\/wp-content\/uploads\/2026\/01\/26_07_FDP_Sto_Donaueschingen_K-1536x1024.jpg 1536w, https:\/\/www.pr-neu.de\/newsroom\/wordpress\/wp-content\/uploads\/2026\/01\/26_07_FDP_Sto_Donaueschingen_K-2048x1365.jpg 2048w, https:\/\/www.pr-neu.de\/newsroom\/wordpress\/wp-content\/uploads\/2026\/01\/26_07_FDP_Sto_Donaueschingen_K-110x73.jpg 110w, https:\/\/www.pr-neu.de\/newsroom\/wordpress\/wp-content\/uploads\/2026\/01\/26_07_FDP_Sto_Donaueschingen_K-420x280.jpg 420w, https:\/\/www.pr-neu.de\/newsroom\/wordpress\/wp-content\/uploads\/2026\/01\/26_07_FDP_Sto_Donaueschingen_K-645x430.jpg 645w\" sizes=\"auto, (max-width: 300px) 100vw, 300px\" \/><\/a><\/p>\n<p style=\"text-align: center;\">Nico Weinmann (links) und Niko Reith (Mitte) von der FDP\/DVP-Landtagsfraktion in Baden-W\u00fcrttemberg besuchten jetzt Sto am Standort Donaueschingen und sprachen dort mit Sto Technikvorstand Jost Bendel \u00fcber aktuelle politische Themen.<\/p>\n<p style=\"text-align: center;\">Bild: Sto SE &amp; Co. KGaA<\/p>\n<p>&nbsp;<\/p>\n<hr \/>\n<p>Abdruck honorarfrei, Belegexemplar erbeten.<\/p>\n","protected":false},"excerpt":{"rendered":"<p>&nbsp; Niko Reith, wirtschaftspolitischer Sprecher der FDP\/DVP-Landtagsfraktion in Baden-W\u00fcrttemberg, und Nico Weinmann, stellvertretender Vorsitzender der FDP\/DVP-Landtagsfraktion, tauschten sich zu wirtschaftspolitischen Themen mit dem Sto-Technikvorstand Jost Bendel am Produktionsstandort in Donaueschingen aus. St\u00fchlingen, 23. Januar 2026. Die beiden FDP-Mitglieder des baden-w\u00fcrttembergischen Landtags, Niko Reith und Nico Weinmann, haben im Vorfeld der Landtagswahl den Sto-Produktionsstandort in Donaueschingen [&hellip;]<\/p>\n","protected":false},"author":9,"featured_media":18243,"comment_status":"closed","ping_status":"open","sticky":false,"template":"","format":"standard","meta":{"footnotes":""},"categories":[661,15],"tags":[],"class_list":["post-18242","post","type-post","status-publish","format-standard","has-post-thumbnail","hentry","category-allgemein","category-sto"],"_links":{"self":[{"href":"https:\/\/www.pr-neu.de\/newsroom\/wp-json\/wp\/v2\/posts\/18242","targetHints":{"allow":["GET"]}}],"collection":[{"href":"https:\/\/www.pr-neu.de\/newsroom\/wp-json\/wp\/v2\/posts"}],"about":[{"href":"https:\/\/www.pr-neu.de\/newsroom\/wp-json\/wp\/v2\/types\/post"}],"author":[{"embeddable":true,"href":"https:\/\/www.pr-neu.de\/newsroom\/wp-json\/wp\/v2\/users\/9"}],"replies":[{"embeddable":true,"href":"https:\/\/www.pr-neu.de\/newsroom\/wp-json\/wp\/v2\/comments?post=18242"}],"version-history":[{"count":1,"href":"https:\/\/www.pr-neu.de\/newsroom\/wp-json\/wp\/v2\/posts\/18242\/revisions"}],"predecessor-version":[{"id":18244,"href":"https:\/\/www.pr-neu.de\/newsroom\/wp-json\/wp\/v2\/posts\/18242\/revisions\/18244"}],"wp:featuredmedia":[{"embeddable":true,"href":"https:\/\/www.pr-neu.de\/newsroom\/wp-json\/wp\/v2\/media\/18243"}],"wp:attachment":[{"href":"https:\/\/www.pr-neu.de\/newsroom\/wp-json\/wp\/v2\/media?parent=18242"}],"wp:term":[{"taxonomy":"category","embeddable":true,"href":"https:\/\/www.pr-neu.de\/newsroom\/wp-json\/wp\/v2\/categories?post=18242"},{"taxonomy":"post_tag","embeddable":true,"href":"https:\/\/www.pr-neu.de\/newsroom\/wp-json\/wp\/v2\/tags?post=18242"}],"curies":[{"name":"wp","href":"https:\/\/api.w.org\/{rel}","templated":true}]}}