{"id":18218,"date":"2026-01-07T08:44:30","date_gmt":"2026-01-07T07:44:30","guid":{"rendered":"https:\/\/www.pr-neu.de\/newsroom\/?p=18218"},"modified":"2026-01-21T08:49:18","modified_gmt":"2026-01-21T07:49:18","slug":"sto-weiter-wdvs-weltmarktfuehrer","status":"publish","type":"post","link":"https:\/\/www.pr-neu.de\/newsroom\/sto-weiter-wdvs-weltmarktfuehrer\/","title":{"rendered":"Sto weiter WDVS-Weltmarktf\u00fchrer"},"content":{"rendered":"<p>&nbsp;<\/p>\n<p><!--MBNHE--><strong>Zum siebten Mal ist die Sto SE &amp; Co. KGaA Weltmarktf\u00fchrer f\u00fcr W\u00e4rmed\u00e4mm-Verbundsysteme. Auch 2026 tr\u00e4gt das Unternehmen diesen Titel, von der Wirtschaftswoche vergeben.<\/strong><\/p>\n<p><!--MBNHE-->J\u00e4hrlich zeichnet die Wirtschaftswoche \u201eWeltmarktf\u00fchrer\u201c aus \u2013 das sind Mittelst\u00e4ndler, die auf wachstumsstarken Marktfeldern aktiv sind, in Innovation investieren und international agieren. Die weiteren Faktoren sind eine solide Finanzstruktur und der Blick auf die Strahlkraft der Marke. Jetzt verk\u00fcndete das Wirtschaftsmagazin die Weltmarktf\u00fchrer Champions 2026. Die Voraussetzungen: H\u00f6chster oder zweith\u00f6chster Marktanteil, Jahresumsatz von mehr als 50 Millionen Euro, davon die H\u00e4lfte im Ausland erwirtschaftet auf mindestens drei Kontinenten. \u201eDie bereits siebte Auszeichnung belegt, dass wir selbst bei diesen anhaltenden wirtschaftspolitischen Herausforderungen auf Kurs bleiben\u201c, sagt Sto-Vorstandsvorsitzender Rainer H\u00fcttenberger. \u201eTrotz der deutlichen Einschnitte im Gesamtmarkt entwickelt Sto seine Internationalisierung weiter und setzt bei Forschung und Entwicklung auf zukunftsf\u00e4hige und nachhaltige Produkte. Durch das Engagement unserer Mitarbeitenden ist dieser Erfolg wieder m\u00f6glich geworden.\u201c<\/p>\n<p>&nbsp;<\/p>\n<hr \/>\n<p>&nbsp;<\/p>\n<p style=\"text-align: center;\"><img loading=\"lazy\" decoding=\"async\" class=\"size-medium wp-image-18219 aligncenter\" src=\"http:\/\/www.pr-neu.de\/newsroom\/wordpress\/wp-content\/uploads\/2026\/01\/26_01_WiWo_Weltmarktfuehrer_Champion2026_Sto-195x300.jpg\" alt=\"\" width=\"195\" height=\"300\" srcset=\"https:\/\/www.pr-neu.de\/newsroom\/wordpress\/wp-content\/uploads\/2026\/01\/26_01_WiWo_Weltmarktfuehrer_Champion2026_Sto-195x300.jpg 195w, https:\/\/www.pr-neu.de\/newsroom\/wordpress\/wp-content\/uploads\/2026\/01\/26_01_WiWo_Weltmarktfuehrer_Champion2026_Sto-71x110.jpg 71w, https:\/\/www.pr-neu.de\/newsroom\/wordpress\/wp-content\/uploads\/2026\/01\/26_01_WiWo_Weltmarktfuehrer_Champion2026_Sto-273x420.jpg 273w, https:\/\/www.pr-neu.de\/newsroom\/wordpress\/wp-content\/uploads\/2026\/01\/26_01_WiWo_Weltmarktfuehrer_Champion2026_Sto-279x430.jpg 279w, https:\/\/www.pr-neu.de\/newsroom\/wordpress\/wp-content\/uploads\/2026\/01\/26_01_WiWo_Weltmarktfuehrer_Champion2026_Sto.jpg 425w\" sizes=\"auto, (max-width: 195px) 100vw, 195px\" \/><\/p>\n<p style=\"text-align: center;\"><em>Siegel der Wirtschaftswoche f\u00fcr den Weltmarktf\u00fchrer WDVS 2026, die Sto SE &amp;Co. KGaA.<\/em><\/p>\n<p style=\"text-align: center;\">Bild: Wirtschaftswoche<\/p>\n<p>&nbsp;<\/p>\n<hr \/>\n<p>Abdruck honorarfrei, Belegexemplar erbeten.<\/p>\n","protected":false},"excerpt":{"rendered":"<p>&nbsp; Zum siebten Mal ist die Sto SE &amp; Co. KGaA Weltmarktf\u00fchrer f\u00fcr W\u00e4rmed\u00e4mm-Verbundsysteme. Auch 2026 tr\u00e4gt das Unternehmen diesen Titel, von der Wirtschaftswoche vergeben. J\u00e4hrlich zeichnet die Wirtschaftswoche \u201eWeltmarktf\u00fchrer\u201c aus \u2013 das sind Mittelst\u00e4ndler, die auf wachstumsstarken Marktfeldern aktiv sind, in Innovation investieren und international agieren. Die weiteren Faktoren sind eine solide Finanzstruktur und [&hellip;]<\/p>\n","protected":false},"author":9,"featured_media":18219,"comment_status":"closed","ping_status":"open","sticky":false,"template":"","format":"standard","meta":{"footnotes":""},"categories":[661,15],"tags":[],"class_list":["post-18218","post","type-post","status-publish","format-standard","has-post-thumbnail","hentry","category-allgemein","category-sto"],"_links":{"self":[{"href":"https:\/\/www.pr-neu.de\/newsroom\/wp-json\/wp\/v2\/posts\/18218","targetHints":{"allow":["GET"]}}],"collection":[{"href":"https:\/\/www.pr-neu.de\/newsroom\/wp-json\/wp\/v2\/posts"}],"about":[{"href":"https:\/\/www.pr-neu.de\/newsroom\/wp-json\/wp\/v2\/types\/post"}],"author":[{"embeddable":true,"href":"https:\/\/www.pr-neu.de\/newsroom\/wp-json\/wp\/v2\/users\/9"}],"replies":[{"embeddable":true,"href":"https:\/\/www.pr-neu.de\/newsroom\/wp-json\/wp\/v2\/comments?post=18218"}],"version-history":[{"count":2,"href":"https:\/\/www.pr-neu.de\/newsroom\/wp-json\/wp\/v2\/posts\/18218\/revisions"}],"predecessor-version":[{"id":18221,"href":"https:\/\/www.pr-neu.de\/newsroom\/wp-json\/wp\/v2\/posts\/18218\/revisions\/18221"}],"wp:featuredmedia":[{"embeddable":true,"href":"https:\/\/www.pr-neu.de\/newsroom\/wp-json\/wp\/v2\/media\/18219"}],"wp:attachment":[{"href":"https:\/\/www.pr-neu.de\/newsroom\/wp-json\/wp\/v2\/media?parent=18218"}],"wp:term":[{"taxonomy":"category","embeddable":true,"href":"https:\/\/www.pr-neu.de\/newsroom\/wp-json\/wp\/v2\/categories?post=18218"},{"taxonomy":"post_tag","embeddable":true,"href":"https:\/\/www.pr-neu.de\/newsroom\/wp-json\/wp\/v2\/tags?post=18218"}],"curies":[{"name":"wp","href":"https:\/\/api.w.org\/{rel}","templated":true}]}}