{"id":18202,"date":"2026-01-16T10:21:53","date_gmt":"2026-01-16T09:21:53","guid":{"rendered":"https:\/\/www.pr-neu.de\/newsroom\/?p=18202"},"modified":"2026-01-16T10:21:53","modified_gmt":"2026-01-16T09:21:53","slug":"cdu-politiker-besuchen-fassadenspezialist-sto","status":"publish","type":"post","link":"https:\/\/www.pr-neu.de\/newsroom\/cdu-politiker-besuchen-fassadenspezialist-sto\/","title":{"rendered":"CDU-Politiker besuchen Fassadenspezialist Sto"},"content":{"rendered":"<p><strong><br \/>\nSimon Herzog und Tobias Vogt von der CDU in Baden-W\u00fcrttemberg informierten sich bei Sto in St\u00fchlingen \u00fcber die wirtschaftliche Lage und den Erwartungen an die Politik.<\/strong><\/p>\n<p><strong>St\u00fchlingen, 12.01.2026.<\/strong> Der Kandidat der CDU vom Kreisver-band Waldshut f\u00fcr die bevorstehende Landtagswahl in Baden-W\u00fcrttemberg, Simon Herzog, besuchte gemeinsam mit Tobias Vogt MdL, Generalsekret\u00e4r der baden-w\u00fcrttembergischen CDU sowie weiteren CDU-Politikern sowie St\u00fchlingens B\u00fcrgermeister Joachim Burger den Hauptsitz des f\u00fchrenden Herstellers f\u00fcr W\u00e4rmed\u00e4mm-Verbundsystemen Sto in St\u00fchlingen.<\/p>\n<p>Bei einem Rundgang durch die Produktion und in gemeinsamen Gespr\u00e4chen erl\u00e4uterte Sto-Vorstandsvorsitzender Rainer H\u00fcttenberger die Lage: \u201eSto bekennt sich ganz klar zum Standort Deutschland und insbesondere zum hiesigen Firmensitz. Unser Ziel ist es, den Standort weiter auszubauen. Wir planen Investitionen von rund 90 Millionen Euro f\u00fcr einen neuen Forschungs- und Entwicklungscampus allein hier in Baden-W\u00fcrttemberg. Dazu ben\u00f6tigen wir verl\u00e4ssliche politische Entscheidungen f\u00fcr den Bausektor, die es bisher nicht gibt, denn nur so k\u00f6nnen wir effizient unsere Ziele umsetzen und Arbeitspl\u00e4tze langfristig sichern.\u201c<br \/>\nDie Baubranche erlebt seit drei Jahren Einbu\u00dfen bei der Umsetzung von Bauvorhaben und in der Geb\u00e4udesanierung. Laut Sto sind diese auf die gestiegenen Baukosten, die hohe B\u00fcrokratie sowie die Unzuverl\u00e4ssigkeit der politischen Entscheidungen zur\u00fcckzuf\u00fchren. Simon Herzog brachte Verst\u00e4ndnis f\u00fcr die Belange auf: \u201eSto ist ein wichtiges Glied in der Wertsch\u00f6pfungskette und speziell f\u00fcr den Wirtschaftsstandort Baden-W\u00fcrttemberg. Deshalb ist es richtig, dass wir in unserem Regierungsprogramm zur Landtagswahl viele Ma\u00dfnahmen f\u00fcr weniger B\u00fcrokratie, geringere Kosten und mehr Wohnungsbau umsetzen.\u201c Sein Parteikollege Tobias Vogt stimmte ihm zu: \u201eNeben anderen wichtigen Branchen muss auch der Bausektor wieder in Schwung kommen, da wir dringend Wohnraum ben\u00f6tigen. Dar\u00fcber hinaus leisten das energetische Bauen und Sanieren einen wichtigen Beitrag zur Erreichung unserer Klimaziele.\u201c<\/p>\n<p>Am Austausch nahmen auch Sabine Hartmann-M\u00fcller, CDU-Mitglied des Landtags in Baden-W\u00fcrttemberg, Philipp Studinger, CDU-Zweitkandidat der Landtagswahl in Baden-W\u00fcrttemberg vom Kreisverband Waldshut und Bernhard Engel, CDU-Ortsvorsitzender in St\u00fchlingen.<\/p>\n<p>&nbsp;<\/p>\n<hr \/>\n<p>&nbsp;<\/p>\n<p style=\"text-align: center;\"><a href=\"http:\/\/www.pr-neu.de\/newsroom\/wordpress\/wp-content\/uploads\/2026\/01\/26_05_Politik-Besuch_Sto_Farbenproduktion_K.jpg\" target=\"_blank\" rel=\"noopener\"><img loading=\"lazy\" decoding=\"async\" class=\"aligncenter wp-image-18203 size-medium\" src=\"http:\/\/www.pr-neu.de\/newsroom\/wordpress\/wp-content\/uploads\/2026\/01\/26_05_Politik-Besuch_Sto_Farbenproduktion_K-300x225.jpg\" alt=\"\" width=\"300\" height=\"225\" srcset=\"https:\/\/www.pr-neu.de\/newsroom\/wordpress\/wp-content\/uploads\/2026\/01\/26_05_Politik-Besuch_Sto_Farbenproduktion_K-300x225.jpg 300w, https:\/\/www.pr-neu.de\/newsroom\/wordpress\/wp-content\/uploads\/2026\/01\/26_05_Politik-Besuch_Sto_Farbenproduktion_K-1024x768.jpg 1024w, https:\/\/www.pr-neu.de\/newsroom\/wordpress\/wp-content\/uploads\/2026\/01\/26_05_Politik-Besuch_Sto_Farbenproduktion_K-768x576.jpg 768w, https:\/\/www.pr-neu.de\/newsroom\/wordpress\/wp-content\/uploads\/2026\/01\/26_05_Politik-Besuch_Sto_Farbenproduktion_K-1536x1152.jpg 1536w, https:\/\/www.pr-neu.de\/newsroom\/wordpress\/wp-content\/uploads\/2026\/01\/26_05_Politik-Besuch_Sto_Farbenproduktion_K-2048x1536.jpg 2048w, https:\/\/www.pr-neu.de\/newsroom\/wordpress\/wp-content\/uploads\/2026\/01\/26_05_Politik-Besuch_Sto_Farbenproduktion_K-110x83.jpg 110w, https:\/\/www.pr-neu.de\/newsroom\/wordpress\/wp-content\/uploads\/2026\/01\/26_05_Politik-Besuch_Sto_Farbenproduktion_K-420x315.jpg 420w, https:\/\/www.pr-neu.de\/newsroom\/wordpress\/wp-content\/uploads\/2026\/01\/26_05_Politik-Besuch_Sto_Farbenproduktion_K-573x430.jpg 573w\" sizes=\"auto, (max-width: 300px) 100vw, 300px\" \/><\/a><\/p>\n<p style=\"text-align: center;\">Rainer H\u00fcttenberger, Joachim Burger, Michele Nanavecchia, Sabine Hartmann-M\u00fcller, Tobias Vogt, Barbara Meister, Simon Herzog und Bernhard Engel beim Rundgang durch die Farbenproduktion. (v.re.)<\/p>\n<p>&nbsp;<\/p>\n<p style=\"text-align: center;\"><a href=\"http:\/\/www.pr-neu.de\/newsroom\/wordpress\/wp-content\/uploads\/2026\/01\/26_05_Politik-Besuch_Sto_Produktionsverfahren_K.jpg\" target=\"_blank\" rel=\"noopener\"><img loading=\"lazy\" decoding=\"async\" class=\"aligncenter wp-image-18204 size-medium\" src=\"http:\/\/www.pr-neu.de\/newsroom\/wordpress\/wp-content\/uploads\/2026\/01\/26_05_Politik-Besuch_Sto_Produktionsverfahren_K-225x300.jpg\" alt=\"\" width=\"225\" height=\"300\" srcset=\"https:\/\/www.pr-neu.de\/newsroom\/wordpress\/wp-content\/uploads\/2026\/01\/26_05_Politik-Besuch_Sto_Produktionsverfahren_K-225x300.jpg 225w, https:\/\/www.pr-neu.de\/newsroom\/wordpress\/wp-content\/uploads\/2026\/01\/26_05_Politik-Besuch_Sto_Produktionsverfahren_K-768x1024.jpg 768w, https:\/\/www.pr-neu.de\/newsroom\/wordpress\/wp-content\/uploads\/2026\/01\/26_05_Politik-Besuch_Sto_Produktionsverfahren_K-1152x1536.jpg 1152w, https:\/\/www.pr-neu.de\/newsroom\/wordpress\/wp-content\/uploads\/2026\/01\/26_05_Politik-Besuch_Sto_Produktionsverfahren_K-1536x2048.jpg 1536w, https:\/\/www.pr-neu.de\/newsroom\/wordpress\/wp-content\/uploads\/2026\/01\/26_05_Politik-Besuch_Sto_Produktionsverfahren_K-83x110.jpg 83w, https:\/\/www.pr-neu.de\/newsroom\/wordpress\/wp-content\/uploads\/2026\/01\/26_05_Politik-Besuch_Sto_Produktionsverfahren_K-315x420.jpg 315w, https:\/\/www.pr-neu.de\/newsroom\/wordpress\/wp-content\/uploads\/2026\/01\/26_05_Politik-Besuch_Sto_Produktionsverfahren_K-323x430.jpg 323w, https:\/\/www.pr-neu.de\/newsroom\/wordpress\/wp-content\/uploads\/2026\/01\/26_05_Politik-Besuch_Sto_Produktionsverfahren_K.jpg 1800w\" sizes=\"auto, (max-width: 225px) 100vw, 225px\" \/><\/a><\/p>\n<p style=\"text-align: center;\">Sto-Vorstandsvorsitzender Rainer H\u00fcttenberger (re.) erl\u00e4utert dem baden-w\u00fcrttembergischen Staatssekret\u00e4r der CDU Tobias Vogt die Produktionsverfahren.<\/p>\n<p>&nbsp;<\/p>\n<hr \/>\n<p>Abdruck honorarfrei, Belegexemplar erbeten.<\/p>\n","protected":false},"excerpt":{"rendered":"<p>Simon Herzog und Tobias Vogt von der CDU in Baden-W\u00fcrttemberg informierten sich bei Sto in St\u00fchlingen \u00fcber die wirtschaftliche Lage und den Erwartungen an die Politik. St\u00fchlingen, 12.01.2026. Der Kandidat der CDU vom Kreisver-band Waldshut f\u00fcr die bevorstehende Landtagswahl in Baden-W\u00fcrttemberg, Simon Herzog, besuchte gemeinsam mit Tobias Vogt MdL, Generalsekret\u00e4r der baden-w\u00fcrttembergischen CDU sowie weiteren [&hellip;]<\/p>\n","protected":false},"author":9,"featured_media":18203,"comment_status":"closed","ping_status":"open","sticky":false,"template":"","format":"standard","meta":{"footnotes":""},"categories":[661,15],"tags":[],"class_list":["post-18202","post","type-post","status-publish","format-standard","has-post-thumbnail","hentry","category-allgemein","category-sto"],"_links":{"self":[{"href":"https:\/\/www.pr-neu.de\/newsroom\/wp-json\/wp\/v2\/posts\/18202","targetHints":{"allow":["GET"]}}],"collection":[{"href":"https:\/\/www.pr-neu.de\/newsroom\/wp-json\/wp\/v2\/posts"}],"about":[{"href":"https:\/\/www.pr-neu.de\/newsroom\/wp-json\/wp\/v2\/types\/post"}],"author":[{"embeddable":true,"href":"https:\/\/www.pr-neu.de\/newsroom\/wp-json\/wp\/v2\/users\/9"}],"replies":[{"embeddable":true,"href":"https:\/\/www.pr-neu.de\/newsroom\/wp-json\/wp\/v2\/comments?post=18202"}],"version-history":[{"count":1,"href":"https:\/\/www.pr-neu.de\/newsroom\/wp-json\/wp\/v2\/posts\/18202\/revisions"}],"predecessor-version":[{"id":18205,"href":"https:\/\/www.pr-neu.de\/newsroom\/wp-json\/wp\/v2\/posts\/18202\/revisions\/18205"}],"wp:featuredmedia":[{"embeddable":true,"href":"https:\/\/www.pr-neu.de\/newsroom\/wp-json\/wp\/v2\/media\/18203"}],"wp:attachment":[{"href":"https:\/\/www.pr-neu.de\/newsroom\/wp-json\/wp\/v2\/media?parent=18202"}],"wp:term":[{"taxonomy":"category","embeddable":true,"href":"https:\/\/www.pr-neu.de\/newsroom\/wp-json\/wp\/v2\/categories?post=18202"},{"taxonomy":"post_tag","embeddable":true,"href":"https:\/\/www.pr-neu.de\/newsroom\/wp-json\/wp\/v2\/tags?post=18202"}],"curies":[{"name":"wp","href":"https:\/\/api.w.org\/{rel}","templated":true}]}}