{"id":18195,"date":"2026-01-16T10:07:25","date_gmt":"2026-01-16T09:07:25","guid":{"rendered":"https:\/\/www.pr-neu.de\/newsroom\/?p=18195"},"modified":"2026-01-16T10:22:14","modified_gmt":"2026-01-16T09:22:14","slug":"oezdemir-besucht-sto","status":"publish","type":"post","link":"https:\/\/www.pr-neu.de\/newsroom\/oezdemir-besucht-sto\/","title":{"rendered":"\u00d6zdemir besucht Sto"},"content":{"rendered":"<p><strong><br \/>\nDer Spitzenkandidat der Gr\u00fcnen in Baden-W\u00fcrttemberg, Cem \u00d6zdemir, hat sich gemeinsam mit Niklas N\u00fcssle (MdL, Gr\u00fcne) mit Vorst\u00e4nden und Mitarbeitenden der StoGroup in St\u00fchlingen ausgetauscht. Im Mittelpunkt standen die aktuelle wirtschaftliche Lage und die politischen Rahmenbedingungen f\u00fcr die Bauindustrie.<\/strong><\/p>\n<p><strong>St\u00fchlingen, 08.01.2026.<\/strong> Um sich ein umfassendes Bild von der Situation der Bauwirtschaft zu machen, besuchte Cem \u00d6zdemir, gr\u00fcner Ministerpr\u00e4sident-Kandidat in Baden-W\u00fcrttemberg, die Sto-Gruppe an ihrem Stammsitz in St\u00fchlingen.<\/p>\n<p>Sto ist Weltmarktf\u00fchrer f\u00fcr W\u00e4rmed\u00e4mm-Verbundsysteme und besch\u00e4ftigt weltweit rund 5.600 Mitarbeitende. Im Gespr\u00e4ch mit Vorstandschef Rainer H\u00fcttenberger, Technikvorstand Jost Bendel sowie weiteren Vertreterinnen und Vertretern aus Politik und Belegschaft betonte \u00d6zdemir die Bedeutung des Unternehmens: \u201eSto ist ein starker Arbeitgeber und ein Vorzeigeunternehmen des baden-w\u00fcrttembergischen Mittelstands und Weltmarktf\u00fchrer bei der W\u00e4rmed\u00e4mmung. Sto zeigt, wie Innovation den Bausektor voranbringt und dabei nachhaltige L\u00f6sungen entstehen. Mit einem neuen Baden-W\u00fcrttemberg-Standard will ich das Bauen im Land einfacher, schneller und g\u00fcnstiger machen, damit forschungs- und entwicklungsstarke Unternehmen wie Sto ihre Ideen bestm\u00f6glich umsetzen k\u00f6nnen. Mein voller Fokus liegt darauf, unseren Unternehmen die R\u00fcckendeckung zu geben, die sie brauchen.\u201c<\/p>\n<p>Bei einem Rundgang stellten die Sto-Vorst\u00e4nde Produktsegmente und Innovationen vor. Im Fokus standen Fassadend\u00e4mmsysteme. Auch Niklas N\u00fcssle (MdL, Gr\u00fcne) zeigte sich erfreut: \u201eDie Firma Sto ist nicht nur ein global sehr erfolgreiches Unternehmen, sondern zeigt mit Projekten wie dem geplanten Innovationscampus auch seine regionale Verwurzelung. Es liegt jetzt an uns, die politischen Weichen so zu stellen, dass dieses Projekt erfolgreich umgesetzt werden kann.\u201c<\/p>\n<p>In weiteren Gespr\u00e4chen gaben die Vorst\u00e4nde Einblicke in die wirtschaftliche Situation des Unternehmens und \u00e4u\u00dferten sich kritisch zu den baupolitischen Entscheidungen der Bundesregierung. \u201eWir befinden uns seit nunmehr drei Jahren in einem Abschwung mit sp\u00fcrbaren Umsatzr\u00fcckg\u00e4ngen. Geplante Inve-stitionen halten wir bewusst zur\u00fcck, da uns angesichts sehr volatiler politischer Entscheidungen die notwendige Planungssicherheit fehlt. Auch die aktuelle Bundesregierung hat bislang keine grundlegenden und richtungsweisenden Vorgaben geschaffen, an denen wir uns orientieren k\u00f6nnen. Hinzu kommt der j\u00fcngste Vorsto\u00df der Bundesl\u00e4nder, die f\u00fcr uns wichtige Umsetzung der EU-Geb\u00e4udeeffizienzrichtline zu verschieben und inhaltlich zu modifizieren. Kurz gesagt: Es fehlt auf allen politischen Ebenen an Planungssicherheit\u201c, erkl\u00e4rte H\u00fcttenberger. Zudem seien die Klimaziele der Bundesregierung ohne substanzielle Investitionen im Bausektor, insbesondere in der energetischen Geb\u00e4udesanierung, nicht zu erreichen. Investoren seien auf verl\u00e4ssliche Rahmenbedingungen und unterst\u00fctzende F\u00f6rderprogramme angewiesen.<\/p>\n<p>Am Besuch nahmen auch St\u00fchlingens B\u00fcrgermeister Joachim Burger, Anna-Katharina Chavier und Bernd Wallaschek, beide vom Kreisvorstand B\u00fcndnis 90\/Die Gr\u00fcnen Waldshut, Heiner R\u00f6hr, Leiter Vertrieb Deutschland bei Sto und Sto-Betriebsratsvorsitzende Barbara Meister teil.<\/p>\n<p>&nbsp;<\/p>\n<hr \/>\n<p>&nbsp;<\/p>\n<p style=\"text-align: center;\"><a href=\"http:\/\/www.pr-neu.de\/newsroom\/wordpress\/wp-content\/uploads\/2026\/01\/26_02_Oezdemir_bei_Sto_01_K.jpg\" target=\"_blank\" rel=\"noopener\"><img loading=\"lazy\" decoding=\"async\" class=\"aligncenter wp-image-18196 size-medium\" src=\"http:\/\/www.pr-neu.de\/newsroom\/wordpress\/wp-content\/uploads\/2026\/01\/26_02_Oezdemir_bei_Sto_01_K-225x300.jpg\" alt=\"\" width=\"225\" height=\"300\" srcset=\"https:\/\/www.pr-neu.de\/newsroom\/wordpress\/wp-content\/uploads\/2026\/01\/26_02_Oezdemir_bei_Sto_01_K-225x300.jpg 225w, https:\/\/www.pr-neu.de\/newsroom\/wordpress\/wp-content\/uploads\/2026\/01\/26_02_Oezdemir_bei_Sto_01_K-768x1024.jpg 768w, https:\/\/www.pr-neu.de\/newsroom\/wordpress\/wp-content\/uploads\/2026\/01\/26_02_Oezdemir_bei_Sto_01_K-1152x1536.jpg 1152w, https:\/\/www.pr-neu.de\/newsroom\/wordpress\/wp-content\/uploads\/2026\/01\/26_02_Oezdemir_bei_Sto_01_K-1536x2048.jpg 1536w, https:\/\/www.pr-neu.de\/newsroom\/wordpress\/wp-content\/uploads\/2026\/01\/26_02_Oezdemir_bei_Sto_01_K-83x110.jpg 83w, https:\/\/www.pr-neu.de\/newsroom\/wordpress\/wp-content\/uploads\/2026\/01\/26_02_Oezdemir_bei_Sto_01_K-315x420.jpg 315w, https:\/\/www.pr-neu.de\/newsroom\/wordpress\/wp-content\/uploads\/2026\/01\/26_02_Oezdemir_bei_Sto_01_K-323x430.jpg 323w, https:\/\/www.pr-neu.de\/newsroom\/wordpress\/wp-content\/uploads\/2026\/01\/26_02_Oezdemir_bei_Sto_01_K.jpg 1800w\" sizes=\"auto, (max-width: 225px) 100vw, 225px\" \/><\/a><\/p>\n<p style=\"text-align: center;\"><em>Sto-Vorstandsvorsitzender Rainer H\u00fcttenberger f\u00fchrte Cem \u00d6zdemir durch die Produktionsanlagen in St\u00fchlingen.<\/em><\/p>\n<p>&nbsp;<\/p>\n<p><a href=\"http:\/\/www.pr-neu.de\/newsroom\/wordpress\/wp-content\/uploads\/2026\/01\/26_02_Oezdemir_bei_Sto_02_K.jpg\" target=\"_blank\" rel=\"noopener\"><img loading=\"lazy\" decoding=\"async\" class=\"aligncenter wp-image-18197 size-medium\" src=\"http:\/\/www.pr-neu.de\/newsroom\/wordpress\/wp-content\/uploads\/2026\/01\/26_02_Oezdemir_bei_Sto_02_K-225x300.jpg\" alt=\"\" width=\"225\" height=\"300\" srcset=\"https:\/\/www.pr-neu.de\/newsroom\/wordpress\/wp-content\/uploads\/2026\/01\/26_02_Oezdemir_bei_Sto_02_K-225x300.jpg 225w, https:\/\/www.pr-neu.de\/newsroom\/wordpress\/wp-content\/uploads\/2026\/01\/26_02_Oezdemir_bei_Sto_02_K-768x1024.jpg 768w, https:\/\/www.pr-neu.de\/newsroom\/wordpress\/wp-content\/uploads\/2026\/01\/26_02_Oezdemir_bei_Sto_02_K-1152x1536.jpg 1152w, https:\/\/www.pr-neu.de\/newsroom\/wordpress\/wp-content\/uploads\/2026\/01\/26_02_Oezdemir_bei_Sto_02_K-1536x2048.jpg 1536w, https:\/\/www.pr-neu.de\/newsroom\/wordpress\/wp-content\/uploads\/2026\/01\/26_02_Oezdemir_bei_Sto_02_K-83x110.jpg 83w, https:\/\/www.pr-neu.de\/newsroom\/wordpress\/wp-content\/uploads\/2026\/01\/26_02_Oezdemir_bei_Sto_02_K-315x420.jpg 315w, https:\/\/www.pr-neu.de\/newsroom\/wordpress\/wp-content\/uploads\/2026\/01\/26_02_Oezdemir_bei_Sto_02_K-323x430.jpg 323w, https:\/\/www.pr-neu.de\/newsroom\/wordpress\/wp-content\/uploads\/2026\/01\/26_02_Oezdemir_bei_Sto_02_K.jpg 1800w\" sizes=\"auto, (max-width: 225px) 100vw, 225px\" \/><\/a><\/p>\n<p style=\"text-align: center;\"><em>Heiner R\u00f6hr, Leiter Sto Deutschland (v.l.), Niklas N\u00fcssle und Cem \u00d6zdemir von B\u00fcndnis 90 \/ Die Gr\u00fcnen, Rainer H\u00fctten-berger, Sto-Vorstands-vorsitzender und Jost Bendel, Sto-Technikvorstand, diskutieren \u00fcber verschiedene D\u00e4mmstoffe f\u00fcr Geb\u00e4ude.<\/em><\/p>\n<p>&nbsp;<\/p>\n<p><a href=\"http:\/\/www.pr-neu.de\/newsroom\/wordpress\/wp-content\/uploads\/2026\/01\/26_02_Oezdemir_bei_Sto_03_K.jpg\" target=\"_blank\" rel=\"noopener\"><img loading=\"lazy\" decoding=\"async\" class=\"aligncenter wp-image-18199 size-medium\" src=\"http:\/\/www.pr-neu.de\/newsroom\/wordpress\/wp-content\/uploads\/2026\/01\/26_02_Oezdemir_bei_Sto_03_K-225x300.jpg\" alt=\"\" width=\"225\" height=\"300\" srcset=\"https:\/\/www.pr-neu.de\/newsroom\/wordpress\/wp-content\/uploads\/2026\/01\/26_02_Oezdemir_bei_Sto_03_K-225x300.jpg 225w, https:\/\/www.pr-neu.de\/newsroom\/wordpress\/wp-content\/uploads\/2026\/01\/26_02_Oezdemir_bei_Sto_03_K-768x1024.jpg 768w, https:\/\/www.pr-neu.de\/newsroom\/wordpress\/wp-content\/uploads\/2026\/01\/26_02_Oezdemir_bei_Sto_03_K-1152x1536.jpg 1152w, https:\/\/www.pr-neu.de\/newsroom\/wordpress\/wp-content\/uploads\/2026\/01\/26_02_Oezdemir_bei_Sto_03_K-1536x2048.jpg 1536w, https:\/\/www.pr-neu.de\/newsroom\/wordpress\/wp-content\/uploads\/2026\/01\/26_02_Oezdemir_bei_Sto_03_K-83x110.jpg 83w, https:\/\/www.pr-neu.de\/newsroom\/wordpress\/wp-content\/uploads\/2026\/01\/26_02_Oezdemir_bei_Sto_03_K-315x420.jpg 315w, https:\/\/www.pr-neu.de\/newsroom\/wordpress\/wp-content\/uploads\/2026\/01\/26_02_Oezdemir_bei_Sto_03_K-323x430.jpg 323w, https:\/\/www.pr-neu.de\/newsroom\/wordpress\/wp-content\/uploads\/2026\/01\/26_02_Oezdemir_bei_Sto_03_K.jpg 1800w\" sizes=\"auto, (max-width: 225px) 100vw, 225px\" \/><\/a><\/p>\n<p style=\"text-align: center;\"><em>Heiner R\u00f6hr, Leiter Sto Deutschland (v.l.), Niklas N\u00fcssle und Cem \u00d6zdemir von B\u00fcndnis 90 \/ Die Gr\u00fcnen, Rainer H\u00fctten-berger, Sto-Vorstands-vorsitzender und Jost Bendel, Sto-Technikvorstand, diskutieren \u00fcber verschiedene D\u00e4mmstoffe f\u00fcr Geb\u00e4ude.<\/em><\/p>\n<p style=\"text-align: center;\">Bilder: Sto SE &amp; Co. KGaA<\/p>\n<p>&nbsp;<\/p>\n<hr \/>\n<p>Abdruck honorarfrei, Belegexemplar erbeten.<\/p>\n","protected":false},"excerpt":{"rendered":"<p>Der Spitzenkandidat der Gr\u00fcnen in Baden-W\u00fcrttemberg, Cem \u00d6zdemir, hat sich gemeinsam mit Niklas N\u00fcssle (MdL, Gr\u00fcne) mit Vorst\u00e4nden und Mitarbeitenden der StoGroup in St\u00fchlingen ausgetauscht. Im Mittelpunkt standen die aktuelle wirtschaftliche Lage und die politischen Rahmenbedingungen f\u00fcr die Bauindustrie. St\u00fchlingen, 08.01.2026. Um sich ein umfassendes Bild von der Situation der Bauwirtschaft zu machen, besuchte Cem [&hellip;]<\/p>\n","protected":false},"author":9,"featured_media":18196,"comment_status":"closed","ping_status":"open","sticky":false,"template":"","format":"standard","meta":{"footnotes":""},"categories":[661,15],"tags":[],"class_list":["post-18195","post","type-post","status-publish","format-standard","has-post-thumbnail","hentry","category-allgemein","category-sto"],"_links":{"self":[{"href":"https:\/\/www.pr-neu.de\/newsroom\/wp-json\/wp\/v2\/posts\/18195","targetHints":{"allow":["GET"]}}],"collection":[{"href":"https:\/\/www.pr-neu.de\/newsroom\/wp-json\/wp\/v2\/posts"}],"about":[{"href":"https:\/\/www.pr-neu.de\/newsroom\/wp-json\/wp\/v2\/types\/post"}],"author":[{"embeddable":true,"href":"https:\/\/www.pr-neu.de\/newsroom\/wp-json\/wp\/v2\/users\/9"}],"replies":[{"embeddable":true,"href":"https:\/\/www.pr-neu.de\/newsroom\/wp-json\/wp\/v2\/comments?post=18195"}],"version-history":[{"count":4,"href":"https:\/\/www.pr-neu.de\/newsroom\/wp-json\/wp\/v2\/posts\/18195\/revisions"}],"predecessor-version":[{"id":18206,"href":"https:\/\/www.pr-neu.de\/newsroom\/wp-json\/wp\/v2\/posts\/18195\/revisions\/18206"}],"wp:featuredmedia":[{"embeddable":true,"href":"https:\/\/www.pr-neu.de\/newsroom\/wp-json\/wp\/v2\/media\/18196"}],"wp:attachment":[{"href":"https:\/\/www.pr-neu.de\/newsroom\/wp-json\/wp\/v2\/media?parent=18195"}],"wp:term":[{"taxonomy":"category","embeddable":true,"href":"https:\/\/www.pr-neu.de\/newsroom\/wp-json\/wp\/v2\/categories?post=18195"},{"taxonomy":"post_tag","embeddable":true,"href":"https:\/\/www.pr-neu.de\/newsroom\/wp-json\/wp\/v2\/tags?post=18195"}],"curies":[{"name":"wp","href":"https:\/\/api.w.org\/{rel}","templated":true}]}}